{"id":21765,"date":"2025-06-18T01:16:08","date_gmt":"2025-06-18T01:16:08","guid":{"rendered":"https:\/\/fmamiga909.com.ar\/?p=21765"},"modified":"2025-06-18T01:16:08","modified_gmt":"2025-06-18T01:16:08","slug":"el-deporte-se-movilizo-en-apoyo-a-cristina-fernandez","status":"publish","type":"post","link":"https:\/\/fmamiga909.com.ar\/?p=21765","title":{"rendered":"El deporte se moviliz\u00f3 en apoyo a Cristina Fern\u00e1ndez\u00a0"},"content":{"rendered":"<div><!-- Body --><\/p>\n<p>Dirigentes, deportistas y referentes de distintas disciplinas se manifestaron en rechazo al fallo de la Corte Suprema y respaldaron a la ex presidenta. Una importante delegaci\u00f3n se moviliz\u00f3 este martes al domicilio de Cristina Fern\u00e1ndez de Kirchner, para expresarle su apoyo y rechazar en\u00e9rgicamente el accionar de la Justicia, que con su decisi\u00f3n pretende proscribir a la principal l\u00edder del movimiento nacional y popular.<\/p>\n<p>Con la consigna \u00abEl Deporte con Cristina\u00bb, se\u00f1alaron que la medida de la Corte es \u00abun ataque a la democracia, al pueblo argentino y al peronismo en particular\u00bb, y que con ella \u00abse busca quitarle al pueblo argentino el derecho a elegir libremente a su m\u00e1xima referente\u00bb.<\/p>\n<p>El colectivo ya se hab\u00eda expresado en otras oportunidades, con actividades frente a los Tribunales y en distintos actos p\u00fablicos. Esta vez, la manifestaci\u00f3n se hizo sentir en el barrio de Montserrat, con una fuerte presencia frente al domicilio de la dos veces presidenta.<\/p>\n<p>Entre los y las presentes estuvieron Claudio Morresi, Emiliano Ojea, Laura Martinel, Jos\u00e9 Vittorio, M\u00f3nica Santino, Nicol\u00e1s Mellino, Pablo Saieg, Tatiana Alonso Camos, Marcelo Ch\u00e1mes, Leandro Rachid, Jon Uriarte, Taty Bruno, Javier Vicente, Lucas Mej\u00eda, adem\u00e1s de numerosos referentes de espacios pol\u00edticos, dirigentes deportivos, militantes y actores del deporte argentino.<\/p>\n<p>\u00abEl Deporte con Cristina\u00bb reafirma su compromiso con la democracia, la participaci\u00f3n pol\u00edtica y el legado de pol\u00edticas p\u00fablicas que pusieron al deporte argentino en el lugar que merece. \u00abNo vamos a permitir que nos quiten el derecho a elegir. Cristina es el proyecto, y desde el deporte lo vamos a defender en las calles, en los clubes y en cada rinc\u00f3n del pa\u00eds\u00bb, expresaron.<\/p>\n<p><!-- Live Blog Post --><\/div>\n<p><a href=\"https:\/\/www.pagina12.com.ar\/834962-el-deporte-se-movilizo-en-apoyo-a-cristina-fernandez\">source<\/a><\/p>\n","protected":false},"excerpt":{"rendered":"<p>Dirigentes, deportistas y referentes de distintas disciplinas se manifestaron en rechazo al fallo de la&#8230;<\/p>\n","protected":false},"author":3,"featured_media":21766,"comment_status":"closed","ping_status":"closed","sticky":false,"template":"","format":"standard","meta":{"footnotes":""},"categories":[21],"tags":[],"class_list":["post-21765","post","type-post","status-publish","format-standard","has-post-thumbnail","hentry","category-deportes"],"featured_image_urls":{"full":["https:\/\/fmamiga909.com.ar\/wp-content\/uploads\/2025\/06\/wp-header-logo-231.png",960,540,false],"thumbnail":["https:\/\/fmamiga909.com.ar\/wp-content\/uploads\/2025\/06\/wp-header-logo-231-150x150.png",150,150,true],"medium":["https:\/\/fmamiga909.com.ar\/wp-content\/uploads\/2025\/06\/wp-header-logo-231-300x169.png",300,169,true],"medium_large":["https:\/\/fmamiga909.com.ar\/wp-content\/uploads\/2025\/06\/wp-header-logo-231.png",960,540,false],"large":["https:\/\/fmamiga909.com.ar\/wp-content\/uploads\/2025\/06\/wp-header-logo-231.png",640,360,false],"1536x1536":["https:\/\/fmamiga909.com.ar\/wp-content\/uploads\/2025\/06\/wp-header-logo-231.png",960,540,false],"2048x2048":["https:\/\/fmamiga909.com.ar\/wp-content\/uploads\/2025\/06\/wp-header-logo-231.png",960,540,false],"newsium-slider-full":["https:\/\/fmamiga909.com.ar\/wp-content\/uploads\/2025\/06\/wp-header-logo-231.png",960,540,false],"newsium-featured":["https:\/\/fmamiga909.com.ar\/wp-content\/uploads\/2025\/06\/wp-header-logo-231.png",960,540,false],"newsium-medium":["https:\/\/fmamiga909.com.ar\/wp-content\/uploads\/2025\/06\/wp-header-logo-231-720x475.png",720,475,true]},"author_info":{"display_name":"Fredy Giuliano","author_link":"https:\/\/fmamiga909.com.ar\/?author=3"},"category_info":"<a href=\"https:\/\/fmamiga909.com.ar\/?cat=21\" rel=\"category\">Deportes<\/a>","tag_info":"Deportes","comment_count":"0","_links":{"self":[{"href":"https:\/\/fmamiga909.com.ar\/index.php?rest_route=\/wp\/v2\/posts\/21765","targetHints":{"allow":["GET"]}}],"collection":[{"href":"https:\/\/fmamiga909.com.ar\/index.php?rest_route=\/wp\/v2\/posts"}],"about":[{"href":"https:\/\/fmamiga909.com.ar\/index.php?rest_route=\/wp\/v2\/types\/post"}],"author":[{"embeddable":true,"href":"https:\/\/fmamiga909.com.ar\/index.php?rest_route=\/wp\/v2\/users\/3"}],"replies":[{"embeddable":true,"href":"https:\/\/fmamiga909.com.ar\/index.php?rest_route=%2Fwp%2Fv2%2Fcomments&post=21765"}],"version-history":[{"count":0,"href":"https:\/\/fmamiga909.com.ar\/index.php?rest_route=\/wp\/v2\/posts\/21765\/revisions"}],"wp:featuredmedia":[{"embeddable":true,"href":"https:\/\/fmamiga909.com.ar\/index.php?rest_route=\/wp\/v2\/media\/21766"}],"wp:attachment":[{"href":"https:\/\/fmamiga909.com.ar\/index.php?rest_route=%2Fwp%2Fv2%2Fmedia&parent=21765"}],"wp:term":[{"taxonomy":"category","embeddable":true,"href":"https:\/\/fmamiga909.com.ar\/index.php?rest_route=%2Fwp%2Fv2%2Fcategories&post=21765"},{"taxonomy":"post_tag","embeddable":true,"href":"https:\/\/fmamiga909.com.ar\/index.php?rest_route=%2Fwp%2Fv2%2Ftags&post=21765"}],"curies":[{"name":"wp","href":"https:\/\/api.w.org\/{rel}","templated":true}]}}