{"id":21801,"date":"2025-06-19T22:17:50","date_gmt":"2025-06-19T22:17:50","guid":{"rendered":"https:\/\/fmamiga909.com.ar\/?p=21801"},"modified":"2025-06-19T22:17:50","modified_gmt":"2025-06-19T22:17:50","slug":"copa-libertadores-libertad-gestiona-cambio-de-sede-para-recibir-a-river","status":"publish","type":"post","link":"https:\/\/fmamiga909.com.ar\/?p=21801","title":{"rendered":"Copa Libertadores: Libertad gestiona cambio de sede para recibir a River"},"content":{"rendered":"<div><!-- Body --><\/p>\n<p>Mientras River contin\u00faa su camino en el Mundial de Clubes en Estados Unidos, en Paraguay comenzaron a moverse las piezas pensando en el duelo por los octavos de final de la Copa Libertadores. <\/p>\n<p>Libertad, el rival del Millonario en dicha instancia, inici\u00f3 gestiones ante la Conmebol para mudar su local\u00eda del Estadio Defensores del Chaco a su cancha propia, el Estadio La Huerta, donde habitualmente disputa sus partidos del torneo local.<\/p>\n<p>El club paraguayo, recientemente consagrado campe\u00f3n de su liga, busca aprovechar la cercan\u00eda, la comodidad y el ambiente de su reducto habitual para intentar sacar ventaja frente al equipo de N\u00fa\u00f1ez. <\/p>\n<p>Aunque el Defensores del Chaco tiene mayor capacidad y es el estadio donde juega la selecci\u00f3n de Paraguay, desde Libertad consideran que pueden hacerse m\u00e1s fuertes en su casa, un estadio con capacidad para 15.000 personas, en el que la Conmebol invirti\u00f3 recientemente en reformas estructurales.<\/p>\n<p>Desde la dirigencia del club ya elevaron el pedido formal, y ahora la pelota est\u00e1 del lado de la Confederaci\u00f3n Sudamericana. De aprobarse, la modificaci\u00f3n se har\u00eda efectiva siempre y cuando se cumpla con el reglamento, que permite cambios de sede hasta diez d\u00edas antes del partido, previsto para el 14 de agosto. <\/p>\n<p>El detalle no menor es que River contar\u00eda con apenas 2.000 entradas para sus hinchas, una cifra considerablemente menor a la habitual en este tipo de encuentros.<\/p>\n<p>Cabe destacar que La Huerta fue reinaugurada este a\u00f1o con un evento en el que particip\u00f3 el presidente de la Conmebol, Alejandro Dom\u00ednguez, junto a autoridades del f\u00fatbol paraguayo y del propio Libertad.<\/p>\n<p><!-- Live Blog Post --><\/div>\n<p><a href=\"https:\/\/www.pagina12.com.ar\/835545-copa-libertadores-libertad-gestiona-cambio-de-sede-para-reci\">source<\/a><\/p>\n","protected":false},"excerpt":{"rendered":"<p>Mientras River contin\u00faa su camino en el Mundial de Clubes en Estados Unidos, en Paraguay&#8230;<\/p>\n","protected":false},"author":3,"featured_media":21802,"comment_status":"closed","ping_status":"closed","sticky":false,"template":"","format":"standard","meta":{"footnotes":""},"categories":[21],"tags":[],"class_list":["post-21801","post","type-post","status-publish","format-standard","has-post-thumbnail","hentry","category-deportes"],"featured_image_urls":{"full":["https:\/\/fmamiga909.com.ar\/wp-content\/uploads\/2025\/06\/wp-header-logo-246.png",960,540,false],"thumbnail":["https:\/\/fmamiga909.com.ar\/wp-content\/uploads\/2025\/06\/wp-header-logo-246-150x150.png",150,150,true],"medium":["https:\/\/fmamiga909.com.ar\/wp-content\/uploads\/2025\/06\/wp-header-logo-246-300x169.png",300,169,true],"medium_large":["https:\/\/fmamiga909.com.ar\/wp-content\/uploads\/2025\/06\/wp-header-logo-246.png",960,540,false],"large":["https:\/\/fmamiga909.com.ar\/wp-content\/uploads\/2025\/06\/wp-header-logo-246.png",640,360,false],"1536x1536":["https:\/\/fmamiga909.com.ar\/wp-content\/uploads\/2025\/06\/wp-header-logo-246.png",960,540,false],"2048x2048":["https:\/\/fmamiga909.com.ar\/wp-content\/uploads\/2025\/06\/wp-header-logo-246.png",960,540,false],"newsium-slider-full":["https:\/\/fmamiga909.com.ar\/wp-content\/uploads\/2025\/06\/wp-header-logo-246.png",960,540,false],"newsium-featured":["https:\/\/fmamiga909.com.ar\/wp-content\/uploads\/2025\/06\/wp-header-logo-246.png",960,540,false],"newsium-medium":["https:\/\/fmamiga909.com.ar\/wp-content\/uploads\/2025\/06\/wp-header-logo-246-720x475.png",720,475,true]},"author_info":{"display_name":"Fredy Giuliano","author_link":"https:\/\/fmamiga909.com.ar\/?author=3"},"category_info":"<a href=\"https:\/\/fmamiga909.com.ar\/?cat=21\" rel=\"category\">Deportes<\/a>","tag_info":"Deportes","comment_count":"0","_links":{"self":[{"href":"https:\/\/fmamiga909.com.ar\/index.php?rest_route=\/wp\/v2\/posts\/21801","targetHints":{"allow":["GET"]}}],"collection":[{"href":"https:\/\/fmamiga909.com.ar\/index.php?rest_route=\/wp\/v2\/posts"}],"about":[{"href":"https:\/\/fmamiga909.com.ar\/index.php?rest_route=\/wp\/v2\/types\/post"}],"author":[{"embeddable":true,"href":"https:\/\/fmamiga909.com.ar\/index.php?rest_route=\/wp\/v2\/users\/3"}],"replies":[{"embeddable":true,"href":"https:\/\/fmamiga909.com.ar\/index.php?rest_route=%2Fwp%2Fv2%2Fcomments&post=21801"}],"version-history":[{"count":0,"href":"https:\/\/fmamiga909.com.ar\/index.php?rest_route=\/wp\/v2\/posts\/21801\/revisions"}],"wp:featuredmedia":[{"embeddable":true,"href":"https:\/\/fmamiga909.com.ar\/index.php?rest_route=\/wp\/v2\/media\/21802"}],"wp:attachment":[{"href":"https:\/\/fmamiga909.com.ar\/index.php?rest_route=%2Fwp%2Fv2%2Fmedia&parent=21801"}],"wp:term":[{"taxonomy":"category","embeddable":true,"href":"https:\/\/fmamiga909.com.ar\/index.php?rest_route=%2Fwp%2Fv2%2Fcategories&post=21801"},{"taxonomy":"post_tag","embeddable":true,"href":"https:\/\/fmamiga909.com.ar\/index.php?rest_route=%2Fwp%2Fv2%2Ftags&post=21801"}],"curies":[{"name":"wp","href":"https:\/\/api.w.org\/{rel}","templated":true}]}}