{"id":21820,"date":"2025-06-20T16:54:35","date_gmt":"2025-06-20T16:54:35","guid":{"rendered":"https:\/\/fmamiga909.com.ar\/?p=21820"},"modified":"2025-06-20T16:54:35","modified_gmt":"2025-06-20T16:54:35","slug":"tenemos-talento-y-pasion-pero-escasean-volumen-y-estructura","status":"publish","type":"post","link":"https:\/\/fmamiga909.com.ar\/?p=21820","title":{"rendered":"&quot;Tenemos talento y pasi\u00f3n, pero escasean vol\u00famen y estructura&quot;"},"content":{"rendered":"<div><!-- Body --><\/p>\n<p>\u00abTenemos talento y pasi\u00f3n, pero escasean volumen y estructura\u00bb, comenta el exluchador correntino Yuri Maier, m\u00e1ximo medallista argentino en su deporte, quien afirma que el deporte \u00abaparece en discursos, pero rara vez en el presupuesto\u00bb en la agenda pol\u00edtica nacional. \u00abHay islas de excelencia en C\u00f3rdoba, Misiones y Chubut, pero necesitamos unirlas con un programa escolar y universitario. Si logramos que la lucha est\u00e9 presente en 200 escuelas para 2030, el salto cualitativo ser\u00e1 enorme\u00bb, sostienen Maier en este di\u00e1logo con <b>P\u00e1gina\/12<\/b>. Maier, de 33 a\u00f1os, quien logr\u00f3, en diversas categor\u00edas, trece podios en campeonatos panamericanos y la presea de bronce en  los Juegos Panamericanos de Guadalajara, M\u00e9xico, 2011, es el m\u00e1ximo medallista argentino de su deporte en la historia. Oficial de Deporte y Desarrollo de la Federaci\u00f3n Internacional de su deporte, L\u00edder de Educadores del programa Athlete365 Career+ del Comit\u00e9 Ol\u00edmpico Internacional (COI), miembro de la comisi\u00f3n t\u00e9cnica de la Confederaci\u00f3n Panamericana de Lucha, colaborador de la Comisi\u00f3n t\u00e9cnica deportiva del Comit\u00e9 Ol\u00edmpico Argentino (COA); Coordinador T\u00e9cnico Operativo de Lucha del ENARD, Maier se toma muy seriamente su rol como dirigente.<\/p>\n<p><b>\u2013\u00bfQu\u00e9 te impuls\u00f3 a desarrollar tu experiencia deportiva en el \u00e1mbito dirigencial?<\/b><\/p>\n<p>\u2013Durante mi carrera descubr\u00ed que lo que a m\u00ed me hab\u00eda cambiado la vida no era s\u00f3lo el combate sobre el colch\u00f3n, sino el entorno, la estructura que permite que un chico del interior del pa\u00eds llegue a los lugares m\u00e1s rec\u00f3nditos del mundo. Quise cuidar y mejorar ese \u00abandamiaje\u00bb para la pr\u00f3xima generaci\u00f3n. Pasar al plano dirigencial fue la forma m\u00e1s natural de seguir sirviendo al deporte que amo y de multiplicar los beneficios que yo recib\u00ed.<\/p>\n<p><b>\u2013\u00bfEn cu\u00e1nto afecta a la lucha nacional la desfinanciaci\u00f3n que sufri\u00f3 el  Ente Nacional de Alto Rendimiento Deportivo (Enard)?<\/b><\/p>\n<p>\u2013Pega de lleno: menos giras internacionales, menos becas, escasas actividades y\u00a0viajes cada vez m\u00e1s limitados en cuanto a la cantidad de atletas a los que se puede apoyar.<\/p>\n<p><b>\u2013Antes de los Juegos Panamericanos de Santiago 2023, aseguraste que era \u00abmuy dif\u00edcil que Argentina no gane una medalla\u00bb. Gan\u00f3 dos de bronce: Agust\u00edn Destribats  en 65kg estilo libre y Catriel Muriel  en 125kg estilo libre. \u00bfCu\u00e1l es tu an\u00e1lisis y pron\u00f3stico para los pr\u00f3ximos Juegos Panamericanos de Lima?<\/b><\/p>\n<p>\u2013Sostengo que la posibilidad de medalla siempre estuvo: Agust\u00edn Destribats y Catriel Muriel lo demostraron. Para Lima 2027 soy menos optimista: los procesos juveniles y de recambio se est\u00e1n viendo afectados por lo mencionado anteriormente, pero a un luchador argentino nunca hay que menospreciarlo y siempre pueden sorprender. <\/p>\n<p><b>\u2013El cordob\u00e9s Destribats, flamante campe\u00f3n panamericano en M\u00e9xico el mes pasado,  es la m\u00e1xima figura de la lucha nacional. \u00bfC\u00f3mo lo defin\u00eds? <\/b><\/p>\n<p>\u2013Es el mejor luchador argentino de la era moderna: competitivo, inteligente t\u00e1cticamente y con un motor aer\u00f3bico poco com\u00fan. \u00bfEst\u00e1 en la \u00e9lite mundial? Hoy roza ese grupo; le falta alcanzar regularidad en top 8 de Mundiales y sumar una medalla en Serie Ranking para que el c\u00edrculo se cierre. Lo bueno es que, con 28 a\u00f1os, todav\u00eda est\u00e1 a tiempo. \u00bfPero volvemos a lo mismo, contara con el apoyo necesario para eso? <\/p>\n<p><b>\u2013\u00bfC\u00f3mo evalu\u00e1s el estado actual de la lucha nacional  y que proyecci\u00f3n le pronostic\u00e1s?<\/b><\/p>\n<p>\u2013Tenemos talento y pasi\u00f3n, pero escasean volumen y estructura. Hay islas de excelencia en C\u00f3rdoba, Misiones y Chubut, pero necesitamos unirlas con un programa escolar y universitario. Si logramos que la lucha est\u00e9 presente en 200 escuelas para 2030, el salto cualitativo ser\u00e1 enorme.<\/p>\n<p><b>\u2013\u00bfConsider\u00e1s que el deporte est\u00e1 en la agenda pol\u00edtica argentina?<\/b><\/p>\n<p>\u2013Aparece en discursos, pero rara vez en el presupuesto. El deporte es una herramienta de salud p\u00fablica y soft power; hasta que eso no se refleje en leyes y partidas multianuales, seguiremos dependiendo de voluntades coyunturales.<\/p>\n<p><b>\u2013Le\u00ed que trabajas 17 horas por d\u00eda. \u00bfPor qu\u00e9?<\/b><\/p>\n<p>\u2013Porque combino varios husos horarios y responsabilidades. No romantizo el exceso: lo administro con metodolog\u00edas \u00e1giles, microdescansos y un equipo fant\u00e1stico. Y, sobre todo, porque cada proyecto me motiva genuinamente.<\/p>\n<p><b>\u2013\u00bbSoy una afortunado. Trabajo de y en lo que amo. \u00bfCu\u00e1ntos tienen esa fortuna?\u00bb, dijiste hace unos a\u00f1os. Ampli\u00e1 ese concepto, por favor.<\/b><\/p>\n<p>\u2013Lo sostengo. Hay gente brillante obligada a empleos que no la apasionan. Yo me levanto cada d\u00eda sabiendo que mi agenda est\u00e1 alineada con mis valores y mis objetivos. Eso, para m\u00ed, es privilegio puro.<\/p>\n<p><b>\u2013En otros deportes la captaci\u00f3n de talentos se da, especialmente, en los clubes y en las escuelas. La lucha no est\u00e1, como el handball o el voleibol, en los colegios. Eso, \u00bfen cuanto lo perjudica o atrasa del crecimiento de este deporte?<\/b><\/p>\n<p>\u2013Que la lucha no est\u00e9 en el curr\u00edculo escolar nos quita visibilidad y la tan necesitada masa cr\u00edtica de atletas. Cuando llevamos colchonetas a las escuelas, los chicos se entusiasman de inmediato. Necesitamos convenios para insertar la disciplina en la Educaci\u00f3n F\u00edsica y detectar talentos a los 10-12 a\u00f1os, no a los 18 o m\u00e1s, cuando ya es algo tarde para el alto rendimiento.<\/p>\n<p><b>\u2013Adem\u00e1s, en l\u00edneas generales, la dirigencia es voluntaria. \u00bfA tu criterio deber\u00eda profesionalizarse?<\/b><\/p>\n<p>\u2013Definitivamente. El voluntarismo fue esencial para sostener el deporte, pero hoy gestionamos presupuestos, contratos de TV y ciencia aplicada. Eso pide perfiles formados y remunerados, con m\u00e9tricas y responsabilidad administrativa.<\/p>\n<p><b>\u2013\u00bfQu\u00e9 te genera trabajar en tantas organizaciones. \u00bfTe cansa o satura. Algunos de estos cargos son rentados. Viv\u00eds de eso?<\/b><\/p>\n<p> \u2013La agenda es intensa, s\u00ed, pero cada rol est\u00e1 articulado: lo que aprendo en la UWW nutre a Panam Sports y viceversa. Algunos puestos son ad honorem y otros son remunerados. Vivo de un mix: mis honorarios dirigenciales y mi emprendimiento ganadero y de desarrollo gen\u00e9tico bubalino. El cambio de continente constante se vuelve llevadero cuando viaj\u00e1s con un prop\u00f3sito claro\u2026 y un buen par de auriculares.<\/p>\n<p><b>\u2013Hablaste de tu emprendimiento ganadero. Ampli\u00e1 lo de la caba\u00f1a y el laboratorio que creaste en Caa Cat\u00ed, en tu provincia, de dos razas b\u00fafalos de agua, que viste y trajiste de India.<\/b><\/p>\n<p>\u2013Naci\u00f3 de la admiraci\u00f3n que sent\u00ed en India. Hoy es una empresa familiar que da empleo local y diversifica mis ingresos. M\u00e1s all\u00e1 de lo econ\u00f3mico, me conecta con la naturaleza y con mis ra\u00edces correntinas.<\/p>\n<p><b>\u2013Por \u00faltimo, \u00bfte reconoc\u00e9s un workaholic?<\/b><\/p>\n<p>\u2013Me apasiona trabajar, pero cuido que la balanza incluya mi pareja, familia, amigos y un d\u00eda de campo. Si amar lo que hago me convierte en workaholic, acepto la etiqueta\u2026 siempre que no signifique descuidar mi bienestar ni el de los m\u00edos.<\/p>\n<p><!-- Live Blog Post --><\/div>\n<p><a href=\"https:\/\/www.pagina12.com.ar\/835766-tenemos-talento-y-pasion-pero-escasean-volumen-y-estructura\">source<\/a><\/p>\n","protected":false},"excerpt":{"rendered":"<p>\u00abTenemos talento y pasi\u00f3n, pero escasean volumen y estructura\u00bb, comenta el exluchador correntino Yuri Maier,&#8230;<\/p>\n","protected":false},"author":3,"featured_media":21821,"comment_status":"closed","ping_status":"closed","sticky":false,"template":"","format":"standard","meta":{"footnotes":""},"categories":[21],"tags":[],"class_list":["post-21820","post","type-post","status-publish","format-standard","has-post-thumbnail","hentry","category-deportes"],"featured_image_urls":{"full":["https:\/\/fmamiga909.com.ar\/wp-content\/uploads\/2025\/06\/wp-header-logo-254.png",960,540,false],"thumbnail":["https:\/\/fmamiga909.com.ar\/wp-content\/uploads\/2025\/06\/wp-header-logo-254-150x150.png",150,150,true],"medium":["https:\/\/fmamiga909.com.ar\/wp-content\/uploads\/2025\/06\/wp-header-logo-254-300x169.png",300,169,true],"medium_large":["https:\/\/fmamiga909.com.ar\/wp-content\/uploads\/2025\/06\/wp-header-logo-254.png",960,540,false],"large":["https:\/\/fmamiga909.com.ar\/wp-content\/uploads\/2025\/06\/wp-header-logo-254.png",640,360,false],"1536x1536":["https:\/\/fmamiga909.com.ar\/wp-content\/uploads\/2025\/06\/wp-header-logo-254.png",960,540,false],"2048x2048":["https:\/\/fmamiga909.com.ar\/wp-content\/uploads\/2025\/06\/wp-header-logo-254.png",960,540,false],"newsium-slider-full":["https:\/\/fmamiga909.com.ar\/wp-content\/uploads\/2025\/06\/wp-header-logo-254.png",960,540,false],"newsium-featured":["https:\/\/fmamiga909.com.ar\/wp-content\/uploads\/2025\/06\/wp-header-logo-254.png",960,540,false],"newsium-medium":["https:\/\/fmamiga909.com.ar\/wp-content\/uploads\/2025\/06\/wp-header-logo-254-720x475.png",720,475,true]},"author_info":{"display_name":"Fredy Giuliano","author_link":"https:\/\/fmamiga909.com.ar\/?author=3"},"category_info":"<a href=\"https:\/\/fmamiga909.com.ar\/?cat=21\" rel=\"category\">Deportes<\/a>","tag_info":"Deportes","comment_count":"0","_links":{"self":[{"href":"https:\/\/fmamiga909.com.ar\/index.php?rest_route=\/wp\/v2\/posts\/21820","targetHints":{"allow":["GET"]}}],"collection":[{"href":"https:\/\/fmamiga909.com.ar\/index.php?rest_route=\/wp\/v2\/posts"}],"about":[{"href":"https:\/\/fmamiga909.com.ar\/index.php?rest_route=\/wp\/v2\/types\/post"}],"author":[{"embeddable":true,"href":"https:\/\/fmamiga909.com.ar\/index.php?rest_route=\/wp\/v2\/users\/3"}],"replies":[{"embeddable":true,"href":"https:\/\/fmamiga909.com.ar\/index.php?rest_route=%2Fwp%2Fv2%2Fcomments&post=21820"}],"version-history":[{"count":0,"href":"https:\/\/fmamiga909.com.ar\/index.php?rest_route=\/wp\/v2\/posts\/21820\/revisions"}],"wp:featuredmedia":[{"embeddable":true,"href":"https:\/\/fmamiga909.com.ar\/index.php?rest_route=\/wp\/v2\/media\/21821"}],"wp:attachment":[{"href":"https:\/\/fmamiga909.com.ar\/index.php?rest_route=%2Fwp%2Fv2%2Fmedia&parent=21820"}],"wp:term":[{"taxonomy":"category","embeddable":true,"href":"https:\/\/fmamiga909.com.ar\/index.php?rest_route=%2Fwp%2Fv2%2Fcategories&post=21820"},{"taxonomy":"post_tag","embeddable":true,"href":"https:\/\/fmamiga909.com.ar\/index.php?rest_route=%2Fwp%2Fv2%2Ftags&post=21820"}],"curies":[{"name":"wp","href":"https:\/\/api.w.org\/{rel}","templated":true}]}}