{"id":21886,"date":"2025-06-22T21:58:35","date_gmt":"2025-06-22T21:58:35","guid":{"rendered":"https:\/\/fmamiga909.com.ar\/?p=21886"},"modified":"2025-06-22T21:58:35","modified_gmt":"2025-06-22T21:58:35","slug":"turismo-carretera-otto-fritzler-gano-el-duelo-con-canapino","status":"publish","type":"post","link":"https:\/\/fmamiga909.com.ar\/?p=21886","title":{"rendered":"Turismo Carretera: Otto Fritzler gan\u00f3 el duelo con Canapino\u00a0"},"content":{"rendered":"<div><!-- Body --><\/p>\n<p>Tan r\u00e1pido aprenden los chicos de la <i>Generaci\u00f3n Z<\/i>, que en la primera oportunidad repiten lo que el maestro revela. En ocasiones, ese primer intento alcanza para que lo mejoren, como sucedi\u00f3 en la 7ma fecha del<b> Turismo Carretera<\/b> entre <b>Agust\u00edn Canapino<\/b> (Camaro) y <b>Otto Fritzler<\/b> (Camry). Luego de que el tetracampe\u00f3n aplicara una maniobra impecable de sobrepaso, batallando por el mejor lugar, <b>el alumno ejecut\u00f3 una respuesta pulida<\/b>\u00a0para regresar a la cima y quedarse con una carrera alterada por finas gotas de lluvia en Posadas, Misiones.<\/p>\n<p>El joven Otto Fritzler consigui\u00f3 en la tierra colorada\u00a0su segunda victoria dentro del TC, <b>defendiendo y atacando por partes iguales<\/b>, ante un aguerrido Agust\u00edn Canapino. El chico de 22 a\u00f1os, que se consagr\u00f3 campe\u00f3n de TC Pista en el 2022 y lleg\u00f3 a la categor\u00eda mayor en la temporada siguiente, contin\u00faa cumpliendo las promesas que asomaban desde su campa\u00f1a en el karting.<b>\u00a0El TC lo vio ganador en su a\u00f1o debut <\/b>(2023, en Termas de R\u00edo Hondo) y manej\u00f3 diferentes modelos de coches. Tuvo un Ford Falcon y un Dodge GTX antes de llegar a la nueva generaci\u00f3n con el Dodge Challenger y, ahora, el <b>Toyota Camry<\/b>. Pasaron dos a\u00f1os y, por fin, se dio el gusto de repetir un halago que lo sube al d\u00e9cimo lugar del torneo<b> para so\u00f1ar con la Copa de Oro<\/b>.<\/p>\n<div class=\"medium-insert-embeds\">\n<figure>\n<div class=\"medium-insert-embed\">\n<div align=\"center\">\n<figure role=\"group\" class=\"caption caption-drupal-entity\"><figcaption>Fritzler le dio el primer triunfo al equipo Pradecon Racing | Prensa ACTC<\/figcaption><\/figure>\n<\/div><\/div>\n<\/figure>\n<\/div>\n<p>Luego de conseguir el mejor tiempo el s\u00e1bado y tras hacer los deberes en la serie clasificatoria para largar primera, casi se le escapa el triunfo en el final. \u00abCuando me pas\u00f3 Agust\u00edn sent\u00ed que perd\u00eda la carrera\u00bb, dijo el piloto de San Miguel, <b>af\u00f3nico luego de un llanto de desahogo <\/b>en la vuelta de honor.\u00a0<\/p>\n<p>Un despiste oblig\u00f3 a neutralizar la prueba, para que el veh\u00edculo peligrosamente parado pudiera salir de all\u00ed, reanudando la competici\u00f3n con Canapino a la par de Fritzler.<b> El multi campe\u00f3n ejecut\u00f3 un sobrepaso perfecto<\/b> al transitar una delicada curva peraltada por el lado externo, poniendo su Chevrolet delante. Sin embargo, el volante de 35 a\u00f1os no contaba con que otra neutralizaci\u00f3n llegar\u00eda y el ni\u00f1o Otto probar\u00eda hacer lo mismo. Exactamente igual, entre las subidas y bajadas del circuito misionero, la curva en forma de \u00abU\u00bb volvi\u00f3 a dar que hablar y <b>Fritzler jug\u00f3 su carta m\u00e1xima<\/b> para regresar a lo m\u00e1s alto. \u00ab<b>Canapino es un gran piloto y siempre me respet\u00f3, nunca me cerr\u00f3 de m\u00e1s y lo pas\u00e9 muy bien<\/b>\u00ab, resumi\u00f3 el gran ganador del domingo.<\/p>\n<p>Adem\u00e1s de Canapino, el podio lo complet\u00f3<b> Valent\u00edn Aguirre <\/b>(Camaro) tras avanzar sobre<b> Mat\u00edas Rossi<\/b> (Camry) cuando la pista se moj\u00f3 con la lluvia. El de Del Viso cay\u00f3 al 5\u00b0 lugar porque tambi\u00e9n <b>Germ\u00e1n Todino<\/b> (Mustang) gan\u00f3 un puesto en esa maniobra, para ser el 4\u00b0 de la carrera. <b>Facundo Chapur<\/b> (Torino), <b>Santiago Mangoni<\/b> (Camaro), <b>Marcelo Agrelo<\/b> (Camry), <b>Mauricio Lambiris <\/b>(Mustang) y <b>Nicol\u00e1s Bonelli<\/b> (Mustang) completaron las diez primeras posiciones. Gracias al par de mu\u00f1ecas de un joven que entre semana ayuda, como puede, en el negocio familiar (una panader\u00eda en Bella Vista, San Miguel) <b>la marca nipona accede a su primera conquista desde que se renovaron las siluetas<\/b> de los coches. Antes,\u00a0<b>hab\u00eda ganado con otro concepto de auto<\/b>, gracias a Rossi (San Juan 2023) y Esteban Gini (Rafaela 2024).<\/p>\n<h3>Del podio al abandono<\/h3>\n<p>Dos protagonistas que hab\u00edan peleado por el triunfo en C\u00f3rdoba, la carrera anterior, se fueron de Posadas con sabor amargo.<b> Tanto Juli\u00e1n Santero como Mariano Werner\u00a0tuvieron complicaciones<\/b> en sus respectivos Ford Mustang. El mendocino debi\u00f3 abandonar por un <b>inconveniente en la transmisi\u00f3n<\/b>. En tanto, el entrerriano rompi\u00f3 dos motores y se fue con una cosecha pobre: \u00ab<b>Hemos cometido muchos errores en el a\u00f1o<\/b>\u00ab, sostuvo un complicado Werner, ahora 18\u00b0 en la tabla. Cumplidas siete fechas, <b>el uruguayo Lambiris alcanz\u00f3 el 1\u00b0 lugar del campeonato<\/b> con 190 puntos, seguido por Santero (177,5) y Agrelo (172,5). Cay\u00f3 al 4\u00b0 puesto <b>Juan Mart\u00edn Trucco <\/b>(Challenger) acumulando 158 unidades mientras que Canapino lleg\u00f3 a 150,5 puntos y es el nuevo 5\u00b0 del torneo que<b> <\/b>seguir\u00e1 con<b> la 8va fecha del a\u00f1o, el 13 de julio en Concepci\u00f3n del Uruguay, Entre R\u00edos<\/b>.<\/p>\n<h3>\u00bfFlechas de plata en el TC?<\/h3>\n<p>En los \u00faltimos d\u00edas concluy\u00f3 el per\u00edodo de transici\u00f3n empresarial y la firma<em><b> <\/b>Prestige Auto Open Cars<\/em>\u00a0gu\u00eda los destinos de <strong>Mercedes-Benz<\/strong> <b>en Argentina<\/b>. Asumi\u00f3 el cargo de\u00a0<em>Chief Executive Officer<\/em> (CEO)\u00a0<strong>Daniel Herrero<\/strong>,\u00a0quien fuera pieza fundamental en las campa\u00f1as deportivas de Toyota\u00a0en sus 12 a\u00f1os a cargo de la filial. <b>El empresario mostr\u00f3 su inter\u00e9s en que MB pudiera ligarse al ambiente deportivo del TC<\/b>, pero deber\u00eda tener el visto bueno de la comisi\u00f3n directiva de la ACTC para recibir la aprobaci\u00f3n y poder presentar <b>la sexta marca en la categor\u00eda<\/b>.<\/p>\n<p><!-- Live Blog Post --><\/div>\n<p><a href=\"https:\/\/www.pagina12.com.ar\/836269-turismo-carretera-otto-fritzler-gano-el-duelo-con-canapino\">source<\/a><\/p>\n","protected":false},"excerpt":{"rendered":"<p>Tan r\u00e1pido aprenden los chicos de la Generaci\u00f3n Z, que en la primera oportunidad repiten&#8230;<\/p>\n","protected":false},"author":3,"featured_media":21887,"comment_status":"closed","ping_status":"closed","sticky":false,"template":"","format":"standard","meta":{"footnotes":""},"categories":[21],"tags":[],"class_list":["post-21886","post","type-post","status-publish","format-standard","has-post-thumbnail","hentry","category-deportes"],"featured_image_urls":{"full":["https:\/\/fmamiga909.com.ar\/wp-content\/uploads\/2025\/06\/wp-header-logo-287.png",960,540,false],"thumbnail":["https:\/\/fmamiga909.com.ar\/wp-content\/uploads\/2025\/06\/wp-header-logo-287-150x150.png",150,150,true],"medium":["https:\/\/fmamiga909.com.ar\/wp-content\/uploads\/2025\/06\/wp-header-logo-287-300x169.png",300,169,true],"medium_large":["https:\/\/fmamiga909.com.ar\/wp-content\/uploads\/2025\/06\/wp-header-logo-287.png",960,540,false],"large":["https:\/\/fmamiga909.com.ar\/wp-content\/uploads\/2025\/06\/wp-header-logo-287.png",640,360,false],"1536x1536":["https:\/\/fmamiga909.com.ar\/wp-content\/uploads\/2025\/06\/wp-header-logo-287.png",960,540,false],"2048x2048":["https:\/\/fmamiga909.com.ar\/wp-content\/uploads\/2025\/06\/wp-header-logo-287.png",960,540,false],"newsium-slider-full":["https:\/\/fmamiga909.com.ar\/wp-content\/uploads\/2025\/06\/wp-header-logo-287.png",960,540,false],"newsium-featured":["https:\/\/fmamiga909.com.ar\/wp-content\/uploads\/2025\/06\/wp-header-logo-287.png",960,540,false],"newsium-medium":["https:\/\/fmamiga909.com.ar\/wp-content\/uploads\/2025\/06\/wp-header-logo-287-720x475.png",720,475,true]},"author_info":{"display_name":"Fredy Giuliano","author_link":"https:\/\/fmamiga909.com.ar\/?author=3"},"category_info":"<a href=\"https:\/\/fmamiga909.com.ar\/?cat=21\" rel=\"category\">Deportes<\/a>","tag_info":"Deportes","comment_count":"0","_links":{"self":[{"href":"https:\/\/fmamiga909.com.ar\/index.php?rest_route=\/wp\/v2\/posts\/21886","targetHints":{"allow":["GET"]}}],"collection":[{"href":"https:\/\/fmamiga909.com.ar\/index.php?rest_route=\/wp\/v2\/posts"}],"about":[{"href":"https:\/\/fmamiga909.com.ar\/index.php?rest_route=\/wp\/v2\/types\/post"}],"author":[{"embeddable":true,"href":"https:\/\/fmamiga909.com.ar\/index.php?rest_route=\/wp\/v2\/users\/3"}],"replies":[{"embeddable":true,"href":"https:\/\/fmamiga909.com.ar\/index.php?rest_route=%2Fwp%2Fv2%2Fcomments&post=21886"}],"version-history":[{"count":0,"href":"https:\/\/fmamiga909.com.ar\/index.php?rest_route=\/wp\/v2\/posts\/21886\/revisions"}],"wp:featuredmedia":[{"embeddable":true,"href":"https:\/\/fmamiga909.com.ar\/index.php?rest_route=\/wp\/v2\/media\/21887"}],"wp:attachment":[{"href":"https:\/\/fmamiga909.com.ar\/index.php?rest_route=%2Fwp%2Fv2%2Fmedia&parent=21886"}],"wp:term":[{"taxonomy":"category","embeddable":true,"href":"https:\/\/fmamiga909.com.ar\/index.php?rest_route=%2Fwp%2Fv2%2Fcategories&post=21886"},{"taxonomy":"post_tag","embeddable":true,"href":"https:\/\/fmamiga909.com.ar\/index.php?rest_route=%2Fwp%2Fv2%2Ftags&post=21886"}],"curies":[{"name":"wp","href":"https:\/\/api.w.org\/{rel}","templated":true}]}}