{"id":21898,"date":"2025-06-23T01:07:35","date_gmt":"2025-06-23T01:07:35","guid":{"rendered":"https:\/\/fmamiga909.com.ar\/?p=21898"},"modified":"2025-06-23T01:07:35","modified_gmt":"2025-06-23T01:07:35","slug":"juan-martin-del-potro-volvera-a-las-canchas-jugara-una-exhibicion-en-ecuador","status":"publish","type":"post","link":"https:\/\/fmamiga909.com.ar\/?p=21898","title":{"rendered":"Juan Mart\u00edn del Potro volver\u00e1 a las canchas: jugar\u00e1 una exhibici\u00f3n en Ecuador"},"content":{"rendered":"<div><!-- Body --><\/p>\n<p><b><a href=\"https:\/\/www.pagina12.com.ar\/tags\/1600-juan-martin-del-potro\">Juan Mart\u00edn del Potro<\/a><\/b>\u00a0volver\u00e1 a jugar en una cancha de tenis ante el p\u00fablico: <b>lo har\u00e1 el 19 de julio pr\u00f3ximo <\/b>en la ciudad de Guayaquil, Ecuador, <b>en una exhibici\u00f3n contra el ex jugador local Nicol\u00e1s Lapentti.\u00a0<\/b>El tandilense, ex n\u00famero tres del mundo y campe\u00f3n del US Open 2009, <a href=\"https:\/\/www.pagina12.com.ar\/787050-djokovic-el-abrazo-de-la-gente-y-el-alma-al-desnudo-un-dia-d\"><b>tuvo su \u00faltimo adi\u00f3s como tenista profesional el pasado 1\u00b0 de diciembre,<\/b><\/a> en el estadio Mary Ter\u00e1n de Weiss del Parque Roca, en el sur de la Ciudad de Buenos Aires y en <b>un marco a la altura de su trayectoria: <\/b>se despidi\u00f3 ante 15 espectadores y junto a su amigo <b><a href=\"https:\/\/www.pagina12.com.ar\/tags\/3604-novak-djokovic\">Novak Djokovic, el tenista masculino m\u00e1s ganador de todas las \u00e9pocas.<\/a><\/b><\/p>\n<p>Ser\u00e1 su segunda aparici\u00f3n en p\u00fablico luego de aquel \u00faltimo partido: antes <b><a href=\"https:\/\/www.pagina12.com.ar\/796774-juan-martin-del-potro-volvera-a-la-tierra-de-los-regresos-de\">hab\u00eda jugado el Torneo de Leyendas de Delray Beach<\/a>,<\/b> acontecimiento en el que<b> actu\u00f3 en dos partidos de dobles junto con el estadounidense Jack Sock<\/b> y frente a la mejor pareja de todos los tiempos, conformada por los hermanos <b>Bob y Mike Bryan.<\/b><\/p>\n<p>Esta vez, sin embargo, lo har\u00e1 por primera vez en una exhibici\u00f3n de singles desde su despedida: <b>enfrente estar\u00e1 Nicol\u00e1s Lapentti, ex n\u00famero seis del mundo en el a\u00f1o 2000 y ganador de cinco t\u00edtulos del circuito de la ATP, <\/b>uno de los mejores tenistas sudamericanos de las \u00faltimas d\u00e9cadas, y <b>el evento ser\u00e1 en el Guayaquil Tenis Club. <\/b>Adem\u00e1s habr\u00e1 un invitado de lujo: nada menos que el brasile\u00f1o <b><a href=\"https:\/\/www.pagina12.com.ar\/tags\/10667-gustavo-kuerten\">Guga Kuerten, ex n\u00famero uno del mundo y tricampe\u00f3n de Roland Garros.<\/a><\/b><\/p>\n<p>\u201cVoy a estar el 19 de julio en Guayaquil en un partido con Nico y con otras actividades. Me da mucha ilusi\u00f3n volver a Ecuador despu\u00e9s de tanto tiempo; <b>la \u00faltima vez que estuve fue en el Challenger hace much\u00edsimos a\u00f1os. Estoy muy emocionado de encontrarme con ustedes nuevamente<\/b>; espero que tengamos unos d\u00edas espectaculares\u201d, expres\u00f3 a trav\u00e9s de un video en el lanzamiento oficial Del Potro, quien se encuentra en los Estados Unidos y <b>viene de asistir a los dos primeros partidos de Boca en el Mundial de Clubes, ambos en el Hard Rock Stadium de Miami.<\/b><\/p>\n<p><iframe style=\"border: 0px; position: absolute; top: 0px; left: 0px; height: 100%;\" allowfullscreen=\"\" frameborder=\"0\" src=\"https:\/\/www.youtube.com\/embed\/jHMbRp_MQ6U\"><\/iframe><\/p>\n<p>El mejor tenista argentino de la historia despu\u00e9s de <b><a href=\"https:\/\/www.pagina12.com.ar\/tags\/9645-guillermo-vilas\">Guillermo Vilas<\/a>, <\/b>en efecto, volver\u00e1 a Guayaquil despu\u00e9s de veinte a\u00f1os. <b>En noviembre 2005, cuando ten\u00eda 17 a\u00f1os y era el 159\u00b0 del ranking de la ATP<\/b>, disput\u00f3 el Challenger de la ciudad, donde alcanz\u00f3 la segunda ronda en el cuadro de singles y la final en el torneo de dobles junto con Juan Antonio Mar\u00edn, de Costa Rica.<\/p>\n<p><b>\u00abMi vida cotidiana no es la que yo deseo.<\/b> Yo era un tipo muy activo que le gustaba mucho hacer deporte. <b>No s\u00f3lo jugar al tenis, sino de repente me invitan a jugar f\u00fatbol y soy el que lleva el mate <\/b>y se sienta afuera o van a jugar al p\u00e1del y hago los <i>videitos<\/i>. <b>Y eso para m\u00ed es terrible. <\/b>Adem\u00e1s de que desde lo deportivo <b>me quitaron la ilusi\u00f3n de hacer lo que siempre me gust\u00f3 hacer, que era jugar al tenis\u00bb,<\/b> sostuvo Del Potro en la previa de la emotiva despedida con Djokovic, en <b><a href=\"https:\/\/www.pagina12.com.ar\/785778-el-desgarrador-testimonio-de-del-potro-hay-veces-que-no-teng\">un desgarrador testimonio que resume el calvario que atraves\u00f3 con las lesiones.<\/a><\/b><\/p>\n<p>El tandilense, campe\u00f3n en 22 torneos del circuito mayor -jug\u00f3 otras 13 finales-, <b><a href=\"https:\/\/www.pagina12.com.ar\/385339-daniel-orsanic-me-autocensure-la-emocion-por-ganar-la-copa-d\">ganador de la Copa Davis 2016<\/a><\/b> y due\u00f1o de dos medallas de los Juegos Ol\u00edmpicos -bronce en Londres 2012 y plata en R\u00edo de Janeiro 2016-, vivi\u00f3 un v\u00eda crucis con los problemas f\u00edsicos. <b>Atraves\u00f3 m\u00e1s de cinco a\u00f1os y medio inactivo si se suman todos los parates que tuvo que afrontar por las ocho cirug\u00edas<\/b> que tuvieron lugar antes de su retiro: <b>una en la de la mu\u00f1eca derecha (en 2010), tres en la mano izquierda (entre 2014 y 2015) y cuatro en la rodilla derecha (entre 2019 y 2021)<\/b>, aunque volvi\u00f3 a pasar varias veces por el quir\u00f3fano, en busca de su ansiada calidad de vida, tras aquella <b><a href=\"https:\/\/www.pagina12.com.ar\/400520-juan-martin-del-potro-y-una-noche-de-gratitud-para-su-desped\">\u00abdespedida oficial\u00bb en Buenos Aires ante su amigo Federico Delbonis, en febrero de 2022.<\/a><\/b><\/p>\n<p><a href=\"\/cdn-cgi\/l\/email-protection\" class=\"__cf_email__\" data-cfemail=\"d9a9b8b4b8b5bfb0adb8b7b699a9b8beb0b7b8e8ebf7bab6b4f7b8ab\">[email\u00a0protected]<\/a><\/p>\n<p><!-- Live Blog Post --><\/div>\n<p><a href=\"https:\/\/www.pagina12.com.ar\/836334-juan-martin-del-potro-volvera-a-las-canchas-jugara-una-exhib\">source<\/a><\/p>\n","protected":false},"excerpt":{"rendered":"<p>Juan Mart\u00edn del Potro\u00a0volver\u00e1 a jugar en una cancha de tenis ante el p\u00fablico: lo&#8230;<\/p>\n","protected":false},"author":3,"featured_media":21899,"comment_status":"closed","ping_status":"closed","sticky":false,"template":"","format":"standard","meta":{"footnotes":""},"categories":[21],"tags":[],"class_list":["post-21898","post","type-post","status-publish","format-standard","has-post-thumbnail","hentry","category-deportes"],"featured_image_urls":{"full":["https:\/\/fmamiga909.com.ar\/wp-content\/uploads\/2025\/06\/wp-header-logo-293.png",960,540,false],"thumbnail":["https:\/\/fmamiga909.com.ar\/wp-content\/uploads\/2025\/06\/wp-header-logo-293-150x150.png",150,150,true],"medium":["https:\/\/fmamiga909.com.ar\/wp-content\/uploads\/2025\/06\/wp-header-logo-293-300x169.png",300,169,true],"medium_large":["https:\/\/fmamiga909.com.ar\/wp-content\/uploads\/2025\/06\/wp-header-logo-293.png",960,540,false],"large":["https:\/\/fmamiga909.com.ar\/wp-content\/uploads\/2025\/06\/wp-header-logo-293.png",640,360,false],"1536x1536":["https:\/\/fmamiga909.com.ar\/wp-content\/uploads\/2025\/06\/wp-header-logo-293.png",960,540,false],"2048x2048":["https:\/\/fmamiga909.com.ar\/wp-content\/uploads\/2025\/06\/wp-header-logo-293.png",960,540,false],"newsium-slider-full":["https:\/\/fmamiga909.com.ar\/wp-content\/uploads\/2025\/06\/wp-header-logo-293.png",960,540,false],"newsium-featured":["https:\/\/fmamiga909.com.ar\/wp-content\/uploads\/2025\/06\/wp-header-logo-293.png",960,540,false],"newsium-medium":["https:\/\/fmamiga909.com.ar\/wp-content\/uploads\/2025\/06\/wp-header-logo-293-720x475.png",720,475,true]},"author_info":{"display_name":"Fredy Giuliano","author_link":"https:\/\/fmamiga909.com.ar\/?author=3"},"category_info":"<a href=\"https:\/\/fmamiga909.com.ar\/?cat=21\" rel=\"category\">Deportes<\/a>","tag_info":"Deportes","comment_count":"0","_links":{"self":[{"href":"https:\/\/fmamiga909.com.ar\/index.php?rest_route=\/wp\/v2\/posts\/21898","targetHints":{"allow":["GET"]}}],"collection":[{"href":"https:\/\/fmamiga909.com.ar\/index.php?rest_route=\/wp\/v2\/posts"}],"about":[{"href":"https:\/\/fmamiga909.com.ar\/index.php?rest_route=\/wp\/v2\/types\/post"}],"author":[{"embeddable":true,"href":"https:\/\/fmamiga909.com.ar\/index.php?rest_route=\/wp\/v2\/users\/3"}],"replies":[{"embeddable":true,"href":"https:\/\/fmamiga909.com.ar\/index.php?rest_route=%2Fwp%2Fv2%2Fcomments&post=21898"}],"version-history":[{"count":0,"href":"https:\/\/fmamiga909.com.ar\/index.php?rest_route=\/wp\/v2\/posts\/21898\/revisions"}],"wp:featuredmedia":[{"embeddable":true,"href":"https:\/\/fmamiga909.com.ar\/index.php?rest_route=\/wp\/v2\/media\/21899"}],"wp:attachment":[{"href":"https:\/\/fmamiga909.com.ar\/index.php?rest_route=%2Fwp%2Fv2%2Fmedia&parent=21898"}],"wp:term":[{"taxonomy":"category","embeddable":true,"href":"https:\/\/fmamiga909.com.ar\/index.php?rest_route=%2Fwp%2Fv2%2Fcategories&post=21898"},{"taxonomy":"post_tag","embeddable":true,"href":"https:\/\/fmamiga909.com.ar\/index.php?rest_route=%2Fwp%2Fv2%2Ftags&post=21898"}],"curies":[{"name":"wp","href":"https:\/\/api.w.org\/{rel}","templated":true}]}}