{"id":21927,"date":"2025-06-24T00:50:16","date_gmt":"2025-06-24T00:50:16","guid":{"rendered":"https:\/\/fmamiga909.com.ar\/?p=21927"},"modified":"2025-06-24T00:50:16","modified_gmt":"2025-06-24T00:50:16","slug":"estudiantes-y-velez-tienen-fecha-y-estadio-para-la-supercopa-internacional","status":"publish","type":"post","link":"https:\/\/fmamiga909.com.ar\/?p=21927","title":{"rendered":"Estudiantes y V\u00e9lez tienen fecha y estadio para la Supercopa &quot;Internacional&quot;"},"content":{"rendered":"<div><!-- Body --><\/p>\n<p>La Liga Profesional de F\u00fatbol confirm\u00f3 que la final de la tercera edici\u00f3n de la <b>Supercopa Internacional entre Estudiantes de La Plata y V\u00e9lez<\/b> se disputar\u00e1 el mi\u00e9rcoles 9 de julio a las 15:30 en el Estadio Libertadores de Am\u00e9rica.<\/p>\n<p>El encuentro, que originalmente estaba pautado para el s\u00e1bado 5 y luego para el domingo 6, fue reprogramado una vez m\u00e1s, coincidiendo ahora con el<b> feriado nacional<\/b>.<\/p>\n<p>El Pincha se gan\u00f3 el derecho a jugar la definici\u00f3n por haber conquistado el Trofeo de Campeones 2024, mientras que el Fort\u00edn accedi\u00f3 como el mejor equipo de la tabla anual de la \u00faltima temporada.<\/p>\n<p>Ser\u00e1 la <b>tercera final que disputen ambos clubes en menos de un a\u00f1o<\/b>, tras los cruces en la Copa de la Liga y el Trofeo de Campeones, donde los de La Plata se impusieron en ambas ocasiones.<\/p>\n<p>Una de las novedades m\u00e1s relevantes es que, con la fecha ya confirmada para el 9 de julio, ambos entrenadores-Eduardo Dom\u00ednguez en Estudiantes y Guillermo Barros Schelotto en V\u00e9lez- <b>podr\u00e1n contar con los refuerzos que incorporen<\/b>, dado que el per\u00edodo de inscripci\u00f3n se abre entre el lunes 7 y el jueves 10.<\/p>\n<p>Hasta ahora, los platenses sumaron al arquero Fernando <b>Muslera<\/b>, mientras que el conjunto de Liniers asegur\u00f3 a Diego <b>Vald\u00e9s<\/b>, Lisandro <b>Magall\u00e1n <\/b>y la vuelta de Lenny <b>Lobato<\/b>.<\/p>\n<p>Tanto Estudiantes como V\u00e9lez atraviesan un presente discreto, aunque siguen en carrera en la Copa Libertadores de Am\u00e9rica. En el plano local, ninguno logr\u00f3 sostener la regularidad: el Le\u00f3n sum\u00f3 apenas 16 puntos en sus \u00faltimos 16 partidos, y el \u201cFort\u00edn\u201d cosech\u00f3 23 en los \u00faltimos 15.<\/p>\n<p>En ese contexto, la Supercopa Internacional aparece como una oportunidad clave para revalidar aspiraciones y sumar un t\u00edtulo en medio de un calendario cargado.<\/p>\n<p><!-- Live Blog Post --><\/div>\n<p><a href=\"https:\/\/www.pagina12.com.ar\/836574-estudiantes-y-velez-tienen-fecha-y-estadio-para-la-supercopa\">source<\/a><\/p>\n","protected":false},"excerpt":{"rendered":"<p>La Liga Profesional de F\u00fatbol confirm\u00f3 que la final de la tercera edici\u00f3n de la&#8230;<\/p>\n","protected":false},"author":3,"featured_media":21928,"comment_status":"closed","ping_status":"closed","sticky":false,"template":"","format":"standard","meta":{"footnotes":""},"categories":[21],"tags":[],"class_list":["post-21927","post","type-post","status-publish","format-standard","has-post-thumbnail","hentry","category-deportes"],"featured_image_urls":{"full":["https:\/\/fmamiga909.com.ar\/wp-content\/uploads\/2025\/06\/wp-header-logo-304.png",960,540,false],"thumbnail":["https:\/\/fmamiga909.com.ar\/wp-content\/uploads\/2025\/06\/wp-header-logo-304-150x150.png",150,150,true],"medium":["https:\/\/fmamiga909.com.ar\/wp-content\/uploads\/2025\/06\/wp-header-logo-304-300x169.png",300,169,true],"medium_large":["https:\/\/fmamiga909.com.ar\/wp-content\/uploads\/2025\/06\/wp-header-logo-304.png",960,540,false],"large":["https:\/\/fmamiga909.com.ar\/wp-content\/uploads\/2025\/06\/wp-header-logo-304.png",640,360,false],"1536x1536":["https:\/\/fmamiga909.com.ar\/wp-content\/uploads\/2025\/06\/wp-header-logo-304.png",960,540,false],"2048x2048":["https:\/\/fmamiga909.com.ar\/wp-content\/uploads\/2025\/06\/wp-header-logo-304.png",960,540,false],"newsium-slider-full":["https:\/\/fmamiga909.com.ar\/wp-content\/uploads\/2025\/06\/wp-header-logo-304.png",960,540,false],"newsium-featured":["https:\/\/fmamiga909.com.ar\/wp-content\/uploads\/2025\/06\/wp-header-logo-304.png",960,540,false],"newsium-medium":["https:\/\/fmamiga909.com.ar\/wp-content\/uploads\/2025\/06\/wp-header-logo-304-720x475.png",720,475,true]},"author_info":{"display_name":"Fredy Giuliano","author_link":"https:\/\/fmamiga909.com.ar\/?author=3"},"category_info":"<a href=\"https:\/\/fmamiga909.com.ar\/?cat=21\" rel=\"category\">Deportes<\/a>","tag_info":"Deportes","comment_count":"0","_links":{"self":[{"href":"https:\/\/fmamiga909.com.ar\/index.php?rest_route=\/wp\/v2\/posts\/21927","targetHints":{"allow":["GET"]}}],"collection":[{"href":"https:\/\/fmamiga909.com.ar\/index.php?rest_route=\/wp\/v2\/posts"}],"about":[{"href":"https:\/\/fmamiga909.com.ar\/index.php?rest_route=\/wp\/v2\/types\/post"}],"author":[{"embeddable":true,"href":"https:\/\/fmamiga909.com.ar\/index.php?rest_route=\/wp\/v2\/users\/3"}],"replies":[{"embeddable":true,"href":"https:\/\/fmamiga909.com.ar\/index.php?rest_route=%2Fwp%2Fv2%2Fcomments&post=21927"}],"version-history":[{"count":0,"href":"https:\/\/fmamiga909.com.ar\/index.php?rest_route=\/wp\/v2\/posts\/21927\/revisions"}],"wp:featuredmedia":[{"embeddable":true,"href":"https:\/\/fmamiga909.com.ar\/index.php?rest_route=\/wp\/v2\/media\/21928"}],"wp:attachment":[{"href":"https:\/\/fmamiga909.com.ar\/index.php?rest_route=%2Fwp%2Fv2%2Fmedia&parent=21927"}],"wp:term":[{"taxonomy":"category","embeddable":true,"href":"https:\/\/fmamiga909.com.ar\/index.php?rest_route=%2Fwp%2Fv2%2Fcategories&post=21927"},{"taxonomy":"post_tag","embeddable":true,"href":"https:\/\/fmamiga909.com.ar\/index.php?rest_route=%2Fwp%2Fv2%2Ftags&post=21927"}],"curies":[{"name":"wp","href":"https:\/\/api.w.org\/{rel}","templated":true}]}}