{"id":21949,"date":"2025-06-24T21:34:51","date_gmt":"2025-06-24T21:34:51","guid":{"rendered":"https:\/\/fmamiga909.com.ar\/?p=21949"},"modified":"2025-06-24T21:34:51","modified_gmt":"2025-06-24T21:34:51","slug":"el-lyon-de-tagliafico-y-almada-descendio-a-la-segunda-categoria","status":"publish","type":"post","link":"https:\/\/fmamiga909.com.ar\/?p=21949","title":{"rendered":"El Lyon de Tagliafico y Almada descendi\u00f3 a la segunda categor\u00eda"},"content":{"rendered":"<div><!-- Body --><\/p>\n<p>El Olympique de Lyon, equipo muy reconocido en Francia donde se encuentran los argentinos Nicol\u00e1s Tagliafico y Thiago Almada, descendi\u00f3 de la Ligue 1 por decreto debido a los conocidos problemas econ\u00f3micos que atraviesa la instituci\u00f3n.<\/p>\n<p>A trav\u00e9s de un comunicado del organismo financiero DNG se explic\u00f3 la medida tomada: \u201cEn el marco de la revisi\u00f3n de la situaci\u00f3n de los clubes para la temporada deportiva 2025-2026, la Comisi\u00f3n de Control de Clubes Profesionales ha tomado las siguientes decisiones en aplicaci\u00f3n del art\u00edculo 11 del Reglamento de la DNCG: OL: descenso a la Ligue 2\u201d.<\/p>\n<p>Esto sucedi\u00f3 debido a que Lyon contaba con una deuda de 500 millones de d\u00f3lares con el cu\u00e1l deb\u00eda transferir a muchos de sus jugadores en cierto plazo de tiempo, lo cual no sucedi\u00f3 y por lo mismo se tom\u00f3 la decisi\u00f3n del descenso de categor\u00eda.<\/p>\n<p>Aun as\u00ed, los directivos tendr\u00e1n la posibilidad de apelar a la Direcci\u00f3n Nacional de Control de Gesti\u00f3n con la esperanza de mantenerse en la Ligue 1. En caso contrario de que se mantenga la decisi\u00f3n, ser\u00e1 la primera vez que uno de los clubes m\u00e1s ganadores descienda a la Ligue 2.<\/p>\n<p>A este problema se le suma que en la temporada anterior consigui\u00f3 quedar sexto en la tabla de posiciones, por lo que lleg\u00f3 a clasificar a la fase de grupos de la UEFA Europa League 2025\/26 y con esta noticia no podr\u00e1 ser parte del torneo.<\/p>\n<p>Por otro lado, por parte de Lyon, a\u00fan no public\u00f3 un comunicado en sus redes sociales en relaci\u00f3n a lo sucedido.<\/p>\n<p>NVR\/MAG<\/p>\n<p><!-- Live Blog Post --><\/div>\n<p><a href=\"https:\/\/www.pagina12.com.ar\/836859-el-lyon-de-tagliafico-y-almada-descendio-a-la-segunda-catego\">source<\/a><\/p>\n","protected":false},"excerpt":{"rendered":"<p>El Olympique de Lyon, equipo muy reconocido en Francia donde se encuentran los argentinos Nicol\u00e1s&#8230;<\/p>\n","protected":false},"author":3,"featured_media":21950,"comment_status":"closed","ping_status":"closed","sticky":false,"template":"","format":"standard","meta":{"footnotes":""},"categories":[21],"tags":[],"class_list":["post-21949","post","type-post","status-publish","format-standard","has-post-thumbnail","hentry","category-deportes"],"featured_image_urls":{"full":["https:\/\/fmamiga909.com.ar\/wp-content\/uploads\/2025\/06\/wp-header-logo-315.png",960,540,false],"thumbnail":["https:\/\/fmamiga909.com.ar\/wp-content\/uploads\/2025\/06\/wp-header-logo-315-150x150.png",150,150,true],"medium":["https:\/\/fmamiga909.com.ar\/wp-content\/uploads\/2025\/06\/wp-header-logo-315-300x169.png",300,169,true],"medium_large":["https:\/\/fmamiga909.com.ar\/wp-content\/uploads\/2025\/06\/wp-header-logo-315.png",960,540,false],"large":["https:\/\/fmamiga909.com.ar\/wp-content\/uploads\/2025\/06\/wp-header-logo-315.png",640,360,false],"1536x1536":["https:\/\/fmamiga909.com.ar\/wp-content\/uploads\/2025\/06\/wp-header-logo-315.png",960,540,false],"2048x2048":["https:\/\/fmamiga909.com.ar\/wp-content\/uploads\/2025\/06\/wp-header-logo-315.png",960,540,false],"newsium-slider-full":["https:\/\/fmamiga909.com.ar\/wp-content\/uploads\/2025\/06\/wp-header-logo-315.png",960,540,false],"newsium-featured":["https:\/\/fmamiga909.com.ar\/wp-content\/uploads\/2025\/06\/wp-header-logo-315.png",960,540,false],"newsium-medium":["https:\/\/fmamiga909.com.ar\/wp-content\/uploads\/2025\/06\/wp-header-logo-315-720x475.png",720,475,true]},"author_info":{"display_name":"Fredy Giuliano","author_link":"https:\/\/fmamiga909.com.ar\/?author=3"},"category_info":"<a href=\"https:\/\/fmamiga909.com.ar\/?cat=21\" rel=\"category\">Deportes<\/a>","tag_info":"Deportes","comment_count":"0","_links":{"self":[{"href":"https:\/\/fmamiga909.com.ar\/index.php?rest_route=\/wp\/v2\/posts\/21949","targetHints":{"allow":["GET"]}}],"collection":[{"href":"https:\/\/fmamiga909.com.ar\/index.php?rest_route=\/wp\/v2\/posts"}],"about":[{"href":"https:\/\/fmamiga909.com.ar\/index.php?rest_route=\/wp\/v2\/types\/post"}],"author":[{"embeddable":true,"href":"https:\/\/fmamiga909.com.ar\/index.php?rest_route=\/wp\/v2\/users\/3"}],"replies":[{"embeddable":true,"href":"https:\/\/fmamiga909.com.ar\/index.php?rest_route=%2Fwp%2Fv2%2Fcomments&post=21949"}],"version-history":[{"count":0,"href":"https:\/\/fmamiga909.com.ar\/index.php?rest_route=\/wp\/v2\/posts\/21949\/revisions"}],"wp:featuredmedia":[{"embeddable":true,"href":"https:\/\/fmamiga909.com.ar\/index.php?rest_route=\/wp\/v2\/media\/21950"}],"wp:attachment":[{"href":"https:\/\/fmamiga909.com.ar\/index.php?rest_route=%2Fwp%2Fv2%2Fmedia&parent=21949"}],"wp:term":[{"taxonomy":"category","embeddable":true,"href":"https:\/\/fmamiga909.com.ar\/index.php?rest_route=%2Fwp%2Fv2%2Fcategories&post=21949"},{"taxonomy":"post_tag","embeddable":true,"href":"https:\/\/fmamiga909.com.ar\/index.php?rest_route=%2Fwp%2Fv2%2Ftags&post=21949"}],"curies":[{"name":"wp","href":"https:\/\/api.w.org\/{rel}","templated":true}]}}