{"id":21977,"date":"2025-06-25T20:12:09","date_gmt":"2025-06-25T20:12:09","guid":{"rendered":"https:\/\/fmamiga909.com.ar\/?p=21977"},"modified":"2025-06-25T20:12:09","modified_gmt":"2025-06-25T20:12:09","slug":"dolor-en-el-futbol-argentino-fallecio-camilo-nuin-juvenil-de-san-telmo","status":"publish","type":"post","link":"https:\/\/fmamiga909.com.ar\/?p=21977","title":{"rendered":"Dolor en el f\u00fatbol argentino: falleci\u00f3 Camilo Nuin, juvenil de San Telmo"},"content":{"rendered":"<div><!-- Body --><\/p>\n<p><b>El f\u00fatbol argentino se vio sacudido por una dolorosa noticia: Camilo Ernesto Nuin, jugador de 18 a\u00f1os de la Reserva de San Telmo<\/b>, falleci\u00f3 mientras era intervenido quir\u00fargicamente por una lesi\u00f3n en su rodilla.<\/p>\n<p><b>El hecho fue confirmado por la cuenta oficial del club de la Isla Maciel<\/b>, que decret\u00f3 el cierre de sus instalaciones por duelo y expres\u00f3 su acompa\u00f1amiento a la familia y seres queridos del joven futbolista.<\/p>\n<p><b>Camilo se estaba sometiendo a una operaci\u00f3n de meniscos y ligamentos cruzados, pero durante el procedimiento se produjo su deceso<\/b>, cuya causa a\u00fan no fue oficialmente informada.<\/p>\n<p><b>Oriundo de San Antonio de Padua, zurdo y con la 10 como estandarte, Nuin hab\u00eda transitado por las inferiores de Boca Juniors y luego pas\u00f3 por Independiente<\/b> antes de llegar a <b>San Telmo en 2022, donde acumul\u00f3 82 partidos en juveniles y Reserva<\/b>.<\/p>\n<p>El sitio partidario @soydetelmo lo despidi\u00f3 con palabras de profunda emoci\u00f3n: <b>\u201cCompartimos horas con \u00e9l, en el vestuario, en cada entrenamiento, en cada tarde defendiendo los colores del club\u201d<\/b>.<\/p>\n<p>La <b>Comisi\u00f3n de F\u00fatbol Juvenil e Infantil de AFA tambi\u00e9n manifest\u00f3 su pesar<\/b>, al igual que otros clubes como Almagro, que se solidarizaron con la familia del jugador y la instituci\u00f3n.<\/p>\n<p>El f<b>allecimiento de Nuin se conoci\u00f3 poco antes del partido de Reserva que San Telmo deb\u00eda disputar ante Defensores de Belgrano<\/b>, y gener\u00f3 un profundo impacto entre sus compa\u00f1eros.<\/p>\n<p><!-- Live Blog Post --><\/div>\n<p><a href=\"https:\/\/www.pagina12.com.ar\/837145-dolor-en-el-futbol-argentino-fallecio-camilo-nuin-juvenil-de\">source<\/a><\/p>\n","protected":false},"excerpt":{"rendered":"<p>El f\u00fatbol argentino se vio sacudido por una dolorosa noticia: Camilo Ernesto Nuin, jugador de&#8230;<\/p>\n","protected":false},"author":3,"featured_media":21978,"comment_status":"closed","ping_status":"closed","sticky":false,"template":"","format":"standard","meta":{"footnotes":""},"categories":[21],"tags":[],"class_list":["post-21977","post","type-post","status-publish","format-standard","has-post-thumbnail","hentry","category-deportes"],"featured_image_urls":{"full":["https:\/\/fmamiga909.com.ar\/wp-content\/uploads\/2025\/06\/wp-header-logo-329.png",960,540,false],"thumbnail":["https:\/\/fmamiga909.com.ar\/wp-content\/uploads\/2025\/06\/wp-header-logo-329-150x150.png",150,150,true],"medium":["https:\/\/fmamiga909.com.ar\/wp-content\/uploads\/2025\/06\/wp-header-logo-329-300x169.png",300,169,true],"medium_large":["https:\/\/fmamiga909.com.ar\/wp-content\/uploads\/2025\/06\/wp-header-logo-329.png",960,540,false],"large":["https:\/\/fmamiga909.com.ar\/wp-content\/uploads\/2025\/06\/wp-header-logo-329.png",640,360,false],"1536x1536":["https:\/\/fmamiga909.com.ar\/wp-content\/uploads\/2025\/06\/wp-header-logo-329.png",960,540,false],"2048x2048":["https:\/\/fmamiga909.com.ar\/wp-content\/uploads\/2025\/06\/wp-header-logo-329.png",960,540,false],"newsium-slider-full":["https:\/\/fmamiga909.com.ar\/wp-content\/uploads\/2025\/06\/wp-header-logo-329.png",960,540,false],"newsium-featured":["https:\/\/fmamiga909.com.ar\/wp-content\/uploads\/2025\/06\/wp-header-logo-329.png",960,540,false],"newsium-medium":["https:\/\/fmamiga909.com.ar\/wp-content\/uploads\/2025\/06\/wp-header-logo-329-720x475.png",720,475,true]},"author_info":{"display_name":"Fredy Giuliano","author_link":"https:\/\/fmamiga909.com.ar\/?author=3"},"category_info":"<a href=\"https:\/\/fmamiga909.com.ar\/?cat=21\" rel=\"category\">Deportes<\/a>","tag_info":"Deportes","comment_count":"0","_links":{"self":[{"href":"https:\/\/fmamiga909.com.ar\/index.php?rest_route=\/wp\/v2\/posts\/21977","targetHints":{"allow":["GET"]}}],"collection":[{"href":"https:\/\/fmamiga909.com.ar\/index.php?rest_route=\/wp\/v2\/posts"}],"about":[{"href":"https:\/\/fmamiga909.com.ar\/index.php?rest_route=\/wp\/v2\/types\/post"}],"author":[{"embeddable":true,"href":"https:\/\/fmamiga909.com.ar\/index.php?rest_route=\/wp\/v2\/users\/3"}],"replies":[{"embeddable":true,"href":"https:\/\/fmamiga909.com.ar\/index.php?rest_route=%2Fwp%2Fv2%2Fcomments&post=21977"}],"version-history":[{"count":0,"href":"https:\/\/fmamiga909.com.ar\/index.php?rest_route=\/wp\/v2\/posts\/21977\/revisions"}],"wp:featuredmedia":[{"embeddable":true,"href":"https:\/\/fmamiga909.com.ar\/index.php?rest_route=\/wp\/v2\/media\/21978"}],"wp:attachment":[{"href":"https:\/\/fmamiga909.com.ar\/index.php?rest_route=%2Fwp%2Fv2%2Fmedia&parent=21977"}],"wp:term":[{"taxonomy":"category","embeddable":true,"href":"https:\/\/fmamiga909.com.ar\/index.php?rest_route=%2Fwp%2Fv2%2Fcategories&post=21977"},{"taxonomy":"post_tag","embeddable":true,"href":"https:\/\/fmamiga909.com.ar\/index.php?rest_route=%2Fwp%2Fv2%2Ftags&post=21977"}],"curies":[{"name":"wp","href":"https:\/\/api.w.org\/{rel}","templated":true}]}}