{"id":22007,"date":"2025-06-26T16:15:44","date_gmt":"2025-06-26T16:15:44","guid":{"rendered":"https:\/\/fmamiga909.com.ar\/?p=22007"},"modified":"2025-06-26T16:15:44","modified_gmt":"2025-06-26T16:15:44","slug":"la-palabra-de-gallardo-tras-la-dolorosa-eliminacion","status":"publish","type":"post","link":"https:\/\/fmamiga909.com.ar\/?p=22007","title":{"rendered":"La palabra de Gallardo tras la dolorosa eliminaci\u00f3n"},"content":{"rendered":"<div><!-- Body --><\/p>\n<p>El director t\u00e9cnico de River, Marcelo Gallardo, mostr\u00f3 su lado autocr\u00edtico en la zona mixta posterior a la derrota de su equipo por 2-0 ante el Inter, que determin\u00f3 la eliminaci\u00f3n en el Mundial de Clubes. Para el t\u00e9cnico, el gran problema River fue en la \u201ctoma de decisiones para llegar al arco rival\u201d.<\/p>\n<p>Con la derrota, River sufri\u00f3 una inesperada eliminaci\u00f3n en la fase de grupos de la cita mundialista, al quedar en la tercera posici\u00f3n del Grupo E, por detr\u00e1s del Inter y del Monterrey de M\u00e9xico. En cuanto al desarrollo del partido, Marcelo Gallardo opin\u00f3 que, aunque su equipo sufri\u00f3 en algunas ocasiones, hizo mucho esfuerzo en el primer tiempo, jug\u00f3 lejos de su arco y se mantuvo en partido durante 70 minutos, hasta la expulsi\u00f3n del defensor Lucas Mart\u00ednez Quarta, que no les \u201cdej\u00f3 llegar al final con chances\u201d.<\/p>\n<p>Sobre el juego de su equipo, Gallardo afirm\u00f3 que busc\u00f3 \u201cjugar de buena forma\u201d, con presi\u00f3n alta y recuperaciones en posiciones de ataque, aunque lament\u00f3 en m\u00e1s de una ocasi\u00f3n las sanciones y expulsiones sufridas por sus mediocampistas titulares en la segunda fecha. El \u201cMu\u00f1eco\u201d remarc\u00f3 tambi\u00e9n que \u201cuna parte del trabajo fue buena\u201d, aunque sus jugadores fallaron a la hora de tener frescura para tomar buenas decisiones, que los acercaran al arco rival.<\/p>\n<p>Acerca del Inter, el DT destac\u00f3 que \u201cson fuertes f\u00edsicamente y t\u00e9cnicamente son buenos\u201d, y que \u201cno por nada el Inter hizo una muy buena temporada\u201d, en la que fue subcampe\u00f3n de la Serie A italiana y la Champions League, donde demostr\u00f3 una \u201cjerarqu\u00eda enorme\u201d durante todo el a\u00f1o. Adem\u00e1s, admiti\u00f3 no tener nada para reprocharse ante un rival \u201cque fue superior\u201d.<\/p>\n<p>El entrenador mostr\u00f3 su descontento por no haber podido ganar en la segunda fecha, en la que consider\u00f3 que River \u201cmereci\u00f3\u201d quedarse con el triunfo ante el Monterrey, pero no pudo romper el empate. Aunque una victoria ante los mexicanos hubiera asegurado el pase, el DT de 49 a\u00f1os le dio valor tambi\u00e9n al hecho de haber llegado hasta la \u00faltima fecha con chances de clasificarse.<\/p>\n<p>Con la escaramuza final protagonizada por los defensores Marcos Acu\u00f1a y Denzel Dumfries, que ya hab\u00edan tenido un altercado en la semifinal del Mundial de Qatar 2022, el director t\u00e9cnico asegur\u00f3 que ese final \u201cempa\u00f1\u00f3 la imagen\u201d que quiere que su equipo muestre, afirmando que no es su \u201cestilo\u201d, y agradeciendo que no haya pasado a mayores.<\/p>\n<p><!-- Live Blog Post --><\/div>\n<p><a href=\"https:\/\/www.pagina12.com.ar\/837427-la-palabra-de-gallardo-tras-la-dolorosa-eliminacion\">source<\/a><\/p>\n","protected":false},"excerpt":{"rendered":"<p>El director t\u00e9cnico de River, Marcelo Gallardo, mostr\u00f3 su lado autocr\u00edtico en la zona mixta&#8230;<\/p>\n","protected":false},"author":3,"featured_media":22008,"comment_status":"closed","ping_status":"closed","sticky":false,"template":"","format":"standard","meta":{"footnotes":""},"categories":[21],"tags":[],"class_list":["post-22007","post","type-post","status-publish","format-standard","has-post-thumbnail","hentry","category-deportes"],"featured_image_urls":{"full":["https:\/\/fmamiga909.com.ar\/wp-content\/uploads\/2025\/06\/wp-header-logo-344.png",960,540,false],"thumbnail":["https:\/\/fmamiga909.com.ar\/wp-content\/uploads\/2025\/06\/wp-header-logo-344-150x150.png",150,150,true],"medium":["https:\/\/fmamiga909.com.ar\/wp-content\/uploads\/2025\/06\/wp-header-logo-344-300x169.png",300,169,true],"medium_large":["https:\/\/fmamiga909.com.ar\/wp-content\/uploads\/2025\/06\/wp-header-logo-344.png",960,540,false],"large":["https:\/\/fmamiga909.com.ar\/wp-content\/uploads\/2025\/06\/wp-header-logo-344.png",640,360,false],"1536x1536":["https:\/\/fmamiga909.com.ar\/wp-content\/uploads\/2025\/06\/wp-header-logo-344.png",960,540,false],"2048x2048":["https:\/\/fmamiga909.com.ar\/wp-content\/uploads\/2025\/06\/wp-header-logo-344.png",960,540,false],"newsium-slider-full":["https:\/\/fmamiga909.com.ar\/wp-content\/uploads\/2025\/06\/wp-header-logo-344.png",960,540,false],"newsium-featured":["https:\/\/fmamiga909.com.ar\/wp-content\/uploads\/2025\/06\/wp-header-logo-344.png",960,540,false],"newsium-medium":["https:\/\/fmamiga909.com.ar\/wp-content\/uploads\/2025\/06\/wp-header-logo-344-720x475.png",720,475,true]},"author_info":{"display_name":"Fredy Giuliano","author_link":"https:\/\/fmamiga909.com.ar\/?author=3"},"category_info":"<a href=\"https:\/\/fmamiga909.com.ar\/?cat=21\" rel=\"category\">Deportes<\/a>","tag_info":"Deportes","comment_count":"0","_links":{"self":[{"href":"https:\/\/fmamiga909.com.ar\/index.php?rest_route=\/wp\/v2\/posts\/22007","targetHints":{"allow":["GET"]}}],"collection":[{"href":"https:\/\/fmamiga909.com.ar\/index.php?rest_route=\/wp\/v2\/posts"}],"about":[{"href":"https:\/\/fmamiga909.com.ar\/index.php?rest_route=\/wp\/v2\/types\/post"}],"author":[{"embeddable":true,"href":"https:\/\/fmamiga909.com.ar\/index.php?rest_route=\/wp\/v2\/users\/3"}],"replies":[{"embeddable":true,"href":"https:\/\/fmamiga909.com.ar\/index.php?rest_route=%2Fwp%2Fv2%2Fcomments&post=22007"}],"version-history":[{"count":0,"href":"https:\/\/fmamiga909.com.ar\/index.php?rest_route=\/wp\/v2\/posts\/22007\/revisions"}],"wp:featuredmedia":[{"embeddable":true,"href":"https:\/\/fmamiga909.com.ar\/index.php?rest_route=\/wp\/v2\/media\/22008"}],"wp:attachment":[{"href":"https:\/\/fmamiga909.com.ar\/index.php?rest_route=%2Fwp%2Fv2%2Fmedia&parent=22007"}],"wp:term":[{"taxonomy":"category","embeddable":true,"href":"https:\/\/fmamiga909.com.ar\/index.php?rest_route=%2Fwp%2Fv2%2Fcategories&post=22007"},{"taxonomy":"post_tag","embeddable":true,"href":"https:\/\/fmamiga909.com.ar\/index.php?rest_route=%2Fwp%2Fv2%2Ftags&post=22007"}],"curies":[{"name":"wp","href":"https:\/\/api.w.org\/{rel}","templated":true}]}}