{"id":22023,"date":"2025-06-27T10:39:33","date_gmt":"2025-06-27T10:39:33","guid":{"rendered":"https:\/\/fmamiga909.com.ar\/?p=22023"},"modified":"2025-06-27T10:39:33","modified_gmt":"2025-06-27T10:39:33","slug":"formula-1-franco-colapinto-sale-a-la-pista-en-austria-para-las-practicas-libres","status":"publish","type":"post","link":"https:\/\/fmamiga909.com.ar\/?p=22023","title":{"rendered":"F\u00f3rmula 1: Franco Colapinto sale a la pista en Austria para las pr\u00e1cticas libres"},"content":{"rendered":"<div id=\"post-0730\">\n<div class=\"col 2-col\">\n<h2>C\u00f3mo llega Franco Colapinto\u00a0<\/h2>\n<p><span>El <\/span><b>pilarense <\/b><span>acumula <\/span><b>cuatro carreras con Alpine <\/b><span>y Austria <\/span><b>ser\u00eda la \u00faltima<\/b><span>, teniendo en cuenta que el <\/span><b>acuerdo inicial era por cinco fechas<\/b><span>.<\/span><\/p>\n<p>Ser\u00e1 una carrera crucial para su futuro como piloto titular. El objetivo sigue siendo el mismo: <b>completar el recorrido e intentar sumar puntos<\/b>.<\/p>\n<p>Durante esta temporada, Colapinto logr\u00f3 el puesto <b>16\u00b0 <\/b>en Italia, fue <b>13\u00b0 <\/b>en M\u00f3naco, alcanz\u00f3 la posici\u00f3n <b>15\u00b0 <\/b>en Espa\u00f1a y finaliz\u00f3 <b>13\u00b0 <\/b>en Canad\u00e1.<\/p>\n<p>Pero no se fue contento con la estrategia en Montreal, con un equipo que no respondi\u00f3 con rapidez al momento de ingresar a boxes y un <b>auto que todav\u00eda no responde<\/b> ni cubre las necesidades b\u00e1sicas para mejorar en rendimientos y competencia.<\/p>\n<\/div>\n<\/div>\n<div id=\"post-0710\">\n<div class=\"col 2-col\">\n<h2>La agenda del GP de Austria<\/h2>\n<h2>Cronograma<\/h2>\n<p><b>Viernes:<\/b><\/p>\n<p>8.30: Pr\u00e1cticas Libres 1<\/p>\n<p>12.00: Pr\u00e1cticas Libres 2<\/p>\n<p><b>S\u00e1bado<\/b>:<\/p>\n<p>7.30: Pr\u00e1cticas Libres 3<\/p>\n<p>11.00: Clasificaci\u00f3n<\/p>\n<p><b>Domingo<\/b>:<\/p>\n<p>10.00: Carrera<\/p>\n<\/div>\n<\/div>\n<p><a href=\"https:\/\/www.pagina12.com.ar\/837655-formula-1-franco-colapinto-sale-a-la-pista-en-austria-para-l\">source<\/a><\/p>\n","protected":false},"excerpt":{"rendered":"<p>C\u00f3mo llega Franco Colapinto\u00a0 El pilarense acumula cuatro carreras con Alpine y Austria ser\u00eda la&#8230;<\/p>\n","protected":false},"author":3,"featured_media":22024,"comment_status":"closed","ping_status":"closed","sticky":false,"template":"","format":"standard","meta":{"footnotes":""},"categories":[21],"tags":[],"class_list":["post-22023","post","type-post","status-publish","format-standard","has-post-thumbnail","hentry","category-deportes"],"featured_image_urls":{"full":["https:\/\/fmamiga909.com.ar\/wp-content\/uploads\/2025\/06\/wp-header-logo-352.png",960,540,false],"thumbnail":["https:\/\/fmamiga909.com.ar\/wp-content\/uploads\/2025\/06\/wp-header-logo-352-150x150.png",150,150,true],"medium":["https:\/\/fmamiga909.com.ar\/wp-content\/uploads\/2025\/06\/wp-header-logo-352-300x169.png",300,169,true],"medium_large":["https:\/\/fmamiga909.com.ar\/wp-content\/uploads\/2025\/06\/wp-header-logo-352.png",960,540,false],"large":["https:\/\/fmamiga909.com.ar\/wp-content\/uploads\/2025\/06\/wp-header-logo-352.png",640,360,false],"1536x1536":["https:\/\/fmamiga909.com.ar\/wp-content\/uploads\/2025\/06\/wp-header-logo-352.png",960,540,false],"2048x2048":["https:\/\/fmamiga909.com.ar\/wp-content\/uploads\/2025\/06\/wp-header-logo-352.png",960,540,false],"newsium-slider-full":["https:\/\/fmamiga909.com.ar\/wp-content\/uploads\/2025\/06\/wp-header-logo-352.png",960,540,false],"newsium-featured":["https:\/\/fmamiga909.com.ar\/wp-content\/uploads\/2025\/06\/wp-header-logo-352.png",960,540,false],"newsium-medium":["https:\/\/fmamiga909.com.ar\/wp-content\/uploads\/2025\/06\/wp-header-logo-352-720x475.png",720,475,true]},"author_info":{"display_name":"Fredy Giuliano","author_link":"https:\/\/fmamiga909.com.ar\/?author=3"},"category_info":"<a href=\"https:\/\/fmamiga909.com.ar\/?cat=21\" rel=\"category\">Deportes<\/a>","tag_info":"Deportes","comment_count":"0","_links":{"self":[{"href":"https:\/\/fmamiga909.com.ar\/index.php?rest_route=\/wp\/v2\/posts\/22023","targetHints":{"allow":["GET"]}}],"collection":[{"href":"https:\/\/fmamiga909.com.ar\/index.php?rest_route=\/wp\/v2\/posts"}],"about":[{"href":"https:\/\/fmamiga909.com.ar\/index.php?rest_route=\/wp\/v2\/types\/post"}],"author":[{"embeddable":true,"href":"https:\/\/fmamiga909.com.ar\/index.php?rest_route=\/wp\/v2\/users\/3"}],"replies":[{"embeddable":true,"href":"https:\/\/fmamiga909.com.ar\/index.php?rest_route=%2Fwp%2Fv2%2Fcomments&post=22023"}],"version-history":[{"count":0,"href":"https:\/\/fmamiga909.com.ar\/index.php?rest_route=\/wp\/v2\/posts\/22023\/revisions"}],"wp:featuredmedia":[{"embeddable":true,"href":"https:\/\/fmamiga909.com.ar\/index.php?rest_route=\/wp\/v2\/media\/22024"}],"wp:attachment":[{"href":"https:\/\/fmamiga909.com.ar\/index.php?rest_route=%2Fwp%2Fv2%2Fmedia&parent=22023"}],"wp:term":[{"taxonomy":"category","embeddable":true,"href":"https:\/\/fmamiga909.com.ar\/index.php?rest_route=%2Fwp%2Fv2%2Fcategories&post=22023"},{"taxonomy":"post_tag","embeddable":true,"href":"https:\/\/fmamiga909.com.ar\/index.php?rest_route=%2Fwp%2Fv2%2Ftags&post=22023"}],"curies":[{"name":"wp","href":"https:\/\/api.w.org\/{rel}","templated":true}]}}