{"id":22033,"date":"2025-06-27T15:01:40","date_gmt":"2025-06-27T15:01:40","guid":{"rendered":"https:\/\/fmamiga909.com.ar\/?p=22033"},"modified":"2025-06-27T15:01:40","modified_gmt":"2025-06-27T15:01:40","slug":"colapinto-corre-la-practica-libre-2-del-gp-de-austria-de-formula-1-donde-verlo-y-como-le-fue-en-la-1","status":"publish","type":"post","link":"https:\/\/fmamiga909.com.ar\/?p=22033","title":{"rendered":"Colapinto corre la Pr\u00e1ctica Libre 2 del GP de Austria de F\u00f3rmula 1: d\u00f3nde verlo y c\u00f3mo le fue en la 1"},"content":{"rendered":"<div id=\"post-1201\">\n<div class=\"col 2-col\">\n<h2>Comenz\u00f3 la Pr\u00e1ctica Libre 2<\/h2>\n<p>Los pilotos salieron a la pista para el segundo Entrenamiento Libre de este viernes.\u00a0<\/p>\n<\/div>\n<\/div>\n<div id=\"post-1147\">\n<div class=\"col 2-col\">\n<h2>En instantes arranca el Entrenamiento Libre 2<\/h2>\n<p>Desde las 12:00 los pilotos saldr\u00e1n a la pista para la Pr\u00e1ctica Libre 2 del GP de Austria.\u00a0<\/p>\n<\/div>\n<\/div>\n<div id=\"post-1145\">\n<div class=\"col 2-col\">\n<h2>El elogio de Brad Pitt a Franco Colapinto en el estreno de \u00abF1: la pel\u00edcula\u00bb<\/h2>\n<p>La noche del estreno de<b> F1: la pel\u00edcula <\/b>en Nueva York fue un evento destacado no solo para los fan\u00e1ticos del automovilismo, sino tambi\u00e9n para las estrellas presentes. <b>Colapinto<\/b>, reci\u00e9n llegado a la \u00e9lite de la F\u00f3rmula 1, se encontr\u00f3 cara a cara con <b>Brad Pitt<\/b>, una figura destacada del cine. \u00ab<i>Es incre\u00edble verlo de vuelta ah\u00ed<\/i>\u00ab, expres\u00f3 <b>Pitt <\/b>con entusiasmo al ser consultado sobre el futuro del piloto argentino. Colapinto, acompa\u00f1ado por el equipo de <b>Alpine <\/b>y su compa\u00f1ero<b> Pierre Gasly<\/b>, aprovech\u00f3 la ocasi\u00f3n para saludar a <b>Pitt<\/b>, un momento que r\u00e1pidamente se convirti\u00f3 en un hito de la noche. <b>Colapinto<\/b> describi\u00f3 la experiencia como un \u00ab<i>sue\u00f1o hecho realidad<\/i>\u00ab, destacando el carisma y la amabilidad del actor.<\/p>\n<p>La conexi\u00f3n de<b> Brad Pitt <\/b>con Argentina no es nueva. En entrevistas recientes record\u00f3 positivamente su experiencia durante el rodaje en el pa\u00eds en 2018. \u00ab<i>La comida era incre\u00edble, la carne era de otro mundo<\/i>\u00ab, declar\u00f3 al evocar su paso por Mendoza y los Andes argentinos. Estos recuerdos se entrelazan ahora con la nueva generaci\u00f3n de talentos argentinos en el deporte, como <b>Franco Colapinto<\/b>. \u00ab<i>Estuve en un lugar tan hermoso que cambiaba con cada luz del d\u00eda. Despu\u00e9s fuimos a Mendoza<\/i>\u00ab, rememor\u00f3 <b>Pitt<\/b>, destacando su asombro por la belleza natural del pa\u00eds. Estas experiencias personales le brindaron una perspectiva \u00fanica sobre la cultura argentina, algo que parece coincidir ahora con el ascenso de <b>Colapinto <\/b>en la <b>F\u00f3rmula 1<\/b>.<\/p>\n<\/div>\n<\/div>\n<div id=\"post-1050\">\n<div class=\"col 2-col\">\n<h2>Colapinto lleg\u00f3 a la quinta carrera sin necesidad de rendir examen<\/h2>\n<p>Por Ariel Grecco<\/p>\n<p><b>Franco Colapinto inicia su quinto fin de semana en su segunda etapa en la F\u00f3rmula 1<\/b>, el primer plazo que estipul\u00f3 el equipo Alpine cuando lo anunci\u00f3 como piloto titular antes del Gran Premio de Imola. Sin embargo, <b>est\u00e1 claro que el corredor argentino continuar\u00e1 en la escuder\u00eda francesa, m\u00e1s all\u00e1 de lo que suceda en Austria<\/b>.<\/p>\n<p>Se supon\u00eda que pod\u00eda ser un fin de semana decisivo para el futuro de Colapinto, que de acuerdo a la informaci\u00f3n oficial de Alpine reemplaz\u00f3 por cinco carreras al australiano Jack Doohan, piloto titular en las primeras seis competencias de 2025. <b>Tras Imola, M\u00f3naco, Barcelona y Montreal, el fin de semana en Austria completar\u00eda su periodo de pruebas<\/b>. Pero el propio pilarense minimiz\u00f3 esa posibilidad y se focaliz\u00f3 en lo que viene, sin un plazo estipulado.<\/p>\n<h3><b><a href=\"https:\/\/www.pagina12.com.ar\/837513-formula-1-colapinto-llego-a-la-quinta-carrera-sin-necesidad-\">Le\u00e9 la nota completa<\/a><\/b><\/h3>\n<\/div>\n<\/div>\n<div id=\"post-0955\">\n<div class=\"col 2-col\">\n<h2>Russell sigue de racha<\/h2>\n<p>El ingl\u00e9s George Russell (Mercedes) marc\u00f3 el mejor tiempo este viernes en el primer entrenamiento libre para el Gran Premio de Austria, el und\u00e9cimo del Mundial de F\u00f3rmula Uno, que se disputa en el Red Bull Ring de Spielberg, en Estiria.<\/p>\n<p>En su mejor vuelta, Russell -ganador hace dos semanas en Canad\u00e1- cubri\u00f3 los 4.318 metros de la pista austriaca en un minuto, cinco segundos y 542 mil\u00e9simas, 65 menos que el cu\u00e1druple campe\u00f3n mundial neerland\u00e9s Max Verstappen (Red Bull) y con 155 de ventaja respecto al australiano Oscar Piastri (McLaren), l\u00edder del Mundial, que marc\u00f3 el tercer tiempo y, al igual que los anteriores, complet\u00f3 su vuelta r\u00e1pida con el neum\u00e1tico blando.\u00a0<\/p>\n<\/div>\n<\/div>\n<div id=\"post-0933\">\n<div class=\"col 2-col\">\n<h2>Colapinto termin\u00f3 la primera pr\u00e1ctica en el puesto 16<\/h2>\n<p>El piloto argentino Franco Colapinto finaliz\u00f3 sin inconveniente la pr\u00e1ctica libre 1 del Gran Premio de Austria, correspondiente a la und\u00e9cima fecha del campeonato de F\u00f3rmula 1.\u00a0<b>Marc\u00f3 un mejor tiempo de 1:06.246.<\/b><\/p>\n<\/div>\n<\/div>\n<p><a href=\"https:\/\/www.pagina12.com.ar\/837655-formula-1-franco-colapinto-sale-a-la-pista-en-austria-para-l\">source<\/a><\/p>\n","protected":false},"excerpt":{"rendered":"<p>Comenz\u00f3 la Pr\u00e1ctica Libre 2 Los pilotos salieron a la pista para el segundo Entrenamiento&#8230;<\/p>\n","protected":false},"author":3,"featured_media":22034,"comment_status":"closed","ping_status":"closed","sticky":false,"template":"","format":"standard","meta":{"footnotes":""},"categories":[21],"tags":[],"class_list":["post-22033","post","type-post","status-publish","format-standard","has-post-thumbnail","hentry","category-deportes"],"featured_image_urls":{"full":["https:\/\/fmamiga909.com.ar\/wp-content\/uploads\/2025\/06\/wp-header-logo-357.png",960,540,false],"thumbnail":["https:\/\/fmamiga909.com.ar\/wp-content\/uploads\/2025\/06\/wp-header-logo-357-150x150.png",150,150,true],"medium":["https:\/\/fmamiga909.com.ar\/wp-content\/uploads\/2025\/06\/wp-header-logo-357-300x169.png",300,169,true],"medium_large":["https:\/\/fmamiga909.com.ar\/wp-content\/uploads\/2025\/06\/wp-header-logo-357.png",960,540,false],"large":["https:\/\/fmamiga909.com.ar\/wp-content\/uploads\/2025\/06\/wp-header-logo-357.png",640,360,false],"1536x1536":["https:\/\/fmamiga909.com.ar\/wp-content\/uploads\/2025\/06\/wp-header-logo-357.png",960,540,false],"2048x2048":["https:\/\/fmamiga909.com.ar\/wp-content\/uploads\/2025\/06\/wp-header-logo-357.png",960,540,false],"newsium-slider-full":["https:\/\/fmamiga909.com.ar\/wp-content\/uploads\/2025\/06\/wp-header-logo-357.png",960,540,false],"newsium-featured":["https:\/\/fmamiga909.com.ar\/wp-content\/uploads\/2025\/06\/wp-header-logo-357.png",960,540,false],"newsium-medium":["https:\/\/fmamiga909.com.ar\/wp-content\/uploads\/2025\/06\/wp-header-logo-357-720x475.png",720,475,true]},"author_info":{"display_name":"Fredy Giuliano","author_link":"https:\/\/fmamiga909.com.ar\/?author=3"},"category_info":"<a href=\"https:\/\/fmamiga909.com.ar\/?cat=21\" rel=\"category\">Deportes<\/a>","tag_info":"Deportes","comment_count":"0","_links":{"self":[{"href":"https:\/\/fmamiga909.com.ar\/index.php?rest_route=\/wp\/v2\/posts\/22033","targetHints":{"allow":["GET"]}}],"collection":[{"href":"https:\/\/fmamiga909.com.ar\/index.php?rest_route=\/wp\/v2\/posts"}],"about":[{"href":"https:\/\/fmamiga909.com.ar\/index.php?rest_route=\/wp\/v2\/types\/post"}],"author":[{"embeddable":true,"href":"https:\/\/fmamiga909.com.ar\/index.php?rest_route=\/wp\/v2\/users\/3"}],"replies":[{"embeddable":true,"href":"https:\/\/fmamiga909.com.ar\/index.php?rest_route=%2Fwp%2Fv2%2Fcomments&post=22033"}],"version-history":[{"count":0,"href":"https:\/\/fmamiga909.com.ar\/index.php?rest_route=\/wp\/v2\/posts\/22033\/revisions"}],"wp:featuredmedia":[{"embeddable":true,"href":"https:\/\/fmamiga909.com.ar\/index.php?rest_route=\/wp\/v2\/media\/22034"}],"wp:attachment":[{"href":"https:\/\/fmamiga909.com.ar\/index.php?rest_route=%2Fwp%2Fv2%2Fmedia&parent=22033"}],"wp:term":[{"taxonomy":"category","embeddable":true,"href":"https:\/\/fmamiga909.com.ar\/index.php?rest_route=%2Fwp%2Fv2%2Fcategories&post=22033"},{"taxonomy":"post_tag","embeddable":true,"href":"https:\/\/fmamiga909.com.ar\/index.php?rest_route=%2Fwp%2Fv2%2Ftags&post=22033"}],"curies":[{"name":"wp","href":"https:\/\/api.w.org\/{rel}","templated":true}]}}