{"id":22053,"date":"2025-06-28T12:44:31","date_gmt":"2025-06-28T12:44:31","guid":{"rendered":"https:\/\/fmamiga909.com.ar\/?p=22053"},"modified":"2025-06-28T12:44:31","modified_gmt":"2025-06-28T12:44:31","slug":"franco-colapinto-en-la-formula-1-en-el-gp-de-austria-la-clasificacion-minuto-a-minuto","status":"publish","type":"post","link":"https:\/\/fmamiga909.com.ar\/?p=22053","title":{"rendered":"Franco Colapinto en la F\u00f3rmula 1 en el GP de Austria: la clasificaci\u00f3n, minuto a minuto"},"content":{"rendered":"<div id=\"post-0930\">\n<div class=\"col 2-col\">\n<h2>C\u00f3mo llega Franco Colapinto al GP de Austria<\/h2>\n<p>El <b>pilarense <\/b>acumula <b>cuatro carreras con Alpine <\/b>y Austria <b>ser\u00eda la \u00faltima<\/b>, teniendo en cuenta que el <b>acuerdo inicial era por cinco fechas<\/b>.<\/p>\n<p>Ser\u00e1 una carrera crucial para su futuro como piloto titular. El objetivo sigue siendo el mismo: <b>completar el recorrido e intentar sumar puntos<\/b>.<\/p>\n<p>Durante esta temporada, Colapinto logr\u00f3 el puesto <b>16\u00b0 <\/b>en Italia, fue <b>13\u00b0 <\/b>en M\u00f3naco, alcanz\u00f3 la posici\u00f3n <b>15\u00b0 <\/b>en Espa\u00f1a y finaliz\u00f3 <b>13\u00b0 <\/b>en Canad\u00e1.<\/p>\n<p>Pero no se fue contento con la estrategia en Montreal, con un equipo que no respondi\u00f3 con rapidez al momento de ingresar a boxes y un <b>auto que todav\u00eda no responde<\/b> ni cubre las necesidades b\u00e1sicas para mejorar en rendimientos y competencia.<\/p>\n<\/div>\n<\/div>\n<div id=\"post-0900\">\n<div class=\"col 2-col\">\n<h2>C\u00f3mo es el circuito de Spielberg<\/h2>\n<p>El circuito ubicado en <b>Spielberg <\/b>es uno de los m\u00e1s legendarios del torneo, con un <b>decorado alpino y curvas r\u00e1pidas<\/b>, y con una primera mitad de recorrido con rectas largas. Son <b>71 vueltas<\/b> y<b> Max Verstappen<\/b> tiene el r\u00e9cord de 4 victorias en este trazado.<\/p>\n<p>El monumento a <b>Niki Lauda<\/b> sigue de cerca cada cent\u00edmetro de la carrera. El piloto austr\u00edaco aseguraba que el GP de Austria de <b>1984<\/b>, uno de los a\u00f1os que se coron\u00f3 campe\u00f3n, \u00abfue uno de los momentos m\u00e1s emocionantes y decisivos\u00bb de su carrera.<\/p>\n<\/div>\n<\/div>\n<div id=\"post-0845\">\n<div class=\"col 2-col\">\n<h2>Norris, el m\u00e1s r\u00e1pido<\/h2>\n<p>El ganador de la sesi\u00f3n, al igual que en la pr\u00e1ctica libre 2, fue nuevamente Norris gracias a su tiempo de 1:04,324. Segundo qued\u00f3 su compa\u00f1ero de equipo en McLaren, el australiano y l\u00edder del campeonato Oscar Piastri, a solo 118 mil\u00e9simas. La tercera posici\u00f3n qued\u00f3 en manos del neerland\u00e9s y cuatro veces campe\u00f3n del mundo, Max Verstappen, quien en su mejor vuelta finaliz\u00f3 a 210 mil\u00e9simas del l\u00edder.<\/p>\n<p>La actividad en el GP de Austria continuar\u00e1 dentro de unas horas, cuando se lleve a cabo la clasificaci\u00f3n a partir de las 11 de la ma\u00f1ana.<\/p>\n<\/div>\n<\/div>\n<div id=\"post-0830\">\n<div class=\"col 2-col\">\n<h2>Puesto 19\u00ba para Colapinto<\/h2>\n<p>Colapinto no pudo redondear una buena participaci\u00f3n en la pr\u00e1ctica libre 3 del Gran Premio de Austria de F\u00f3rmula 1, en la que termin\u00f3 19\u00b0.<\/p>\n<p>El mejor tiempo para el argentino que corre en la escuder\u00eda francesa Alpine fue de 1:05,546, por lo que termin\u00f3 a un segundo y 222 mil\u00e9simas del ganador de la sesi\u00f3n, que fue el brit\u00e1nico Lando Norris (McLaren).<\/p>\n<p>Durante gran parte de la sesi\u00f3n, el argentino se hab\u00eda mantenido en la \u00faltima posici\u00f3n. Sin embargo, sobre el final pudo dar unas vueltas con neum\u00e1ticos blandos y mejor\u00f3 bastante su tiempo e incluso qued\u00f3 a 180 mil\u00e9simas de su compa\u00f1ero de equipo, el franc\u00e9s Pierre Gasly, que termin\u00f3 17\u00b0.<\/p>\n<p>En su \u00faltimo intento de vuelta r\u00e1pido el argentino le hizo dar un buen susto a todos sus fan\u00e1ticos, ya que hizo un trompo en una de las curvas aunque no pas\u00f3 a mayores y su monoplaza no sufri\u00f3 ning\u00fan da\u00f1o.<\/p>\n<p>Este Gran Premio de Austria no est\u00e1 siendo nada bueno para los pilotos pilotos de Alpine, que deber\u00e1n mejorar mucho sus registros si quieren clasificar a la Q2 durante la clasificaci\u00f3n.<\/p>\n<\/div>\n<\/div>\n<div id=\"post-0800\">\n<div class=\"col 2-col\">\n<h2>Colapinto volvi\u00f3 a tener una jornada complicada con el Alpine<\/h2>\n<p>Franco Colapinto volvi\u00f3 a tener un viernes dif\u00edcil en la F\u00f3rmula 1. Como en las carreras anteriores, el Alpine del argentino se mostr\u00f3 lento e ind\u00f3cil en las r\u00e1pidas rectas del Red Bull Ring, lo que provoc\u00f3 que quedara lejos de los puestos de adelante. Decimosexto en la primera tanda y vig\u00e9simo en la segunda fueron las ubicaciones del pilarense, que al menos mostr\u00f3 un buen ritmo en la simulaci\u00f3n de carrera que llev\u00f3 adelante con gomas duras.<\/p>\n<h3\/><\/div>\n<\/div>\n<p><a href=\"https:\/\/www.pagina12.com.ar\/837941-franco-colapinto-en-la-formula-1-en-el-gp-de-austria-la-clas\">source<\/a><\/p>\n","protected":false},"excerpt":{"rendered":"<p>C\u00f3mo llega Franco Colapinto al GP de Austria El pilarense acumula cuatro carreras con Alpine&#8230;<\/p>\n","protected":false},"author":3,"featured_media":22054,"comment_status":"closed","ping_status":"closed","sticky":false,"template":"","format":"standard","meta":{"footnotes":""},"categories":[21],"tags":[],"class_list":["post-22053","post","type-post","status-publish","format-standard","has-post-thumbnail","hentry","category-deportes"],"featured_image_urls":{"full":["https:\/\/fmamiga909.com.ar\/wp-content\/uploads\/2025\/06\/wp-header-logo-367.png",960,540,false],"thumbnail":["https:\/\/fmamiga909.com.ar\/wp-content\/uploads\/2025\/06\/wp-header-logo-367-150x150.png",150,150,true],"medium":["https:\/\/fmamiga909.com.ar\/wp-content\/uploads\/2025\/06\/wp-header-logo-367-300x169.png",300,169,true],"medium_large":["https:\/\/fmamiga909.com.ar\/wp-content\/uploads\/2025\/06\/wp-header-logo-367.png",960,540,false],"large":["https:\/\/fmamiga909.com.ar\/wp-content\/uploads\/2025\/06\/wp-header-logo-367.png",640,360,false],"1536x1536":["https:\/\/fmamiga909.com.ar\/wp-content\/uploads\/2025\/06\/wp-header-logo-367.png",960,540,false],"2048x2048":["https:\/\/fmamiga909.com.ar\/wp-content\/uploads\/2025\/06\/wp-header-logo-367.png",960,540,false],"newsium-slider-full":["https:\/\/fmamiga909.com.ar\/wp-content\/uploads\/2025\/06\/wp-header-logo-367.png",960,540,false],"newsium-featured":["https:\/\/fmamiga909.com.ar\/wp-content\/uploads\/2025\/06\/wp-header-logo-367.png",960,540,false],"newsium-medium":["https:\/\/fmamiga909.com.ar\/wp-content\/uploads\/2025\/06\/wp-header-logo-367-720x475.png",720,475,true]},"author_info":{"display_name":"Fredy Giuliano","author_link":"https:\/\/fmamiga909.com.ar\/?author=3"},"category_info":"<a href=\"https:\/\/fmamiga909.com.ar\/?cat=21\" rel=\"category\">Deportes<\/a>","tag_info":"Deportes","comment_count":"0","_links":{"self":[{"href":"https:\/\/fmamiga909.com.ar\/index.php?rest_route=\/wp\/v2\/posts\/22053","targetHints":{"allow":["GET"]}}],"collection":[{"href":"https:\/\/fmamiga909.com.ar\/index.php?rest_route=\/wp\/v2\/posts"}],"about":[{"href":"https:\/\/fmamiga909.com.ar\/index.php?rest_route=\/wp\/v2\/types\/post"}],"author":[{"embeddable":true,"href":"https:\/\/fmamiga909.com.ar\/index.php?rest_route=\/wp\/v2\/users\/3"}],"replies":[{"embeddable":true,"href":"https:\/\/fmamiga909.com.ar\/index.php?rest_route=%2Fwp%2Fv2%2Fcomments&post=22053"}],"version-history":[{"count":0,"href":"https:\/\/fmamiga909.com.ar\/index.php?rest_route=\/wp\/v2\/posts\/22053\/revisions"}],"wp:featuredmedia":[{"embeddable":true,"href":"https:\/\/fmamiga909.com.ar\/index.php?rest_route=\/wp\/v2\/media\/22054"}],"wp:attachment":[{"href":"https:\/\/fmamiga909.com.ar\/index.php?rest_route=%2Fwp%2Fv2%2Fmedia&parent=22053"}],"wp:term":[{"taxonomy":"category","embeddable":true,"href":"https:\/\/fmamiga909.com.ar\/index.php?rest_route=%2Fwp%2Fv2%2Fcategories&post=22053"},{"taxonomy":"post_tag","embeddable":true,"href":"https:\/\/fmamiga909.com.ar\/index.php?rest_route=%2Fwp%2Fv2%2Ftags&post=22053"}],"curies":[{"name":"wp","href":"https:\/\/api.w.org\/{rel}","templated":true}]}}