{"id":22055,"date":"2025-06-28T16:04:54","date_gmt":"2025-06-28T16:04:54","guid":{"rendered":"https:\/\/fmamiga909.com.ar\/?p=22055"},"modified":"2025-06-28T16:04:54","modified_gmt":"2025-06-28T16:04:54","slug":"franco-colapinto-en-la-formula-1-en-el-gp-de-austria-largara-14o","status":"publish","type":"post","link":"https:\/\/fmamiga909.com.ar\/?p=22055","title":{"rendered":"Franco Colapinto en la F\u00f3rmula 1 en el GP de Austria: largar\u00e1 14\u00ba"},"content":{"rendered":"<div id=\"post-1221\">\n<div class=\"col 2-col\">\n<h2>Pole para Norris; Colapinto largar\u00e1 14\u00ba<\/h2>\n<p><b>Lando Norris <\/b>estuvo intratable y mantuvo el dominio con su McLaren para asegurarse la pole position en el Gran Premio de Austria. Largar\u00e1 por delante de Charles Leclerc (Ferrari) y el McLaren de Oscar Piastri. El campe\u00f3n del mundo, Max Verstappen, saldr\u00e1 en s\u00e9ptima posici\u00f3n.<\/p>\n<div class=\"iframely-embed medium-embedded-content\" data-html=\"Jmx0O2Jsb2NrcXVvdGUgY2xhc3M9InR3aXR0ZXItdHdlZXQiIGRhdGEtZG50PSJ0cnVlIiBhbGlnbj0iY2VudGVyIiZndDsmbHQ7cCBsYW5nPSJlbiIgZGlyPSJsdHIiJmd0O1EzIENMQVNTSUZJQ0FUSU9OICZsdDticiZndDsmbHQ7YnImZ3Q7TGFuZG8gTm9ycmlzIHRha2VzIHBvbGUgYnkgb3ZlciBoYWxmIGEgc2Vjb25kIPCfpK8mbHQ7YSBocmVmPSJodHRwczovL3R3aXR0ZXIuY29tL2hhc2h0YWcvRjE\/c3JjPWhhc2gmYW1wO2FtcDtyZWZfc3JjPXR3c3JjJTVFdGZ3IiZndDsjRjEmbHQ7L2EmZ3Q7ICZsdDthIGhyZWY9Imh0dHBzOi8vdHdpdHRlci5jb20vaGFzaHRhZy9BdXN0cmlhbkdQP3NyYz1oYXNoJmFtcDthbXA7cmVmX3NyYz10d3NyYyU1RXRmdyImZ3Q7I0F1c3RyaWFuR1AmbHQ7L2EmZ3Q7ICZsdDthIGhyZWY9Imh0dHBzOi8vdC5jby9USEhiYnFnRTVmIiZndDtwaWMudHdpdHRlci5jb20vVEhIYmJxZ0U1ZiZsdDsvYSZndDsmbHQ7L3AmZ3Q7JmFtcDttZGFzaDsgRm9ybXVsYSAxIChARjEpICZsdDthIGhyZWY9Imh0dHBzOi8vdHdpdHRlci5jb20vRjEvc3RhdHVzLzE5Mzg5ODE4MTcyNzAzNTAxMTY\/cmVmX3NyYz10d3NyYyU1RXRmdyImZ3Q7SnVuZSAyOCwgMjAyNSZsdDsvYSZndDsmbHQ7L2Jsb2NrcXVvdGUmZ3Q7CiZsdDtzY3JpcHQgYXN5bmMgc3JjPSJodHRwczovL3BsYXRmb3JtLnR3aXR0ZXIuY29tL3dpZGdldHMuanMiIGNoYXJzZXQ9InV0Zi04IiZndDsmbHQ7L3NjcmlwdCZndDsKCiZsdDtkaXYgY2xhc3M9Im1lZGl1bS1pbnNlcnQtZW1iZWRzLW1ldGEiJmd0OyZsdDtzY3JpcHQgdHlwZT0idGV4dC9qc29uIiZndDt7InVybCI6Imh0dHBzOi8vdHdpdHRlci5jb20vRjEvc3RhdHVzLzE5Mzg5ODE4MTcyNzAzNTAxMTYiLCJ0eXBlIjoicmljaCIsInZlcnNpb24iOiIxLjAiLCJ0aXRsZSI6IkZvcm11bGEgMSBvbiBUd2l0dGVyIC8gWCIsImF1dGhvciI6IkZvcm11bGEgMSIsImF1dGhvcl91cmwiOiJodHRwczovL3R3aXR0ZXIuY29tL0YxIiwicHJvdmlkZXJfbmFtZSI6IlR3aXR0ZXIiLCJkZXNjcmlwdGlvbiI6IlEzIENMQVNTSUZJQ0FUSU9OIExhbmRvIE5vcnJpcyB0YWtlcyBwb2xlIGJ5IG92ZXIgaGFsZiBhIHNlY29uZCDwn6SvI0YxICNBdXN0cmlhbkdQIHBpYy50d2l0dGVyLmNvbS9USEhiYnFnRTVm4oCUIEZvcm11bGEgMSAoQEYxKSBKdW5lIDI4LCAyMDI1XG5cblxuIiwidGh1bWJuYWlsX3VybCI6Imh0dHBzOi8vcGJzLnR3aW1nLmNvbS9tZWRpYS9HdWlsWTZIWFFBQTF4ZVEuanBnOmxhcmdlIiwidGh1bWJuYWlsX3dpZHRoIjoxMDgwLCJ0aHVtYm5haWxfaGVpZ2h0IjoxMzUwLCJjYWNoZV9hZ2UiOjg2NDAwLCJvcHRpb25zIjp7Il9oaWRlX21lZGlhIjp7ImxhYmVsIjoiSGlkZSBwaG90b3MsIHZpZGVvcywgYW5kIGNhcmRzIiwidmFsdWUiOmZhbHNlfSwiX3RoZW1lIjp7InZhbHVlIjoiIiwidmFsdWVzIjp7ImRhcmsiOiJVc2UgZGFyayB0aGVtZSJ9fSwiX21heHdpZHRoIjp7InZhbHVlIjoiIiwibGFiZWwiOiJBZGp1c3Qgd2lkdGgiLCJwbGFjZWhvbGRlciI6IjIyMC01NTAsIGluIHB4In19fSZsdDsvc2NyaXB0Jmd0OyZsdDsvZGl2Jmd0Ow==\">\n                <a data-iframely-url=\"\" href=\"https:\/\/twitter.com\/F1\/status\/1938981817270350116\">https:\/\/twitter.com\/F1\/status\/1938981817270350116<\/a>\n              <\/div>\n<p>Por su parte, el argentino <b>Franco Colapinto lagar\u00e1 14\u00ba con su Alpine<\/b>, en lo que implica una mejora de un puesto respecto de las pruebas del viernes y de la Q1 de este s\u00e1bado. En la Q2 avanz\u00f3 una posici\u00f3n, aunque no le alcanz\u00f3 para superar ese corte. Su compa\u00f1ero, el franc\u00e9s Pierre Gasly, largar\u00e1 10\u00ba. El GP de Austria comenzar\u00e1 este domingo a las 10, hora de la Argentina.<\/p>\n<\/div>\n<\/div>\n<div id=\"post-1203\">\n<div class=\"col 2-col\">\n<h2>Colapinto qued\u00f3 afuera en la Q2<\/h2>\n<p><b>Franco Colapinto no pudo superar el corte en la Q2 <\/b>en la clasificaci\u00f3n del Gran Premio de Austria. El argentino qued\u00f3 14\u00ba con su Alpine, por delante de otro de los eliminados, Oliver Bearman.<\/p>\n<div class=\"iframely-embed medium-embedded-content\" data-html=\"Jmx0O2Jsb2NrcXVvdGUgY2xhc3M9InR3aXR0ZXItdHdlZXQiIGRhdGEtZG50PSJ0cnVlIiBhbGlnbj0iY2VudGVyIiZndDsmbHQ7cCBsYW5nPSJlbiIgZGlyPSJsdHIiJmd0O1EyIENMQVNTSUZJQ0FUSU9OJmx0O2JyJmd0OyZsdDticiZndDtUaGUgTWNMYXJlbnMgYXJlIG91dCBmcm9udCBhcyB3ZSBoZWFkIGludG8gdGhlIHRvcCAxMCBzaG9vdG91dCAmbHQ7YSBocmVmPSJodHRwczovL3R3aXR0ZXIuY29tL2hhc2h0YWcvRjE\/c3JjPWhhc2gmYW1wO2FtcDtyZWZfc3JjPXR3c3JjJTVFdGZ3IiZndDsjRjEmbHQ7L2EmZ3Q7ICZsdDthIGhyZWY9Imh0dHBzOi8vdHdpdHRlci5jb20vaGFzaHRhZy9BdXN0cmlhbkdQP3NyYz1oYXNoJmFtcDthbXA7cmVmX3NyYz10d3NyYyU1RXRmdyImZ3Q7I0F1c3RyaWFuR1AmbHQ7L2EmZ3Q7ICZsdDthIGhyZWY9Imh0dHBzOi8vdC5jby9NNkpMbHRkQ3JaIiZndDtwaWMudHdpdHRlci5jb20vTTZKTGx0ZENyWiZsdDsvYSZndDsmbHQ7L3AmZ3Q7JmFtcDttZGFzaDsgRm9ybXVsYSAxIChARjEpICZsdDthIGhyZWY9Imh0dHBzOi8vdHdpdHRlci5jb20vRjEvc3RhdHVzLzE5Mzg5NzYzNDQwMDU2NDg1MjA\/cmVmX3NyYz10d3NyYyU1RXRmdyImZ3Q7SnVuZSAyOCwgMjAyNSZsdDsvYSZndDsmbHQ7L2Jsb2NrcXVvdGUmZ3Q7CiZsdDtzY3JpcHQgYXN5bmMgc3JjPSJodHRwczovL3BsYXRmb3JtLnR3aXR0ZXIuY29tL3dpZGdldHMuanMiIGNoYXJzZXQ9InV0Zi04IiZndDsmbHQ7L3NjcmlwdCZndDsKCiZsdDtkaXYgY2xhc3M9Im1lZGl1bS1pbnNlcnQtZW1iZWRzLW1ldGEiJmd0OyZsdDtzY3JpcHQgdHlwZT0idGV4dC9qc29uIiZndDt7InVybCI6Imh0dHBzOi8vdHdpdHRlci5jb20vRjEvc3RhdHVzLzE5Mzg5NzYzNDQwMDU2NDg1MjAiLCJ0eXBlIjoicmljaCIsInZlcnNpb24iOiIxLjAiLCJ0aXRsZSI6IkZvcm11bGEgMSBvbiBUd2l0dGVyIC8gWCIsImF1dGhvciI6IkZvcm11bGEgMSIsImF1dGhvcl91cmwiOiJodHRwczovL3R3aXR0ZXIuY29tL0YxIiwicHJvdmlkZXJfbmFtZSI6IlR3aXR0ZXIiLCJkZXNjcmlwdGlvbiI6IlEyIENMQVNTSUZJQ0FUSU9OVGhlIE1jTGFyZW5zIGFyZSBvdXQgZnJvbnQgYXMgd2UgaGVhZCBpbnRvIHRoZSB0b3AgMTAgc2hvb3RvdXQgI0YxICNBdXN0cmlhbkdQIHBpYy50d2l0dGVyLmNvbS9NNkpMbHRkQ3Ja4oCUIEZvcm11bGEgMSAoQEYxKSBKdW5lIDI4LCAyMDI1XG5cblxuIiwidGh1bWJuYWlsX3VybCI6Imh0dHBzOi8vcGJzLnR3aW1nLmNvbS9tZWRpYS9HdWlnZXhhWFFBQUFKNGQuanBnOmxhcmdlIiwidGh1bWJuYWlsX3dpZHRoIjoxMDgwLCJ0aHVtYm5haWxfaGVpZ2h0IjoxMzUwLCJjYWNoZV9hZ2UiOjg2NDAwLCJvcHRpb25zIjp7Il9oaWRlX21lZGlhIjp7ImxhYmVsIjoiSGlkZSBwaG90b3MsIHZpZGVvcywgYW5kIGNhcmRzIiwidmFsdWUiOmZhbHNlfSwiX3RoZW1lIjp7InZhbHVlIjoiIiwidmFsdWVzIjp7ImRhcmsiOiJVc2UgZGFyayB0aGVtZSJ9fSwiX21heHdpZHRoIjp7InZhbHVlIjoiIiwibGFiZWwiOiJBZGp1c3Qgd2lkdGgiLCJwbGFjZWhvbGRlciI6IjIyMC01NTAsIGluIHB4In19fSZsdDsvc2NyaXB0Jmd0OyZsdDsvZGl2Jmd0Ow==\">\n                <a data-iframely-url=\"\" href=\"https:\/\/twitter.com\/F1\/status\/1938976344005648520\">https:\/\/twitter.com\/F1\/status\/1938976344005648520<\/a>\n              <\/div>\n<p>Del 11\u00ba al 13\u00ba lugar quedaron, respectivamente, Fernando Alonso, Alex Albon e Isaak Hadjar, tambi\u00e9n, eliminados. Lando Norris volvi\u00f3 a dominar con McLaren. <b>Pierre Gasly, compa\u00f1ero de Colapinto, obtuvo el sexto lugar<\/b>.\u00a0<\/p>\n<\/div>\n<\/div>\n<div id=\"post-1130\">\n<div class=\"col 2-col\">\n<h2>Colapinto sobrevivi\u00f3 a la Q1<\/h2>\n<p>Franco Colapinto sali\u00f3 airoso de la Q1 en la clasificaci\u00f3n del Gran Premio de Austria. El argentino finaliz\u00f3 15\u00ba con su Alpine, <b>por delante de cinco pilotos que no pudieron superar la prueba<\/b>: Lance Stroll, Esteban Ocon, Yuki Tsunoda, Carlos Sainz y Nico Hulkenberg.\u00a0<\/p>\n<div class=\"iframely-embed medium-embedded-content\" data-html=\"Jmx0O2Jsb2NrcXVvdGUgY2xhc3M9InR3aXR0ZXItdHdlZXQiIGRhdGEtZG50PSJ0cnVlIiBhbGlnbj0iY2VudGVyIiZndDsmbHQ7cCBsYW5nPSJ0bCIgZGlyPSJsdHIiJmd0O+KdjCBFTElNSU5BVEVEIElOIFExIOKdjCZsdDticiZndDsmbHQ7YnImZ3Q7U3Ryb2xsJmx0O2JyJmd0O09jb24mbHQ7YnImZ3Q7VHN1bm9kYSDwn5O4Jmx0O2JyJmd0O1NhaW56Jmx0O2JyJmd0O0h1bGtlbmJlcmcmbHQ7YSBocmVmPSJodHRwczovL3R3aXR0ZXIuY29tL2hhc2h0YWcvRjE\/c3JjPWhhc2gmYW1wO2FtcDtyZWZfc3JjPXR3c3JjJTVFdGZ3IiZndDsjRjEmbHQ7L2EmZ3Q7ICZsdDthIGhyZWY9Imh0dHBzOi8vdHdpdHRlci5jb20vaGFzaHRhZy9BdXN0cmlhbkdQP3NyYz1oYXNoJmFtcDthbXA7cmVmX3NyYz10d3NyYyU1RXRmdyImZ3Q7I0F1c3RyaWFuR1AmbHQ7L2EmZ3Q7ICZsdDthIGhyZWY9Imh0dHBzOi8vdC5jby91NmJmWGdmTEJ1IiZndDtwaWMudHdpdHRlci5jb20vdTZiZlhnZkxCdSZsdDsvYSZndDsmbHQ7L3AmZ3Q7JmFtcDttZGFzaDsgRm9ybXVsYSAxIChARjEpICZsdDthIGhyZWY9Imh0dHBzOi8vdHdpdHRlci5jb20vRjEvc3RhdHVzLzE5Mzg5NjY4NzE5NTAxMTUwODM\/cmVmX3NyYz10d3NyYyU1RXRmdyImZ3Q7SnVuZSAyOCwgMjAyNSZsdDsvYSZndDsmbHQ7L2Jsb2NrcXVvdGUmZ3Q7CiZsdDtzY3JpcHQgYXN5bmMgc3JjPSJodHRwczovL3BsYXRmb3JtLnR3aXR0ZXIuY29tL3dpZGdldHMuanMiIGNoYXJzZXQ9InV0Zi04IiZndDsmbHQ7L3NjcmlwdCZndDsKCiZsdDtkaXYgY2xhc3M9Im1lZGl1bS1pbnNlcnQtZW1iZWRzLW1ldGEiJmd0OyZsdDtzY3JpcHQgdHlwZT0idGV4dC9qc29uIiZndDt7InVybCI6Imh0dHBzOi8vdHdpdHRlci5jb20vRjEvc3RhdHVzLzE5Mzg5NjY4NzE5NTAxMTUwODMiLCJ0eXBlIjoicmljaCIsInZlcnNpb24iOiIxLjAiLCJ0aXRsZSI6IkZvcm11bGEgMSBvbiBUd2l0dGVyIC8gWCIsImF1dGhvciI6IkZvcm11bGEgMSIsImF1dGhvcl91cmwiOiJodHRwczovL3R3aXR0ZXIuY29tL0YxIiwicHJvdmlkZXJfbmFtZSI6IlR3aXR0ZXIiLCJkZXNjcmlwdGlvbiI6IuKdjCBFTElNSU5BVEVEIElOIFExIOKdjFN0cm9sbE9jb25Uc3Vub2RhIPCfk7hTYWluekh1bGtlbmJlcmcjRjEgI0F1c3RyaWFuR1AgcGljLnR3aXR0ZXIuY29tL3U2YmZYZ2ZMQnXigJQgRm9ybXVsYSAxIChARjEpIEp1bmUgMjgsIDIwMjVcblxuXG4iLCJ0aHVtYm5haWxfdXJsIjoiaHR0cHM6Ly9wYnMudHdpbWcuY29tL21lZGlhL0d1aVlFT3NYWUFBSHBXVC5qcGc6bGFyZ2UiLCJ0aHVtYm5haWxfd2lkdGgiOjE5MjAsInRodW1ibmFpbF9oZWlnaHQiOjEwODAsImNhY2hlX2FnZSI6ODY0MDAsIm9wdGlvbnMiOnsiX2hpZGVfbWVkaWEiOnsibGFiZWwiOiJIaWRlIHBob3RvcywgdmlkZW9zLCBhbmQgY2FyZHMiLCJ2YWx1ZSI6ZmFsc2V9LCJfdGhlbWUiOnsidmFsdWUiOiIiLCJ2YWx1ZXMiOnsiZGFyayI6IlVzZSBkYXJrIHRoZW1lIn19LCJfbWF4d2lkdGgiOnsidmFsdWUiOiIiLCJsYWJlbCI6IkFkanVzdCB3aWR0aCIsInBsYWNlaG9sZGVyIjoiMjIwLTU1MCwgaW4gcHgifX19Jmx0Oy9zY3JpcHQmZ3Q7Jmx0Oy9kaXYmZ3Q7\">\n                <a data-iframely-url=\"\" href=\"https:\/\/twitter.com\/F1\/status\/1938966871950115083\">https:\/\/twitter.com\/F1\/status\/1938966871950115083<\/a>\n              <\/div>\n<p>Lando Narris ha sido el m\u00e1s r\u00e1pido hasta el momento con Mc Laren.<b> La sorpresa la dio Pierre Gasly, el compa\u00f1ero de Colapinto, que termin\u00f3 4<\/b>.<\/p>\n<\/div>\n<\/div>\n<div id=\"post-1103\">\n<div class=\"col 2-col\">\n<h2>Comenz\u00f3 la prueba de clasificaci\u00f3n en Austria<\/h2>\n<p>A las 11, hora de la Argentina, <b>comenz\u00f3 la prueba de clasificaci\u00f3n para definir el orden de largada en el Gran Premio de Austria de F\u00f3rmula 1<\/b>, que se correr\u00e1 este domingo. El argentino Franco Colapinto busca mejorar su performance de las pruebas libres, en las que termin\u00f3 19\u00ba a bordo de su Alpine.<\/p>\n<p>La competencia es la 11\u00aa carrera de la temporada y se lleva adelante en el Red Bull Ring de 4326 metros de extensi\u00f3n. <b>George Russell gan\u00f3 con Mercedes en 2024<\/b>, en una carrera en la que el Red Bull de Max Verstappen hab\u00eda conseguido la pole.<\/p>\n<p>La carrera del domingo se correr\u00e1\u00a0a las 10, hora argentina.<\/p>\n<\/div>\n<\/div>\n<div id=\"post-0930\">\n<div class=\"col 2-col\">\n<h2>C\u00f3mo llega Franco Colapinto al GP de Austria<\/h2>\n<p>El <b>pilarense <\/b>acumula <b>cuatro carreras con Alpine <\/b>y Austria <b>ser\u00eda la \u00faltima<\/b>, teniendo en cuenta que el <b>acuerdo inicial era por cinco fechas<\/b>.<\/p>\n<p>Ser\u00e1 una carrera crucial para su futuro como piloto titular. El objetivo sigue siendo el mismo: <b>completar el recorrido e intentar sumar puntos<\/b>.<\/p>\n<p>Durante esta temporada, Colapinto logr\u00f3 el puesto <b>16\u00b0 <\/b>en Italia, fue <b>13\u00b0 <\/b>en M\u00f3naco, alcanz\u00f3 la posici\u00f3n <b>15\u00b0 <\/b>en Espa\u00f1a y finaliz\u00f3 <b>13\u00b0 <\/b>en Canad\u00e1.<\/p>\n<p>Pero no se fue contento con la estrategia en Montreal, con un equipo que no respondi\u00f3 con rapidez al momento de ingresar a boxes y un <b>auto que todav\u00eda no responde<\/b> ni cubre las necesidades b\u00e1sicas para mejorar en rendimientos y competencia.<\/p>\n<\/div>\n<\/div>\n<div id=\"post-0900\">\n<div class=\"col 2-col\">\n<h2>C\u00f3mo es el circuito de Spielberg<\/h2>\n<p>El circuito ubicado en <b>Spielberg <\/b>es uno de los m\u00e1s legendarios del torneo, con un <b>decorado alpino y curvas r\u00e1pidas<\/b>, y con una primera mitad de recorrido con rectas largas. Son <b>71 vueltas<\/b> y<b> Max Verstappen<\/b> tiene el r\u00e9cord de 4 victorias en este trazado.<\/p>\n<p>El monumento a <b>Niki Lauda<\/b> sigue de cerca cada cent\u00edmetro de la carrera. El piloto austr\u00edaco aseguraba que el GP de Austria de <b>1984<\/b>, uno de los a\u00f1os que se coron\u00f3 campe\u00f3n, \u00abfue uno de los momentos m\u00e1s emocionantes y decisivos\u00bb de su carrera.<\/p>\n<\/div>\n<\/div>\n<div id=\"post-0845\">\n<div class=\"col 2-col\">\n<h2>Norris, el m\u00e1s r\u00e1pido<\/h2>\n<p>El ganador de la sesi\u00f3n, al igual que en la pr\u00e1ctica libre 2, fue nuevamente Norris gracias a su tiempo de 1:04,324. Segundo qued\u00f3 su compa\u00f1ero de equipo en McLaren, el australiano y l\u00edder del campeonato Oscar Piastri, a solo 118 mil\u00e9simas. La tercera posici\u00f3n qued\u00f3 en manos del neerland\u00e9s y cuatro veces campe\u00f3n del mundo, Max Verstappen, quien en su mejor vuelta finaliz\u00f3 a 210 mil\u00e9simas del l\u00edder.<\/p>\n<p>La actividad en el GP de Austria continuar\u00e1 dentro de unas horas, cuando se lleve a cabo la clasificaci\u00f3n a partir de las 11 de la ma\u00f1ana.<\/p>\n<\/div>\n<\/div>\n<p><script async src=\"\/\/platform.twitter.com\/widgets.js\" charset=\"utf-8\"><\/script><br \/><a href=\"https:\/\/www.pagina12.com.ar\/837941-franco-colapinto-en-la-formula-1-en-el-gp-de-austria-la-clas\">source<\/a><\/p>\n","protected":false},"excerpt":{"rendered":"<p>Pole para Norris; Colapinto largar\u00e1 14\u00ba Lando Norris estuvo intratable y mantuvo el dominio con&#8230;<\/p>\n","protected":false},"author":3,"featured_media":22056,"comment_status":"closed","ping_status":"closed","sticky":false,"template":"","format":"standard","meta":{"footnotes":""},"categories":[21],"tags":[],"class_list":["post-22055","post","type-post","status-publish","format-standard","has-post-thumbnail","hentry","category-deportes"],"featured_image_urls":{"full":["https:\/\/fmamiga909.com.ar\/wp-content\/uploads\/2025\/06\/wp-header-logo-368.png",960,540,false],"thumbnail":["https:\/\/fmamiga909.com.ar\/wp-content\/uploads\/2025\/06\/wp-header-logo-368-150x150.png",150,150,true],"medium":["https:\/\/fmamiga909.com.ar\/wp-content\/uploads\/2025\/06\/wp-header-logo-368-300x169.png",300,169,true],"medium_large":["https:\/\/fmamiga909.com.ar\/wp-content\/uploads\/2025\/06\/wp-header-logo-368.png",960,540,false],"large":["https:\/\/fmamiga909.com.ar\/wp-content\/uploads\/2025\/06\/wp-header-logo-368.png",640,360,false],"1536x1536":["https:\/\/fmamiga909.com.ar\/wp-content\/uploads\/2025\/06\/wp-header-logo-368.png",960,540,false],"2048x2048":["https:\/\/fmamiga909.com.ar\/wp-content\/uploads\/2025\/06\/wp-header-logo-368.png",960,540,false],"newsium-slider-full":["https:\/\/fmamiga909.com.ar\/wp-content\/uploads\/2025\/06\/wp-header-logo-368.png",960,540,false],"newsium-featured":["https:\/\/fmamiga909.com.ar\/wp-content\/uploads\/2025\/06\/wp-header-logo-368.png",960,540,false],"newsium-medium":["https:\/\/fmamiga909.com.ar\/wp-content\/uploads\/2025\/06\/wp-header-logo-368-720x475.png",720,475,true]},"author_info":{"display_name":"Fredy Giuliano","author_link":"https:\/\/fmamiga909.com.ar\/?author=3"},"category_info":"<a href=\"https:\/\/fmamiga909.com.ar\/?cat=21\" rel=\"category\">Deportes<\/a>","tag_info":"Deportes","comment_count":"0","_links":{"self":[{"href":"https:\/\/fmamiga909.com.ar\/index.php?rest_route=\/wp\/v2\/posts\/22055","targetHints":{"allow":["GET"]}}],"collection":[{"href":"https:\/\/fmamiga909.com.ar\/index.php?rest_route=\/wp\/v2\/posts"}],"about":[{"href":"https:\/\/fmamiga909.com.ar\/index.php?rest_route=\/wp\/v2\/types\/post"}],"author":[{"embeddable":true,"href":"https:\/\/fmamiga909.com.ar\/index.php?rest_route=\/wp\/v2\/users\/3"}],"replies":[{"embeddable":true,"href":"https:\/\/fmamiga909.com.ar\/index.php?rest_route=%2Fwp%2Fv2%2Fcomments&post=22055"}],"version-history":[{"count":0,"href":"https:\/\/fmamiga909.com.ar\/index.php?rest_route=\/wp\/v2\/posts\/22055\/revisions"}],"wp:featuredmedia":[{"embeddable":true,"href":"https:\/\/fmamiga909.com.ar\/index.php?rest_route=\/wp\/v2\/media\/22056"}],"wp:attachment":[{"href":"https:\/\/fmamiga909.com.ar\/index.php?rest_route=%2Fwp%2Fv2%2Fmedia&parent=22055"}],"wp:term":[{"taxonomy":"category","embeddable":true,"href":"https:\/\/fmamiga909.com.ar\/index.php?rest_route=%2Fwp%2Fv2%2Fcategories&post=22055"},{"taxonomy":"post_tag","embeddable":true,"href":"https:\/\/fmamiga909.com.ar\/index.php?rest_route=%2Fwp%2Fv2%2Ftags&post=22055"}],"curies":[{"name":"wp","href":"https:\/\/api.w.org\/{rel}","templated":true}]}}