{"id":22109,"date":"2025-06-30T21:45:24","date_gmt":"2025-06-30T21:45:24","guid":{"rendered":"https:\/\/fmamiga909.com.ar\/?p=22109"},"modified":"2025-06-30T21:45:24","modified_gmt":"2025-06-30T21:45:24","slug":"formula-1-rodaje-para-un-companero-de-colapinto","status":"publish","type":"post","link":"https:\/\/fmamiga909.com.ar\/?p=22109","title":{"rendered":"F\u00f3rmula 1: rodaje para un compa\u00f1ero de Colapinto"},"content":{"rendered":"<div><!-- Body --><\/p>\n<p><b>Alpine<\/b>, la escuder\u00eda del argentino Franco Colapinto, <b>anunci\u00f3 este lunes que Paul Aron, uno de sus pilotos de reserva,\u00a0participar\u00e1 de la primera pr\u00e1ctica libre de los Grandes Premios de Gran Breta\u00f1a y Hungr\u00eda con el equipo Sauber<\/b> luego de un acuerdo entre ambos equipos. \u00abEstoy muy contento con esta oportunidad de tener un valioso tiempo de pista en la F\u00f3rmula Uno\u00bb, cont\u00f3 el estonio.<\/p>\n<p>La escuder\u00eda suiza, que tiene como titulares al alem\u00e1n Nico Hulkenberg y al brasile\u00f1o Gabriel Bortoleto, no anunci\u00f3 este a\u00f1o pilotos de reserva y, seg\u00fan el comunicado de Alpine, utilizar\u00e1 las prestaciones de Aron en Silverstone y en el Hungaroring para cumplir con las regulaciones impuestas por la FIA\u00a0que establecen la participaci\u00f3n de j\u00f3venes pilotos (con no m\u00e1s de dos participaciones en carreras) en las sesiones de pr\u00e1cticas. <b>Sauber solamente debe cumplir con dos sesiones en este calendario, dado que Bortoleto inici\u00f3 su temporada sin experiencia en el Gran Circo y entonces es el monoplaza de Hulkenberg el que \u00abdebe\u00bb a\u00fan su doble participaci\u00f3n de un novato.<\/b><\/p>\n<div class=\"iframely-embed medium-embedded-content\" data-html=\"Jmx0O2Jsb2NrcXVvdGUgY2xhc3M9InR3aXR0ZXItdHdlZXQiIGRhdGEtZG50PSJ0cnVlIiBhbGlnbj0iY2VudGVyIiZndDsmbHQ7cCBsYW5nPSJlbiIgZGlyPSJsdHIiJmd0O0FuIGV4Y2l0aW5nIHdlZWtlbmQgZm9yICZsdDthIGhyZWY9Imh0dHBzOi8vdHdpdHRlci5jb20vUGF1bEFyb24xNj9yZWZfc3JjPXR3c3JjJTVFdGZ3IiZndDtAUGF1bEFyb24xNiZsdDsvYSZndDsg8J+ZjCZsdDticiZndDsmbHQ7YnImZ3Q7U2VlIHlvdSBvbiB0cmFjayDwn6uhICZsdDthIGhyZWY9Imh0dHBzOi8vdC5jby94UlIwU1VWSk9GIiZndDtodHRwczovL3QuY28veFJSMFNVVkpPRiZsdDsvYSZndDsmbHQ7L3AmZ3Q7JmFtcDttZGFzaDsgQldUIEFscGluZSBGb3JtdWxhIE9uZSBUZWFtIChAQWxwaW5lRjFUZWFtKSAmbHQ7YSBocmVmPSJodHRwczovL3R3aXR0ZXIuY29tL0FscGluZUYxVGVhbS9zdGF0dXMvMTkzOTY4NDQyMjg5NjMwODQ5Mz9yZWZfc3JjPXR3c3JjJTVFdGZ3IiZndDtKdW5lIDMwLCAyMDI1Jmx0Oy9hJmd0OyZsdDsvYmxvY2txdW90ZSZndDsKJmx0O3NjcmlwdCBhc3luYyBzcmM9Imh0dHBzOi8vcGxhdGZvcm0udHdpdHRlci5jb20vd2lkZ2V0cy5qcyIgY2hhcnNldD0idXRmLTgiJmd0OyZsdDsvc2NyaXB0Jmd0OwoKJmx0O2RpdiBjbGFzcz0ibWVkaXVtLWluc2VydC1lbWJlZHMtbWV0YSImZ3Q7Jmx0O3NjcmlwdCB0eXBlPSJ0ZXh0L2pzb24iJmd0O3sidXJsIjoiaHR0cHM6Ly90d2l0dGVyLmNvbS9BbHBpbmVGMVRlYW0vc3RhdHVzLzE5Mzk2ODQ0MjI4OTYzMDg0OTMiLCJ0eXBlIjoicmljaCIsInZlcnNpb24iOiIxLjAiLCJ0aXRsZSI6IkJXVCBBbHBpbmUgRm9ybXVsYSBPbmUgVGVhbSBvbiBUd2l0dGVyIC8gWCIsImF1dGhvciI6IkJXVCBBbHBpbmUgRm9ybXVsYSBPbmUgVGVhbSIsImF1dGhvcl91cmwiOiJodHRwczovL3R3aXR0ZXIuY29tL0FscGluZUYxVGVhbSIsInByb3ZpZGVyX25hbWUiOiJUd2l0dGVyIiwiZGVzY3JpcHRpb24iOiJBbiBleGNpdGluZyB3ZWVrZW5kIGZvciBAUGF1bEFyb24xNiDwn5mMU2VlIHlvdSBvbiB0cmFjayDwn6uhIGh0dHBzOi8vdC5jby94UlIwU1VWSk9G4oCUIEJXVCBBbHBpbmUgRm9ybXVsYSBPbmUgVGVhbSAoQEFscGluZUYxVGVhbSkgSnVuZSAzMCwgMjAyNVxuXG5cbiIsImNhY2hlX2FnZSI6ODY0MDAsIm9wdGlvbnMiOnsiX2hpZGVfbWVkaWEiOnsibGFiZWwiOiJIaWRlIHBob3RvcywgdmlkZW9zLCBhbmQgY2FyZHMiLCJ2YWx1ZSI6ZmFsc2V9LCJfdGhlbWUiOnsidmFsdWUiOiIiLCJ2YWx1ZXMiOnsiZGFyayI6IlVzZSBkYXJrIHRoZW1lIn19LCJfbWF4d2lkdGgiOnsidmFsdWUiOiIiLCJsYWJlbCI6IkFkanVzdCB3aWR0aCIsInBsYWNlaG9sZGVyIjoiMjIwLTU1MCwgaW4gcHgifX19Jmx0Oy9zY3JpcHQmZ3Q7Jmx0Oy9kaXYmZ3Q7\">\n                <a data-iframely-url=\"\" href=\"https:\/\/twitter.com\/AlpineF1Team\/status\/1939684422896308493\">https:\/\/twitter.com\/AlpineF1Team\/status\/1939684422896308493<\/a>\n              <\/div>\n<p>Mientras que desde la escuder\u00eda con base en\u00a0Hinwil saludaron a Aron, <b>desde Alpine anunciaron que, m\u00e1s all\u00e1 del acuerdo, el estonio \u00absigue siendo un miembro clave del equipo\u00bb y que luego de sus participaciones con Sauber \u00abcompletar\u00e1 las tres sesiones de debutantes obligatorias restantes del equipo en 2025, cuyas fechas se confirmar\u00e1n pr\u00f3ximamente\u00bb.<\/b> Cabe recordar que Alpine cumpli\u00f3 solo una pr\u00e1ctica libre de la mano de un piloto inexperto en la M\u00e1xima: fue en el Gran Premio de Jap\u00f3n, cuando el local Ryo Hirakawa fue protagonista del primer ensayo en Suzuka, despu\u00e9s de lo cual inmediatamente fue anunciado como nuevo piloto de reserva de HAAS, equipo en el que permanece.<\/p>\n<p>Sauber, en su comunicado oficial, anunci\u00f3 que,\u00a0luego de la primera pr\u00e1ctica libre en Silverstone, Aron \u00abregresar\u00e1 a Alpine para el resto del fin de semana\u00bb. Si bien los acuerdos entre escuder\u00edas son algo previsto por la F\u00f3rmula 1 -en 2023 el alem\u00e1n Mick Schumacher fue reserva simult\u00e1neamente en Mercedes y McLaren por un arreglo entre ambos equipos-, en esta oportunidad<b> la rareza radica en que Alpine y Sauber son competidores directos por meterse en la zona de puntos<\/b>. Aunque los monoplazas de color verde y negro han mostrado mejor rendimiento que sus pares de Alpine -notorio sobre todo en las \u00faltimas carreras- y los aventajan en el campeonato de constructores, lo cierto es que sus pilotos pelean sobre la pista carrera a carrera.<\/p>\n<p><!-- Live Blog Post --><\/div>\n<p><script async src=\"\/\/platform.twitter.com\/widgets.js\" charset=\"utf-8\"><\/script><br \/><a href=\"https:\/\/www.pagina12.com.ar\/838455-formula-1-rodaje-para-un-companero-de-colapinto\">source<\/a><\/p>\n","protected":false},"excerpt":{"rendered":"<p>Alpine, la escuder\u00eda del argentino Franco Colapinto, anunci\u00f3 este lunes que Paul Aron, uno de&#8230;<\/p>\n","protected":false},"author":3,"featured_media":22110,"comment_status":"closed","ping_status":"closed","sticky":false,"template":"","format":"standard","meta":{"footnotes":""},"categories":[21],"tags":[],"class_list":["post-22109","post","type-post","status-publish","format-standard","has-post-thumbnail","hentry","category-deportes"],"featured_image_urls":{"full":["https:\/\/fmamiga909.com.ar\/wp-content\/uploads\/2025\/06\/wp-header-logo-395.png",960,540,false],"thumbnail":["https:\/\/fmamiga909.com.ar\/wp-content\/uploads\/2025\/06\/wp-header-logo-395-150x150.png",150,150,true],"medium":["https:\/\/fmamiga909.com.ar\/wp-content\/uploads\/2025\/06\/wp-header-logo-395-300x169.png",300,169,true],"medium_large":["https:\/\/fmamiga909.com.ar\/wp-content\/uploads\/2025\/06\/wp-header-logo-395.png",960,540,false],"large":["https:\/\/fmamiga909.com.ar\/wp-content\/uploads\/2025\/06\/wp-header-logo-395.png",640,360,false],"1536x1536":["https:\/\/fmamiga909.com.ar\/wp-content\/uploads\/2025\/06\/wp-header-logo-395.png",960,540,false],"2048x2048":["https:\/\/fmamiga909.com.ar\/wp-content\/uploads\/2025\/06\/wp-header-logo-395.png",960,540,false],"newsium-slider-full":["https:\/\/fmamiga909.com.ar\/wp-content\/uploads\/2025\/06\/wp-header-logo-395.png",960,540,false],"newsium-featured":["https:\/\/fmamiga909.com.ar\/wp-content\/uploads\/2025\/06\/wp-header-logo-395.png",960,540,false],"newsium-medium":["https:\/\/fmamiga909.com.ar\/wp-content\/uploads\/2025\/06\/wp-header-logo-395-720x475.png",720,475,true]},"author_info":{"display_name":"Fredy Giuliano","author_link":"https:\/\/fmamiga909.com.ar\/?author=3"},"category_info":"<a href=\"https:\/\/fmamiga909.com.ar\/?cat=21\" rel=\"category\">Deportes<\/a>","tag_info":"Deportes","comment_count":"0","_links":{"self":[{"href":"https:\/\/fmamiga909.com.ar\/index.php?rest_route=\/wp\/v2\/posts\/22109","targetHints":{"allow":["GET"]}}],"collection":[{"href":"https:\/\/fmamiga909.com.ar\/index.php?rest_route=\/wp\/v2\/posts"}],"about":[{"href":"https:\/\/fmamiga909.com.ar\/index.php?rest_route=\/wp\/v2\/types\/post"}],"author":[{"embeddable":true,"href":"https:\/\/fmamiga909.com.ar\/index.php?rest_route=\/wp\/v2\/users\/3"}],"replies":[{"embeddable":true,"href":"https:\/\/fmamiga909.com.ar\/index.php?rest_route=%2Fwp%2Fv2%2Fcomments&post=22109"}],"version-history":[{"count":0,"href":"https:\/\/fmamiga909.com.ar\/index.php?rest_route=\/wp\/v2\/posts\/22109\/revisions"}],"wp:featuredmedia":[{"embeddable":true,"href":"https:\/\/fmamiga909.com.ar\/index.php?rest_route=\/wp\/v2\/media\/22110"}],"wp:attachment":[{"href":"https:\/\/fmamiga909.com.ar\/index.php?rest_route=%2Fwp%2Fv2%2Fmedia&parent=22109"}],"wp:term":[{"taxonomy":"category","embeddable":true,"href":"https:\/\/fmamiga909.com.ar\/index.php?rest_route=%2Fwp%2Fv2%2Fcategories&post=22109"},{"taxonomy":"post_tag","embeddable":true,"href":"https:\/\/fmamiga909.com.ar\/index.php?rest_route=%2Fwp%2Fv2%2Ftags&post=22109"}],"curies":[{"name":"wp","href":"https:\/\/api.w.org\/{rel}","templated":true}]}}