{"id":22118,"date":"2025-06-30T23:25:04","date_gmt":"2025-06-30T23:25:04","guid":{"rendered":"https:\/\/fmamiga909.com.ar\/?p=22118"},"modified":"2025-06-30T23:25:05","modified_gmt":"2025-06-30T23:25:05","slug":"elecciones-comunales-hersilia-2025","status":"publish","type":"post","link":"https:\/\/fmamiga909.com.ar\/?p=22118","title":{"rendered":"ELECCIONES COMUNALES \u2013 HERSILIA 2025"},"content":{"rendered":"\n<p>Este domingo 29 de junio, Hersilia eligi\u00f3 nuevamente a su representante comunal.<\/p>\n\n\n\n<p>Con 1.173 votos, Silvana Beatriz Romero fue reelecta como Presidente Comunal, superando a Mat\u00edas Vicens, quien obtuvo 754 votos.<\/p>\n\n\n\n<p><img loading=\"lazy\" decoding=\"async\" height=\"16\" width=\"16\" alt=\"\ud83d\udcca\" src=\"https:\/\/static.xx.fbcdn.net\/images\/emoji.php\/v9\/taa\/1\/16\/1f4ca.png\"> Resultados totales:<\/p>\n\n\n\n<p><img loading=\"lazy\" decoding=\"async\" height=\"16\" width=\"16\" alt=\"\ud83d\udfe6\" src=\"https:\/\/static.xx.fbcdn.net\/images\/emoji.php\/v9\/t0\/1\/16\/1f7e6.png\"> Silvana Romero: 1.173 votos<\/p>\n\n\n\n<p><img loading=\"lazy\" decoding=\"async\" height=\"16\" width=\"16\" alt=\"\ud83d\udfe5\" src=\"https:\/\/static.xx.fbcdn.net\/images\/emoji.php\/v9\/t7f\/1\/16\/1f7e5.png\"> Mat\u00edas Vicens: 754 votos<\/p>\n\n\n\n<p><img loading=\"lazy\" decoding=\"async\" height=\"16\" width=\"16\" alt=\"\u26aa\" src=\"https:\/\/static.xx.fbcdn.net\/images\/emoji.php\/v9\/t8d\/1\/16\/26aa.png\"> Votos en blanco: 55<\/p>\n\n\n\n<p><img loading=\"lazy\" decoding=\"async\" height=\"16\" width=\"16\" alt=\"\u274c\" src=\"https:\/\/static.xx.fbcdn.net\/images\/emoji.php\/v9\/tdd\/1\/16\/274c.png\"> Votos nulos: 55<\/p>\n\n\n\n<p><img loading=\"lazy\" decoding=\"async\" height=\"16\" width=\"16\" alt=\"\ud83e\uddfe\" src=\"https:\/\/static.xx.fbcdn.net\/images\/emoji.php\/v9\/td0\/1\/16\/1f9fe.png\"> Total de votos: 2.092<\/p>\n\n\n\n<p><img loading=\"lazy\" decoding=\"async\" height=\"16\" width=\"16\" alt=\"\ud83d\udd04\" src=\"https:\/\/static.xx.fbcdn.net\/images\/emoji.php\/v9\/t91\/1\/16\/1f504.png\"> Comparativa con 2023:<\/p>\n\n\n\n<p>En 2023, Silvana Romero gan\u00f3 por una diferencia de 369 votos (1.218 a 849) a la lista opositora encabezada por el ex presidente comunal Celestino Nicolau.<\/p>\n\n\n\n<p>En 2025, la diferencia fue de 419 votos, consolidando una amplia ventaja y mostrando un crecimiento en el respaldo local.<\/p>\n\n\n\n<p><img loading=\"lazy\" decoding=\"async\" height=\"16\" width=\"16\" alt=\"\u2705\" src=\"https:\/\/static.xx.fbcdn.net\/images\/emoji.php\/v9\/t33\/1\/16\/2705.png\"> Hersilia se suma as\u00ed a las 28 localidades del departamento San Crist\u00f3bal donde gan\u00f3 el frente Unidos para Cambiar Santa Fe.<\/p>\n\n\n\n<p>Gracias a cada vecina y vecino que particip\u00f3, defendiendo la democracia con su voto.<\/p>\n\n\n\n<p>Seguimos construyendo juntos el futuro de nuestra comunidad.<\/p>\n","protected":false},"excerpt":{"rendered":"<p>Este domingo 29 de junio, Hersilia eligi\u00f3 nuevamente a su representante comunal. Con 1.173 votos,&#8230;<\/p>\n","protected":false},"author":3,"featured_media":22119,"comment_status":"closed","ping_status":"closed","sticky":false,"template":"","format":"standard","meta":{"footnotes":""},"categories":[20,3],"tags":[],"class_list":["post-22118","post","type-post","status-publish","format-standard","has-post-thumbnail","hentry","category-entrevistas","category-noticias"],"featured_image_urls":{"full":["https:\/\/fmamiga909.com.ar\/wp-content\/uploads\/2025\/06\/romero-silvana.jpeg",998,1248,false],"thumbnail":["https:\/\/fmamiga909.com.ar\/wp-content\/uploads\/2025\/06\/romero-silvana-150x150.jpeg",150,150,true],"medium":["https:\/\/fmamiga909.com.ar\/wp-content\/uploads\/2025\/06\/romero-silvana-240x300.jpeg",240,300,true],"medium_large":["https:\/\/fmamiga909.com.ar\/wp-content\/uploads\/2025\/06\/romero-silvana.jpeg",998,1248,false],"large":["https:\/\/fmamiga909.com.ar\/wp-content\/uploads\/2025\/06\/romero-silvana-819x1024.jpeg",640,800,true],"1536x1536":["https:\/\/fmamiga909.com.ar\/wp-content\/uploads\/2025\/06\/romero-silvana.jpeg",998,1248,false],"2048x2048":["https:\/\/fmamiga909.com.ar\/wp-content\/uploads\/2025\/06\/romero-silvana.jpeg",998,1248,false],"newsium-slider-full":["https:\/\/fmamiga909.com.ar\/wp-content\/uploads\/2025\/06\/romero-silvana-998x845.jpeg",998,845,true],"newsium-featured":["https:\/\/fmamiga909.com.ar\/wp-content\/uploads\/2025\/06\/romero-silvana.jpeg",998,1248,false],"newsium-medium":["https:\/\/fmamiga909.com.ar\/wp-content\/uploads\/2025\/06\/romero-silvana-720x475.jpeg",720,475,true]},"author_info":{"display_name":"Fredy Giuliano","author_link":"https:\/\/fmamiga909.com.ar\/?author=3"},"category_info":"<a href=\"https:\/\/fmamiga909.com.ar\/?cat=20\" rel=\"category\">Entrevistas<\/a> <a href=\"https:\/\/fmamiga909.com.ar\/?cat=3\" rel=\"category\">Noticias<\/a>","tag_info":"Noticias","comment_count":"0","_links":{"self":[{"href":"https:\/\/fmamiga909.com.ar\/index.php?rest_route=\/wp\/v2\/posts\/22118","targetHints":{"allow":["GET"]}}],"collection":[{"href":"https:\/\/fmamiga909.com.ar\/index.php?rest_route=\/wp\/v2\/posts"}],"about":[{"href":"https:\/\/fmamiga909.com.ar\/index.php?rest_route=\/wp\/v2\/types\/post"}],"author":[{"embeddable":true,"href":"https:\/\/fmamiga909.com.ar\/index.php?rest_route=\/wp\/v2\/users\/3"}],"replies":[{"embeddable":true,"href":"https:\/\/fmamiga909.com.ar\/index.php?rest_route=%2Fwp%2Fv2%2Fcomments&post=22118"}],"version-history":[{"count":1,"href":"https:\/\/fmamiga909.com.ar\/index.php?rest_route=\/wp\/v2\/posts\/22118\/revisions"}],"predecessor-version":[{"id":22120,"href":"https:\/\/fmamiga909.com.ar\/index.php?rest_route=\/wp\/v2\/posts\/22118\/revisions\/22120"}],"wp:featuredmedia":[{"embeddable":true,"href":"https:\/\/fmamiga909.com.ar\/index.php?rest_route=\/wp\/v2\/media\/22119"}],"wp:attachment":[{"href":"https:\/\/fmamiga909.com.ar\/index.php?rest_route=%2Fwp%2Fv2%2Fmedia&parent=22118"}],"wp:term":[{"taxonomy":"category","embeddable":true,"href":"https:\/\/fmamiga909.com.ar\/index.php?rest_route=%2Fwp%2Fv2%2Fcategories&post=22118"},{"taxonomy":"post_tag","embeddable":true,"href":"https:\/\/fmamiga909.com.ar\/index.php?rest_route=%2Fwp%2Fv2%2Ftags&post=22118"}],"curies":[{"name":"wp","href":"https:\/\/api.w.org\/{rel}","templated":true}]}}