{"id":22189,"date":"2025-07-03T15:54:53","date_gmt":"2025-07-03T15:54:53","guid":{"rendered":"https:\/\/fmamiga909.com.ar\/?p=22189"},"modified":"2025-07-03T15:54:53","modified_gmt":"2025-07-03T15:54:53","slug":"que-se-sabe-de-la-muerte-de-diogo-jota-y-su-hermano-autopsia-y-traslado-de-los-cuerpos-a-portugal","status":"publish","type":"post","link":"https:\/\/fmamiga909.com.ar\/?p=22189","title":{"rendered":"Qu\u00e9 se sabe de la muerte de Diogo Jota y su hermano: autopsia y traslado de los cuerpos a Portugal"},"content":{"rendered":"<div><!-- Body --><\/p>\n<p>El Instituto de Medicina Legal y Ciencias Forenses de Zamora concluy\u00f3 la <b>autopsia<\/b> de los restos del futbolista portugu\u00e9s del Liverpool <b><a href=\"https:\/\/www.pagina12.com.ar\/839130-murio-el-futbolista-del-liverpool-diogo-jota-en-un-accidente\">Diogo Jota<\/a><\/b> y de su hermano, el tambi\u00e9n futbolista, <b>Andr\u00e9 Filipo<\/b>, fallecidos en la madrugada de este jueves en un accidente de tr\u00e1fico en la Autov\u00eda R\u00edas Bajas (A-52) en Cernadilla, en la localidad espa\u00f1ola de Zamora. <b>Sus cuerpos est\u00e1n siendo trasladados a Portugal<\/b> mientras avanza la investigaci\u00f3n que determinar\u00e1 qu\u00e9 caus\u00f3 la p\u00e9rdida de control del veh\u00edculo y su posterior incendio.<\/p>\n<h3\/>\n<p>La autopsia se prolong\u00f3 cerca de dos horas. Se intent\u00f3 tomar las huellas dactilares de los cuerpos y se recogieron muestras de ADN para confirmar la identidad de las dos v\u00edctimas. Seg\u00fan precis\u00f3 \u00c1ngel Blanco, el subdelegado del gobierno de Zamora, las muestras se enviar\u00e1n al Instituto Nacional de Toxicolog\u00eda y Ciencia Forense de Madrid, para <b>confirmar cient\u00edficamente la identidad de los dos fallecidos<\/b>.<\/p>\n<p>Asimismo, durante las primeras horas de este jueves trascendi\u00f3 que el Lamborghini en el que viajaban Diogo Jota y su hermano Andr\u00e9 Filipe qued\u00f3 completamente calcinado tras salirse de la ruta.\u00a0Seg\u00fan precis\u00f3 el medio Record, <b>iba camino de Santander para tomar un buque para Inglaterra<\/b>.<\/p>\n<div class=\"medium-insert-embeds\">\n<figure>\n<div class=\"medium-insert-embed\">\n<div align=\"center\">\n<figure role=\"group\" class=\"caption caption-drupal-entity\"><figcaption>Restos del Lamborghini destrozado que conduc\u00eda Jota en la\u00a0Autov\u00eda R\u00edas Bajas de Cernadilla. (Imagen: EFE)<\/figcaption><\/figure>\n<\/div><\/div>\n<\/figure>\n<\/div>\n<p>El aviso a la Polic\u00eda se realiz\u00f3 pasada la medianoche, y r\u00e1pidamente se activaron los bomberos, la Guardia Civil de Tr\u00e1fico y las emergencias sanitarias. A su llegada al lugar del siniestro, los bomberos del parque de Rionegro del Puente, perteneciente al Consorcio de Extinci\u00f3n de Incendios de la Diputaci\u00f3n de Zamora, s\u00f3lo pudieron intervenir para combatir el fuego proveniente del auto para evitar que las llamas se extendieran a la vegetaci\u00f3n colindante.<\/p>\n<p>La investigaci\u00f3n del accidente apunta inicialmente a que <b>el veh\u00edculo sufri\u00f3 el revent\u00f3n de un neum\u00e1tico mientras realizaba un adelantamiento<\/b>, seg\u00fan fuentes de la Subdelegaci\u00f3n del Gobierno en Zamora.\u00a0<\/p>\n<p>Fuentes de la Guardia Civil explicaron que en ese tramo de ruta la velocidad m\u00e1xima es de 120 kil\u00f3metros por hora, y se\u00f1alaron que <b>Jota pudo haber tenido un exceso de velocidad en una zona donde el asfalto tiene imperfecciones<\/b>, lo que habr\u00eda provocado el revent\u00f3n de un neum\u00e1tico trasero y la posterior p\u00e9rdida de control del auto Lamborghini Hurac\u00e1n de tracci\u00f3n trasera, que el futbolista<b> hab\u00eda alquilado<\/b>.<\/p>\n<div class=\"iframely-embed medium-embedded-content\" data-html=\"Jmx0O2RpdiZndDsmbHQ7ZGl2IHN0eWxlPSJsZWZ0OiAwOyB3aWR0aDogMTAwJTsgaGVpZ2h0OiAwOyBwb3NpdGlvbjogcmVsYXRpdmU7IHBhZGRpbmctYm90dG9tOiA1Ni4wNDE3JTsiJmd0OyZsdDtpZnJhbWUgc3JjPSJodHRwczovL2lmcmFtZWx5LnBhZ2luYTEyLmNvbS5hci9hcGkvaWZyYW1lP2NsaWNrX3RvX3BsYXk9MSZhbXA7dXJsPWh0dHBzJTNBJTJGJTJGZ2VvLmRhaWx5bW90aW9uLmNvbSUyRnBsYXllciUyRnh0NWVlLmh0bWwlM0Z2aWRlbyUzRHg5bTlpaGEmYW1wO2tleT00Njc2YjVmZGMwODMyNTdlYTg3ZjcxNjA4Yzc0ZTlmZSIgc3R5bGU9InRvcDogMDsgbGVmdDogMDsgd2lkdGg6IDEwMCU7IGhlaWdodDogMTAwJTsgcG9zaXRpb246IGFic29sdXRlOyBib3JkZXI6IDA7IiBhbGxvd2Z1bGxzY3JlZW4gc2Nyb2xsaW5nPSJubyIgYWxsb3c9ImVuY3J5cHRlZC1tZWRpYSAqOyImZ3Q7Jmx0Oy9pZnJhbWUmZ3Q7Jmx0Oy9kaXYmZ3Q7Jmx0Oy9kaXYmZ3Q7Jmx0O2RpdiBjbGFzcz0ibWVkaXVtLWluc2VydC1lbWJlZHMtbWV0YSImZ3Q7Jmx0O3NjcmlwdCB0eXBlPSJ0ZXh0L2pzb24iJmd0O3sidXJsIjoiaHR0cHM6Ly9nZW8uZGFpbHltb3Rpb24uY29tL3BsYXllci94dDVlZS5odG1sP3ZpZGVvPXg5bTlpaGEiLCJ0eXBlIjoidmlkZW8iLCJ2ZXJzaW9uIjoiMS4wIiwidGl0bGUiOiJBdXRvIGRlIERpb2dvIEpvdGEgaW5jZW5kaWFkbyBtaW51dG9zIGRlc3B1w6lzIGRlbCBmYXRhbCBhY2NpZGVudGUiLCJhdXRob3IiOiJQw6FnaW5hMTIiLCJhdXRob3JfdXJsIjoiaHR0cHM6Ly93d3cuZGFpbHltb3Rpb24uY29tL1BhZ2luYTEyIiwicHJvdmlkZXJfbmFtZSI6IkRhaWx5bW90aW9uIiwiZGVzY3JpcHRpb24iOiJWZXIgQXV0byBkZSBEaW9nbyBKb3RhIGluY2VuZGlhZG8gbWludXRvcyBkZXNwdcOpcyBkZWwgZmF0YWwgYWNjaWRlbnRlIC0gUMOhZ2luYTEyIGVuIERhaWx5bW90aW9uIiwidGh1bWJuYWlsX3VybCI6Imh0dHBzOi8vczEuZG1jZG4ubmV0L3YvWWdiX0UxZVBmQ01zQ3dlQnQveDcyMCIsInRodW1ibmFpbF93aWR0aCI6MTI4MCwidGh1bWJuYWlsX2hlaWdodCI6NzIwLCJjYWNoZV9hZ2UiOjg2NDAwfSZsdDsvc2NyaXB0Jmd0OyZsdDsvZGl2Jmd0Ow==\">\n                <a data-iframely-url=\"\" href=\"https:\/\/geo.dailymotion.com\/player\/xt5ee.html?video=x9m9iha\">https:\/\/geo.dailymotion.com\/player\/xt5ee.html?video=x9m9iha<\/a>\n              <\/div>\n<p>El lugar en el que se produjo el suceso era un tramo recto de la autov\u00eda A-52, por la que\u00a0 los dos jugadores viajaban en direcci\u00f3n Benavente, en sentido contrario a Portugal.<\/p>\n<p>Diogo Jota era actualmente jugador del Liverpool <b>desde el 2020<\/b>, despu\u00e9s de haber estado en el Atl\u00e9tico de Madrid en 2016, y posteriormente en el FC Porto hasta 2018, cuando pas\u00f3 a la liga inglesa, mientras que <b>su hermano Andr\u00e9 jugaba en el Futebol Clue Penafiel<\/b>, equipo de la Segunda Divisi\u00f3n portuguesa.\u00a0<\/p>\n<h3><b>Segu\u00ed leyendo:<\/b><\/h3>\n<h3\/><!-- Live Blog Post --><\/div>\n<p><a href=\"https:\/\/www.pagina12.com.ar\/839185-que-se-sabe-de-la-muerte-de-diogo-jota-y-su-hermano-autopsia\">source<\/a><\/p>\n","protected":false},"excerpt":{"rendered":"<p>El Instituto de Medicina Legal y Ciencias Forenses de Zamora concluy\u00f3 la autopsia de los&#8230;<\/p>\n","protected":false},"author":3,"featured_media":22190,"comment_status":"closed","ping_status":"closed","sticky":false,"template":"","format":"standard","meta":{"footnotes":""},"categories":[21],"tags":[],"class_list":["post-22189","post","type-post","status-publish","format-standard","has-post-thumbnail","hentry","category-deportes"],"featured_image_urls":{"full":["https:\/\/fmamiga909.com.ar\/wp-content\/uploads\/2025\/07\/wp-header-logo-24.png",960,540,false],"thumbnail":["https:\/\/fmamiga909.com.ar\/wp-content\/uploads\/2025\/07\/wp-header-logo-24-150x150.png",150,150,true],"medium":["https:\/\/fmamiga909.com.ar\/wp-content\/uploads\/2025\/07\/wp-header-logo-24-300x169.png",300,169,true],"medium_large":["https:\/\/fmamiga909.com.ar\/wp-content\/uploads\/2025\/07\/wp-header-logo-24.png",960,540,false],"large":["https:\/\/fmamiga909.com.ar\/wp-content\/uploads\/2025\/07\/wp-header-logo-24.png",640,360,false],"1536x1536":["https:\/\/fmamiga909.com.ar\/wp-content\/uploads\/2025\/07\/wp-header-logo-24.png",960,540,false],"2048x2048":["https:\/\/fmamiga909.com.ar\/wp-content\/uploads\/2025\/07\/wp-header-logo-24.png",960,540,false],"newsium-slider-full":["https:\/\/fmamiga909.com.ar\/wp-content\/uploads\/2025\/07\/wp-header-logo-24.png",960,540,false],"newsium-featured":["https:\/\/fmamiga909.com.ar\/wp-content\/uploads\/2025\/07\/wp-header-logo-24.png",960,540,false],"newsium-medium":["https:\/\/fmamiga909.com.ar\/wp-content\/uploads\/2025\/07\/wp-header-logo-24-720x475.png",720,475,true]},"author_info":{"display_name":"Fredy Giuliano","author_link":"https:\/\/fmamiga909.com.ar\/?author=3"},"category_info":"<a href=\"https:\/\/fmamiga909.com.ar\/?cat=21\" rel=\"category\">Deportes<\/a>","tag_info":"Deportes","comment_count":"0","_links":{"self":[{"href":"https:\/\/fmamiga909.com.ar\/index.php?rest_route=\/wp\/v2\/posts\/22189","targetHints":{"allow":["GET"]}}],"collection":[{"href":"https:\/\/fmamiga909.com.ar\/index.php?rest_route=\/wp\/v2\/posts"}],"about":[{"href":"https:\/\/fmamiga909.com.ar\/index.php?rest_route=\/wp\/v2\/types\/post"}],"author":[{"embeddable":true,"href":"https:\/\/fmamiga909.com.ar\/index.php?rest_route=\/wp\/v2\/users\/3"}],"replies":[{"embeddable":true,"href":"https:\/\/fmamiga909.com.ar\/index.php?rest_route=%2Fwp%2Fv2%2Fcomments&post=22189"}],"version-history":[{"count":0,"href":"https:\/\/fmamiga909.com.ar\/index.php?rest_route=\/wp\/v2\/posts\/22189\/revisions"}],"wp:featuredmedia":[{"embeddable":true,"href":"https:\/\/fmamiga909.com.ar\/index.php?rest_route=\/wp\/v2\/media\/22190"}],"wp:attachment":[{"href":"https:\/\/fmamiga909.com.ar\/index.php?rest_route=%2Fwp%2Fv2%2Fmedia&parent=22189"}],"wp:term":[{"taxonomy":"category","embeddable":true,"href":"https:\/\/fmamiga909.com.ar\/index.php?rest_route=%2Fwp%2Fv2%2Fcategories&post=22189"},{"taxonomy":"post_tag","embeddable":true,"href":"https:\/\/fmamiga909.com.ar\/index.php?rest_route=%2Fwp%2Fv2%2Ftags&post=22189"}],"curies":[{"name":"wp","href":"https:\/\/api.w.org\/{rel}","templated":true}]}}