{"id":22209,"date":"2025-07-04T01:46:09","date_gmt":"2025-07-04T01:46:09","guid":{"rendered":"https:\/\/fmamiga909.com.ar\/?p=22209"},"modified":"2025-07-04T01:46:09","modified_gmt":"2025-07-04T01:46:09","slug":"murio-peter-rufai-historico-arquero-de-nigeria-en-los-mundiales-94-y-98","status":"publish","type":"post","link":"https:\/\/fmamiga909.com.ar\/?p=22209","title":{"rendered":"Muri\u00f3 Peter Rufai, hist\u00f3rico arquero de Nigeria en los Mundiales \u00b494 y \u00b498"},"content":{"rendered":"<div><!-- Body --><\/p>\n<p><b>Peter Rufai, el hist\u00f3rico arquero de la selecci\u00f3n de Nigeria<\/b> que disput\u00f3 los Mundiales de Estados Unidos 1994 y Francia 1998, <b>muri\u00f3 este jueves, a los 61 a\u00f1os<\/b> en su residencia de Lagos. La noticia fue confirmada por la familia, que revel\u00f3 que el exfutbolista sufri\u00f3 un paro card\u00edaco mientras descansaba en su hogar.<\/p>\n<p>\u00abPor siempre en nuestros corazones, Dodo Mayana. <b>Lamentamos el fallecimiento del legendario portero de las S\u00faper \u00c1guilas, Peter Rufai, un gigante del f\u00fatbol nigeriano y campe\u00f3n de la AFCON en 1994<\/b>. Tu legado sigue vivo entre los palos y m\u00e1s all\u00e1. Descansa en paz, Peter Rufai\u00bb, postearon desde la cuenta oficial de las S\u00faper \u00c1guilas en X, y acompa\u00f1aron el mensaje con el emotic\u00f3n de un coraz\u00f3n de color verde.<\/p>\n<p>Rufai jug\u00f3 65 partidos con el seleccionado de su pa\u00eds. Adem\u00e1s de las dos participaciones en Copas del Mundo -en ambos alcanz\u00f3 los octavos de final y complet\u00f3 los ocho partidos-, fue campe\u00f3n de la Copa Africana de Naciones en 1994.<\/p>\n<p>La Federaci\u00f3n Nigeriana de F\u00fatbol tambi\u00e9n emiti\u00f3 un comunicado sobre el hecho: <b>\u201cPeter Rufai no s\u00f3lo fue un extraordinario deportista, sino tambi\u00e9n un l\u00edder y un s\u00edmbolo de compromiso con nuestro pa\u00eds.<\/b> Su legado permanecer\u00e1 en la historia del f\u00fatbol nigeriano\u201d.<\/p>\n<p>Los argentinos siempre lo recordar\u00e1n como <b>el arquero de las S\u00faper \u00c1guilas Verdes en el partido que marc\u00f3 la \u00faltima funci\u00f3n de Diego Armando Maradona<\/b> con la Selecci\u00f3n Argentina. Fue en el Foxboro Stadium de Boston, por el Grupo D, de la Copa del Mundo \u00b494, que termin\u00f3 con el triunfo por 2-1 del equipo dirigido por Alfio Basile con un par de goles de Claudio Paul Caniggia que sirvieron para remontar un partido que hab\u00eda comenzado cuesta arriba con el gol tempranero de Samson Siasia.<\/p>\n<div class=\"iframely-embed medium-embedded-content\" data-html=\"Jmx0O2Jsb2NrcXVvdGUgY2xhc3M9InR3aXR0ZXItdHdlZXQiIGRhdGEtZG50PSJ0cnVlIiBhbGlnbj0iY2VudGVyIiZndDsmbHQ7cCBsYW5nPSJlbiIgZGlyPSJsdHIiJmd0O\/Cfh7Pwn4es8J+Viu+4jyBGb3JldmVyIGluIG91ciBoZWFydHMsIERvZG8gTWF5YW5hLiZsdDticiZndDsmbHQ7YnImZ3Q7V2UgbW91cm4gdGhlIHBhc3Npbmcgb2YgbGVnZW5kYXJ5IFN1cGVyIEVhZ2xlcyBnb2Fsa2VlcGVyLCBQZXRlciBSdWZhaSwgYSBnaWFudCBvZiBOaWdlcmlhbiBmb290YmFsbCBhbmQgYSAxOTk0IEFGQ09OIGNoYW1waW9uLiZsdDticiZndDsmbHQ7YnImZ3Q7WW91ciBsZWdhY3kgbGl2ZXMgb24gYmV0d2VlbiB0aGUgc3RpY2tzIGFuZCBiZXlvbmQuJmx0O2JyJmd0OyZsdDticiZndDtSZXN0IHdlbGwsIFBldGVyIFJ1ZmFpLiDwn5KaJmx0O2EgaHJlZj0iaHR0cHM6Ly90d2l0dGVyLmNvbS9oYXNodGFnL1N1cGVyRWFnbGVzP3NyYz1oYXNoJmFtcDthbXA7cmVmX3NyYz10d3NyYyU1RXRmdyImZ3Q7I1N1cGVyRWFnbGVzJmx0Oy9hJmd0OyAmbHQ7YSBocmVmPSJodHRwczovL3R3aXR0ZXIuY29tL2hhc2h0YWcvQUZDT04\/c3JjPWhhc2gmYW1wO2FtcDtyZWZfc3JjPXR3c3JjJTVFdGZ3IiZndDsjQUZDT04mbHQ7L2EmZ3Q7ICZsdDthIGhyZWY9Imh0dHBzOi8vdC5jby85eDdYRXdFNThhIiZndDtwaWMudHdpdHRlci5jb20vOXg3WEV3RTU4YSZsdDsvYSZndDsmbHQ7L3AmZ3Q7JmFtcDttZGFzaDsg8J+Hs\/Cfh6wgU3VwZXIgRWFnbGVzIChATkdTdXBlckVhZ2xlcykgJmx0O2EgaHJlZj0iaHR0cHM6Ly90d2l0dGVyLmNvbS9OR1N1cGVyRWFnbGVzL3N0YXR1cy8xOTQwODQwMzY1ODMxMjEzMTA3P3JlZl9zcmM9dHdzcmMlNUV0ZnciJmd0O0p1bHkgMywgMjAyNSZsdDsvYSZndDsmbHQ7L2Jsb2NrcXVvdGUmZ3Q7CiZsdDtzY3JpcHQgYXN5bmMgc3JjPSJodHRwczovL3BsYXRmb3JtLnR3aXR0ZXIuY29tL3dpZGdldHMuanMiIGNoYXJzZXQ9InV0Zi04IiZndDsmbHQ7L3NjcmlwdCZndDsKCiZsdDtkaXYgY2xhc3M9Im1lZGl1bS1pbnNlcnQtZW1iZWRzLW1ldGEiJmd0OyZsdDtzY3JpcHQgdHlwZT0idGV4dC9qc29uIiZndDt7InVybCI6Imh0dHBzOi8vdHdpdHRlci5jb20vTkdTdXBlckVhZ2xlcy9zdGF0dXMvMTk0MDg0MDM2NTgzMTIxMzEwNyIsInR5cGUiOiJyaWNoIiwidmVyc2lvbiI6IjEuMCIsInRpdGxlIjoi8J+Hs\/Cfh6wgU3VwZXIgRWFnbGVzIG9uIFR3aXR0ZXIgLyBYIiwiYXV0aG9yIjoi8J+Hs\/Cfh6wgU3VwZXIgRWFnbGVzIiwiYXV0aG9yX3VybCI6Imh0dHBzOi8vdHdpdHRlci5jb20vTkdTdXBlckVhZ2xlcyIsInByb3ZpZGVyX25hbWUiOiJUd2l0dGVyIiwiZGVzY3JpcHRpb24iOiLwn4ez8J+HrPCflYrvuI8gRm9yZXZlciBpbiBvdXIgaGVhcnRzLCBEb2RvIE1heWFuYS5XZSBtb3VybiB0aGUgcGFzc2luZyBvZiBsZWdlbmRhcnkgU3VwZXIgRWFnbGVzIGdvYWxrZWVwZXIsIFBldGVyIFJ1ZmFpLCBhIGdpYW50IG9mIE5pZ2VyaWFuIGZvb3RiYWxsIGFuZCBhIDE5OTQgQUZDT04gY2hhbXBpb24uWW91ciBsZWdhY3kgbGl2ZXMgb24gYmV0d2VlbiB0aGUgc3RpY2tzIGFuZCBiZXlvbmQuUmVzdCB3ZWxsLCBQZXRlciBSdWZhaS4g8J+SmiNTdXBlckVhZ2xlcyAjQUZDT04gcGljLnR3aXR0ZXIuY29tLzl4N1hFd0U1OGHigJQg8J+Hs\/Cfh6wgU3VwZXIgRWFnbGVzIChATkdTdXBlckVhZ2xlcykgSnVseSAzLCAyMDI1XG5cblxuIiwidGh1bWJuYWlsX3VybCI6Imh0dHBzOi8vcGJzLnR3aW1nLmNvbS9tZWRpYS9HdTlBQlEzWGdBQUhkMEsuanBnOmxhcmdlIiwidGh1bWJuYWlsX3dpZHRoIjoxMDgwLCJ0aHVtYm5haWxfaGVpZ2h0IjoxMzUwLCJjYWNoZV9hZ2UiOjg2NDAwLCJvcHRpb25zIjp7Il9oaWRlX21lZGlhIjp7ImxhYmVsIjoiSGlkZSBwaG90b3MsIHZpZGVvcywgYW5kIGNhcmRzIiwidmFsdWUiOmZhbHNlfSwiX3RoZW1lIjp7InZhbHVlIjoiIiwidmFsdWVzIjp7ImRhcmsiOiJVc2UgZGFyayB0aGVtZSJ9fSwiX21heHdpZHRoIjp7InZhbHVlIjoiIiwibGFiZWwiOiJBZGp1c3Qgd2lkdGgiLCJwbGFjZWhvbGRlciI6IjIyMC01NTAsIGluIHB4In19fSZsdDsvc2NyaXB0Jmd0OyZsdDsvZGl2Jmd0Ow==\">\n                <a data-iframely-url=\"\" href=\"https:\/\/twitter.com\/NGSuperEagles\/status\/1940840365831213107\">https:\/\/twitter.com\/NGSuperEagles\/status\/1940840365831213107<\/a>\n              <\/div>\n<p><b>Su carrera comenz\u00f3 en Stationery Stores en 1980<\/b> y luego pas\u00f3 por Femo Scorpions, ambos de su pa\u00eds. En 1986 fue transferido al AS Dragons FC de l&#8217;Ou\u00e9m\u00e9 de Ben\u00edn y de ah\u00ed dio el salto a Europa. Primero pas\u00f3 por el f\u00fatbol belga (Lokeren y Beveren), de all\u00ed salt\u00f3 a Pa\u00edses Bajos (Go Ahead Eagles) y luego hizo escala en Portugal (Farense) y en Espa\u00f1a (H\u00e9rcules y Deportivo La Coru\u00f1a) para cerrar su prolongada carrera otra vez en Portugal (Gil Vicente FC).<\/p>\n<p>Pero su historia trasciende al deporte.\u00a0<b>Era hijo del rey Rufai de Idimu, una regi\u00f3n en las afueras de Lagos<\/b>. Y su destino era ser el heredero del trono, m\u00e1s all\u00e1 de que no era el primog\u00e9nito de los ocho hermanos que pod\u00edan aspirar a la corona. \u00abA mi familia no le gusta el f\u00fatbol, quieren que vuelva, pero<b> no quiero vivir en un palacio, con guardaespaldas y con una fortuna que no he ganado con mi trabajo<\/b>&#8230; Quiero decir tacos cuando me apetezca\u00bb, confes\u00f3 una de las pocas veces en que acept\u00f3 hablar sobre su condici\u00f3n de noble.<\/p>\n<p><b>Ya en la recta final de su carrera, all\u00e1 por 1999, era suplente del camerun\u00e9s Jacques Songo&#8217;o junto al portugu\u00e9s Nuno en el Deportivo La Coru\u00f1a<\/b> y all\u00ed en tierra gallega recibi\u00f3 la noticia de la muerte de su padre. La familia quer\u00eda que regresara pero \u00e9l no quiso saber nada. Tal fue el enojo que le recomendaron no asistir a los funerales en Idimu por motivos de seguridad. Es que Rufai padre era el jefe de los 30 monarcas de diferentes \u00e1reas de Nigeria y la guerra por la sucesi\u00f3n se hab\u00eda desatado.<\/p>\n<p><!-- Live Blog Post --><\/div>\n<p><script async src=\"\/\/platform.twitter.com\/widgets.js\" charset=\"utf-8\"><\/script><br \/><a href=\"https:\/\/www.pagina12.com.ar\/839370-murio-peter-rufai-historico-arquero-de-nigeria-en-los-mundia\">source<\/a><\/p>\n","protected":false},"excerpt":{"rendered":"<p>Peter Rufai, el hist\u00f3rico arquero de la selecci\u00f3n de Nigeria que disput\u00f3 los Mundiales de&#8230;<\/p>\n","protected":false},"author":3,"featured_media":22210,"comment_status":"closed","ping_status":"closed","sticky":false,"template":"","format":"standard","meta":{"footnotes":""},"categories":[21],"tags":[],"class_list":["post-22209","post","type-post","status-publish","format-standard","has-post-thumbnail","hentry","category-deportes"],"featured_image_urls":{"full":["https:\/\/fmamiga909.com.ar\/wp-content\/uploads\/2025\/07\/wp-header-logo-34.png",960,540,false],"thumbnail":["https:\/\/fmamiga909.com.ar\/wp-content\/uploads\/2025\/07\/wp-header-logo-34-150x150.png",150,150,true],"medium":["https:\/\/fmamiga909.com.ar\/wp-content\/uploads\/2025\/07\/wp-header-logo-34-300x169.png",300,169,true],"medium_large":["https:\/\/fmamiga909.com.ar\/wp-content\/uploads\/2025\/07\/wp-header-logo-34.png",960,540,false],"large":["https:\/\/fmamiga909.com.ar\/wp-content\/uploads\/2025\/07\/wp-header-logo-34.png",640,360,false],"1536x1536":["https:\/\/fmamiga909.com.ar\/wp-content\/uploads\/2025\/07\/wp-header-logo-34.png",960,540,false],"2048x2048":["https:\/\/fmamiga909.com.ar\/wp-content\/uploads\/2025\/07\/wp-header-logo-34.png",960,540,false],"newsium-slider-full":["https:\/\/fmamiga909.com.ar\/wp-content\/uploads\/2025\/07\/wp-header-logo-34.png",960,540,false],"newsium-featured":["https:\/\/fmamiga909.com.ar\/wp-content\/uploads\/2025\/07\/wp-header-logo-34.png",960,540,false],"newsium-medium":["https:\/\/fmamiga909.com.ar\/wp-content\/uploads\/2025\/07\/wp-header-logo-34-720x475.png",720,475,true]},"author_info":{"display_name":"Fredy Giuliano","author_link":"https:\/\/fmamiga909.com.ar\/?author=3"},"category_info":"<a href=\"https:\/\/fmamiga909.com.ar\/?cat=21\" rel=\"category\">Deportes<\/a>","tag_info":"Deportes","comment_count":"0","_links":{"self":[{"href":"https:\/\/fmamiga909.com.ar\/index.php?rest_route=\/wp\/v2\/posts\/22209","targetHints":{"allow":["GET"]}}],"collection":[{"href":"https:\/\/fmamiga909.com.ar\/index.php?rest_route=\/wp\/v2\/posts"}],"about":[{"href":"https:\/\/fmamiga909.com.ar\/index.php?rest_route=\/wp\/v2\/types\/post"}],"author":[{"embeddable":true,"href":"https:\/\/fmamiga909.com.ar\/index.php?rest_route=\/wp\/v2\/users\/3"}],"replies":[{"embeddable":true,"href":"https:\/\/fmamiga909.com.ar\/index.php?rest_route=%2Fwp%2Fv2%2Fcomments&post=22209"}],"version-history":[{"count":0,"href":"https:\/\/fmamiga909.com.ar\/index.php?rest_route=\/wp\/v2\/posts\/22209\/revisions"}],"wp:featuredmedia":[{"embeddable":true,"href":"https:\/\/fmamiga909.com.ar\/index.php?rest_route=\/wp\/v2\/media\/22210"}],"wp:attachment":[{"href":"https:\/\/fmamiga909.com.ar\/index.php?rest_route=%2Fwp%2Fv2%2Fmedia&parent=22209"}],"wp:term":[{"taxonomy":"category","embeddable":true,"href":"https:\/\/fmamiga909.com.ar\/index.php?rest_route=%2Fwp%2Fv2%2Fcategories&post=22209"},{"taxonomy":"post_tag","embeddable":true,"href":"https:\/\/fmamiga909.com.ar\/index.php?rest_route=%2Fwp%2Fv2%2Ftags&post=22209"}],"curies":[{"name":"wp","href":"https:\/\/api.w.org\/{rel}","templated":true}]}}