{"id":22243,"date":"2025-07-05T13:55:52","date_gmt":"2025-07-05T13:55:52","guid":{"rendered":"https:\/\/fmamiga909.com.ar\/?p=22243"},"modified":"2025-07-05T13:55:52","modified_gmt":"2025-07-05T13:55:52","slug":"el-futbol-despidio-a-diogo-jota-y-a-su-hermano-en-portugal","status":"publish","type":"post","link":"https:\/\/fmamiga909.com.ar\/?p=22243","title":{"rendered":"El f\u00fatbol despidi\u00f3 a Diogo Jota y a su hermano en Portugal"},"content":{"rendered":"<div><!-- Body --><\/p>\n<p>La primera plana del f\u00fatbol portugu\u00e9s y del Liverpool dieron el \u00faltimo adi\u00f3s este s\u00e1bado al que fuera jugador del equipo brit\u00e1nico<b> <a href=\"https:\/\/www.pagina12.com.ar\/839185-que-se-sabe-de-la-muerte-de-diogo-jota-y-su-hermano-autopsia\">Diogo Jota<\/a> y a su hermano Andr\u00e9 en el funeral celebrado en Gondomar<\/b>, en la periferia de Oporto, en el norte de Portugal, donde ambos crecieron.<\/p>\n<p>A la Iglesia Matriz de Gondomar, en la que tuvieron lugar las exequias, asistieron el seleccionador de Portugal, <b>el espa\u00f1ol Roberto Mart\u00ednez<\/b> (que viaj\u00f3 la pasada madrugada desde Estados Unidos, donde est\u00e1 siguiendo el Mundial de Clubes); el presidente de la Federaci\u00f3n Portuguesa de F\u00fatbol (FPF), Pedro Proen\u00e7a; y antiguos compa\u00f1eros del equipo nacional, como Bernardo Silva, Jo\u00e3o Moutinho, R\u00faben Dias, Jo\u00e3o F\u00e9lix o Rui Patr\u00edcio.<\/p>\n<p>Tambi\u00e9n desde Estados Unidos <b>vol\u00f3 su colega de la selecci\u00f3n R\u00faben Neves<\/b>, jugador del Al Hilal saud\u00ed, que viaj\u00f3 despu\u00e9s de ser eliminado ayer en el Mundial de Clubes por el Fluminense de Brasil.<\/p>\n<p>Futbolistas y equipo t\u00e9cnico del Liverpool llegaron portando dos camisetas de flores con el n\u00famero 20, de Diogo Jota, y el 30, de Andr\u00e9 Silva, que jugaba en el Penafiel de Portugal. <b>El defensa Virgil van Dijk portaba la del 20, mientras que la de Andr\u00e9 Silva la llevaba el centrocampista Jordan Henderson<\/b>.<\/p>\n<p><b>Asistieron al funeral, adem\u00e1s, otros compa\u00f1eros y excompa\u00f1eros de Diogo Jota<\/b> como Tiago Alc\u00e1ntara, Fabinho, Ricardo Carvalho y Nelson Semedo, y el que fuera su agente, Jorge Mendes, adem\u00e1s del presidente del Oporto, Andr\u00e9-Vilas Boas, en cuyo club jug\u00f3 el delantero.<\/p>\n<h2>Las palabras del obispo<\/h2>\n<p>Tras la entrada de los invitados, los dos f\u00e9retros fueron sacados de la Capilla de la Resurrecci\u00f3n, justo detr\u00e1s de la iglesia, para ser llevados al interior del templo, escoltados por jugadores, amigos y los familiares.<\/p>\n<p>Las exequias fueron oficiadas por el obispo de Oporto, Manuel Linda, y pese a que la ceremonia fue privada, <b>se colocaron altavoces en el exterior para que la prensa y los numerosos vecinos de Gondomar<\/b> que se acercaron para apoyar a la familia, muy conocida en el pueblo, pudieran o\u00edr la homil\u00eda.<\/p>\n<p>Linda dirigi\u00f3 un mensaje a los tres hijos de Diogo Jota: \u00abQueridos Dinis, Mafalda y Duarte, hijos que no est\u00e1n aqu\u00ed, en este momento sufr\u00eds inmensamente o tal vez no, porque no entend\u00e9is.<b> Voy a rezar mucho por vosotros, quien sufre mucho es vuestra madre y vuestros abuelos<\/b>. Ver los restos mortales de un hijo debe de ser un tormento mayor, y m\u00e1s cuando son dos sarc\u00f3fagos\u00bb, dijo el obispo.<\/p>\n<p>\u00abEs dif\u00edcil ver a un adulto llorar, pero m\u00e1s dif\u00edcil es ver a un ni\u00f1o. Os env\u00edo un saludo especial a trav\u00e9s de vuestra madre y abuelos. <b>Estoy con vosotros, pero Jes\u00fas est\u00e1 tambi\u00e9n con vosotros\u00bb<\/b>, remarc\u00f3.<\/p>\n<p><b>El jugador se hab\u00eda casado con su pareja desde hac\u00eda 13 a\u00f1os<\/b>, Rute Cardoso, el pasado 22 de junio, con la que tuvo a sus hijos, de cuatro y dos a\u00f1os, y una peque\u00f1a de ocho meses.<\/p>\n<h2>Un adi\u00f3s conmovido<\/h2>\n<p>Al finalizar la misa, el cortejo f\u00fanebre sali\u00f3 de la iglesia para ir al vecino cementerio donde los dos hermanos fueron enterrados.<b> A la salida del recinto, futbolistas, t\u00e9cnicos, parientes y amigos fueron abandonando el lugar con caras de desconsuelo y muy afectados<\/b>.<\/p>\n<p>Diogo Jota, de 28 a\u00f1os, y su hermano Andr\u00e9, de 25,<b> fallecieron en la madrugada del jueves en un accidente de tr\u00e1fico<\/b> en la A52, en Cernadilla (Zamora, Espa\u00f1a).<\/p>\n<p>El delantero, formado en los clubes portugueses Gondomar y Pa\u00e7os de Ferreira, <b>fue jugador del Atl\u00e9tico de Madrid en 2016 y posteriormente jug\u00f3 cedido en el FC Porto<\/b> hasta 2018, cuando pas\u00f3 a la liga inglesa. Desde 2020 era futbolista del Liverpool.<\/p>\n<p>Su hermano Andr\u00e9 Felipe Silva <b>tambi\u00e9n era futbolista y jugaba en el Penafiel<\/b>, un equipo de la segunda divisi\u00f3n portuguesa.\u00a0<\/p>\n<p><!-- Live Blog Post --><\/div>\n<p><a href=\"https:\/\/www.pagina12.com.ar\/839704-el-futbol-despidio-a-diogo-jota-y-a-su-hermano-en-portugal\">source<\/a><\/p>\n","protected":false},"excerpt":{"rendered":"<p>La primera plana del f\u00fatbol portugu\u00e9s y del Liverpool dieron el \u00faltimo adi\u00f3s este s\u00e1bado&#8230;<\/p>\n","protected":false},"author":3,"featured_media":22244,"comment_status":"closed","ping_status":"closed","sticky":false,"template":"","format":"standard","meta":{"footnotes":""},"categories":[21],"tags":[],"class_list":["post-22243","post","type-post","status-publish","format-standard","has-post-thumbnail","hentry","category-deportes"],"featured_image_urls":{"full":["https:\/\/fmamiga909.com.ar\/wp-content\/uploads\/2025\/07\/wp-header-logo-51.png",960,540,false],"thumbnail":["https:\/\/fmamiga909.com.ar\/wp-content\/uploads\/2025\/07\/wp-header-logo-51-150x150.png",150,150,true],"medium":["https:\/\/fmamiga909.com.ar\/wp-content\/uploads\/2025\/07\/wp-header-logo-51-300x169.png",300,169,true],"medium_large":["https:\/\/fmamiga909.com.ar\/wp-content\/uploads\/2025\/07\/wp-header-logo-51.png",960,540,false],"large":["https:\/\/fmamiga909.com.ar\/wp-content\/uploads\/2025\/07\/wp-header-logo-51.png",640,360,false],"1536x1536":["https:\/\/fmamiga909.com.ar\/wp-content\/uploads\/2025\/07\/wp-header-logo-51.png",960,540,false],"2048x2048":["https:\/\/fmamiga909.com.ar\/wp-content\/uploads\/2025\/07\/wp-header-logo-51.png",960,540,false],"newsium-slider-full":["https:\/\/fmamiga909.com.ar\/wp-content\/uploads\/2025\/07\/wp-header-logo-51.png",960,540,false],"newsium-featured":["https:\/\/fmamiga909.com.ar\/wp-content\/uploads\/2025\/07\/wp-header-logo-51.png",960,540,false],"newsium-medium":["https:\/\/fmamiga909.com.ar\/wp-content\/uploads\/2025\/07\/wp-header-logo-51-720x475.png",720,475,true]},"author_info":{"display_name":"Fredy Giuliano","author_link":"https:\/\/fmamiga909.com.ar\/?author=3"},"category_info":"<a href=\"https:\/\/fmamiga909.com.ar\/?cat=21\" rel=\"category\">Deportes<\/a>","tag_info":"Deportes","comment_count":"0","_links":{"self":[{"href":"https:\/\/fmamiga909.com.ar\/index.php?rest_route=\/wp\/v2\/posts\/22243","targetHints":{"allow":["GET"]}}],"collection":[{"href":"https:\/\/fmamiga909.com.ar\/index.php?rest_route=\/wp\/v2\/posts"}],"about":[{"href":"https:\/\/fmamiga909.com.ar\/index.php?rest_route=\/wp\/v2\/types\/post"}],"author":[{"embeddable":true,"href":"https:\/\/fmamiga909.com.ar\/index.php?rest_route=\/wp\/v2\/users\/3"}],"replies":[{"embeddable":true,"href":"https:\/\/fmamiga909.com.ar\/index.php?rest_route=%2Fwp%2Fv2%2Fcomments&post=22243"}],"version-history":[{"count":0,"href":"https:\/\/fmamiga909.com.ar\/index.php?rest_route=\/wp\/v2\/posts\/22243\/revisions"}],"wp:featuredmedia":[{"embeddable":true,"href":"https:\/\/fmamiga909.com.ar\/index.php?rest_route=\/wp\/v2\/media\/22244"}],"wp:attachment":[{"href":"https:\/\/fmamiga909.com.ar\/index.php?rest_route=%2Fwp%2Fv2%2Fmedia&parent=22243"}],"wp:term":[{"taxonomy":"category","embeddable":true,"href":"https:\/\/fmamiga909.com.ar\/index.php?rest_route=%2Fwp%2Fv2%2Fcategories&post=22243"},{"taxonomy":"post_tag","embeddable":true,"href":"https:\/\/fmamiga909.com.ar\/index.php?rest_route=%2Fwp%2Fv2%2Ftags&post=22243"}],"curies":[{"name":"wp","href":"https:\/\/api.w.org\/{rel}","templated":true}]}}