{"id":22253,"date":"2025-07-05T20:53:58","date_gmt":"2025-07-05T20:53:58","guid":{"rendered":"https:\/\/fmamiga909.com.ar\/?p=22253"},"modified":"2025-07-05T20:53:58","modified_gmt":"2025-07-05T20:53:58","slug":"la-reaccion-de-briatore-tras-el-choque-y-un-mensaje-fulminante-para-colapinto","status":"publish","type":"post","link":"https:\/\/fmamiga909.com.ar\/?p=22253","title":{"rendered":"La reacci\u00f3n de Briatore tras el choque y un mensaje fulminante para Colapinto"},"content":{"rendered":"<div><!-- Body --><\/p>\n<p>Las im\u00e1genes hablan por s\u00ed solas, y las declaraciones posteriores reafirman una postura firme de <b>Flavio Briatore<\/b>, el jefe de <b>Alpine<\/b>, con respecto a la tolerancia sobre las actuaciones de <b><a href=\"https:\/\/www.pagina12.com.ar\/839726-que-dijo-colapinto-tras-el-trompo-en-silverstone\">Franco Colapinto<\/a><\/b> con la escuder\u00eda francesa. Para colmo, este s\u00e1bado el piloto pilarense dio un nuevo paso en falso en la clasificaci\u00f3n para el <b>Gran Premio de Gran Breta\u00f1a<\/b>, al protagonizar un trompo que lo hizo desbarrancar y por el que qued\u00f3 eliminado de la Q1. As\u00ed las cosas, el argentino <b>saldr\u00e1 en el \u00faltimo lugar de la parrilla<\/b> en la carrera de este domingo.<\/p>\n<h3\/>\n<div class=\"iframely-embed medium-embedded-content\" data-html=\"Jmx0O2RpdiZndDsmbHQ7ZGl2IHN0eWxlPSJsZWZ0OiAwOyB3aWR0aDogMTAwJTsgaGVpZ2h0OiAwOyBwb3NpdGlvbjogcmVsYXRpdmU7IHBhZGRpbmctYm90dG9tOiA1Ni4wNDE3JTsiJmd0OyZsdDtpZnJhbWUgc3JjPSJodHRwczovL2lmcmFtZWx5LnBhZ2luYTEyLmNvbS5hci9hcGkvaWZyYW1lP2NsaWNrX3RvX3BsYXk9MSZhbXA7dXJsPWh0dHBzJTNBJTJGJTJGZ2VvLmRhaWx5bW90aW9uLmNvbSUyRnBsYXllciUyRnh0NWVlLmh0bWwlM0Z2aWRlbyUzRHg5bWRzeXkmYW1wO2tleT00Njc2YjVmZGMwODMyNTdlYTg3ZjcxNjA4Yzc0ZTlmZSIgc3R5bGU9InRvcDogMDsgbGVmdDogMDsgd2lkdGg6IDEwMCU7IGhlaWdodDogMTAwJTsgcG9zaXRpb246IGFic29sdXRlOyBib3JkZXI6IDA7IiBhbGxvd2Z1bGxzY3JlZW4gc2Nyb2xsaW5nPSJubyIgYWxsb3c9ImVuY3J5cHRlZC1tZWRpYSAqOyImZ3Q7Jmx0Oy9pZnJhbWUmZ3Q7Jmx0Oy9kaXYmZ3Q7Jmx0Oy9kaXYmZ3Q7Jmx0O2RpdiBjbGFzcz0ibWVkaXVtLWluc2VydC1lbWJlZHMtbWV0YSImZ3Q7Jmx0O3NjcmlwdCB0eXBlPSJ0ZXh0L2pzb24iJmd0O3sidXJsIjoiaHR0cHM6Ly9nZW8uZGFpbHltb3Rpb24uY29tL3BsYXllci94dDVlZS5odG1sP3ZpZGVvPXg5bWRzeXkiLCJ0eXBlIjoidmlkZW8iLCJ2ZXJzaW9uIjoiMS4wIiwidGl0bGUiOiJMYSByZWFjY2nDs24gZGUgRmxhdmlvIEJyaWF0b3JlIHRyYXMgZWwgY2hvcXVlIGRlIENvbGFwaW50byB5IGxhcyBkaXNjdWxwYXMgZGVsIGFyZ2VudGlubyIsImF1dGhvciI6IlDDoWdpbmExMiIsImF1dGhvcl91cmwiOiJodHRwczovL3d3dy5kYWlseW1vdGlvbi5jb20vUGFnaW5hMTIiLCJwcm92aWRlcl9uYW1lIjoiRGFpbHltb3Rpb24iLCJkZXNjcmlwdGlvbiI6IlZlciBMYSByZWFjY2nDs24gZGUgRmxhdmlvIEJyaWF0b3JlIHRyYXMgZWwgY2hvcXVlIGRlIENvbGFwaW50byB5IGxhcyBkaXNjdWxwYXMgZGVsIGFyZ2VudGlubyAtIFDDoWdpbmExMiBlbiBEYWlseW1vdGlvbiIsInRodW1ibmFpbF91cmwiOiJodHRwczovL3MxLmRtY2RuLm5ldC92L1loTXRnMWVRTkZsOXYzZU02L3g3MjAiLCJ0aHVtYm5haWxfd2lkdGgiOjEyODAsInRodW1ibmFpbF9oZWlnaHQiOjcyMCwiY2FjaGVfYWdlIjo4NjQwMH0mbHQ7L3NjcmlwdCZndDsmbHQ7L2RpdiZndDs=\">\n                <a data-iframely-url=\"\" href=\"https:\/\/geo.dailymotion.com\/player\/xt5ee.html?video=x9mdsyy\">https:\/\/geo.dailymotion.com\/player\/xt5ee.html?video=x9mdsyy<\/a>\n              <\/div>\n<p>Tras el despiste, luego de que el monoplaza impactara con las barreras de contenci\u00f3n, <b>las c\u00e1maras enfocaron al empresario italiano, quien agach\u00f3 la cabeza y se tom\u00f3 la cara en un claro signo de bronca y desconsuelo<\/b>.<\/p>\n<p>Fiel a su estilo, Briatore fue contundente en sus palabras sobre el desempe\u00f1o de Colapinto. <b>\u00abFranco sabe que cometi\u00f3 un error y necesita mejorar y volver con fuerza ma\u00f1ana\u00bb<\/b>, dijo en alusi\u00f3n a la carrera principal de Silverstone. <\/p>\n<div class=\"iframely-embed medium-embedded-content\" data-html=\"Jmx0O2RpdiZndDsmbHQ7ZGl2IHN0eWxlPSJsZWZ0OiAwOyB3aWR0aDogMTAwJTsgaGVpZ2h0OiAwOyBwb3NpdGlvbjogcmVsYXRpdmU7IHBhZGRpbmctYm90dG9tOiA1Ni4wNDE3JTsiJmd0OyZsdDtpZnJhbWUgc3JjPSJodHRwczovL2lmcmFtZWx5LnBhZ2luYTEyLmNvbS5hci9hcGkvaWZyYW1lP2NsaWNrX3RvX3BsYXk9MSZhbXA7dXJsPWh0dHBzJTNBJTJGJTJGZ2VvLmRhaWx5bW90aW9uLmNvbSUyRnBsYXllciUyRnh0NWVlLmh0bWwlM0Z2aWRlbyUzRHg5bWRzZjQmYW1wO2tleT00Njc2YjVmZGMwODMyNTdlYTg3ZjcxNjA4Yzc0ZTlmZSIgc3R5bGU9InRvcDogMDsgbGVmdDogMDsgd2lkdGg6IDEwMCU7IGhlaWdodDogMTAwJTsgcG9zaXRpb246IGFic29sdXRlOyBib3JkZXI6IDA7IiBhbGxvd2Z1bGxzY3JlZW4gc2Nyb2xsaW5nPSJubyIgYWxsb3c9ImVuY3J5cHRlZC1tZWRpYSAqOyImZ3Q7Jmx0Oy9pZnJhbWUmZ3Q7Jmx0Oy9kaXYmZ3Q7Jmx0Oy9kaXYmZ3Q7Jmx0O2RpdiBjbGFzcz0ibWVkaXVtLWluc2VydC1lbWJlZHMtbWV0YSImZ3Q7Jmx0O3NjcmlwdCB0eXBlPSJ0ZXh0L2pzb24iJmd0O3sidXJsIjoiaHR0cHM6Ly9nZW8uZGFpbHltb3Rpb24uY29tL3BsYXllci94dDVlZS5odG1sP3ZpZGVvPXg5bWRzZjQiLCJ0eXBlIjoidmlkZW8iLCJ2ZXJzaW9uIjoiMS4wIiwidGl0bGUiOiJBc8OtIGZ1ZSBlbCBjaG9xdWUgZGUgQ29sYXBpbnRvIGVuIFNpbHZlcnN0b25lIiwiYXV0aG9yIjoiUMOhZ2luYTEyIiwiYXV0aG9yX3VybCI6Imh0dHBzOi8vd3d3LmRhaWx5bW90aW9uLmNvbS9QYWdpbmExMiIsInByb3ZpZGVyX25hbWUiOiJEYWlseW1vdGlvbiIsImRlc2NyaXB0aW9uIjoiVmVyIEFzw60gZnVlIGVsIGNob3F1ZSBkZSBDb2xhcGludG8gZW4gU2lsdmVyc3RvbmUgLSBQw6FnaW5hMTIgZW4gRGFpbHltb3Rpb24iLCJ0aHVtYm5haWxfdXJsIjoiaHR0cHM6Ly9zMS5kbWNkbi5uZXQvdi9ZaE1pVzFlUU5NSVlENHFRcC94NzIwIiwidGh1bWJuYWlsX3dpZHRoIjoxMjgwLCJ0aHVtYm5haWxfaGVpZ2h0Ijo3MjAsImNhY2hlX2FnZSI6ODY0MDB9Jmx0Oy9zY3JpcHQmZ3Q7Jmx0Oy9kaXYmZ3Q7\">\n                <a data-iframely-url=\"\" href=\"https:\/\/geo.dailymotion.com\/player\/xt5ee.html?video=x9mdsf4\">https:\/\/geo.dailymotion.com\/player\/xt5ee.html?video=x9mdsf4<\/a>\n              <\/div>\n<p>Por el contrario, celebr\u00f3 la tarea realizada por el compa\u00f1ero de equipo del argentino, el franc\u00e9s Pierre Gasly, quien largar\u00e1 en la 8\u00b0 posici\u00f3n en la grilla. \u00abDados los problemas que hemos enfrentado durante el fin de semana con la conducci\u00f3n del coche y las reacciones de ambos pilotos, el equipo y Pierre hicieron un gran esfuerzo para que el coche pasara a Q3\u00bb, remarc\u00f3.<\/p>\n<p>Por \u00faltimo, en un claro mensaje para Franco, Briatore admiti\u00f3 que \u00ablo que hoy demuestra una vez m\u00e1s es que, <b>independientemente de las dificultades que enfrentemos como equipo, siempre debemos esforzarnos al m\u00e1ximo y optimizar el rendimiento con el paquete que tenemos<\/b>\u00ab.<\/p>\n<h3>Segu\u00ed leyendo:<\/h3>\n<h3\/><!-- Live Blog Post --><\/div>\n<p><a href=\"https:\/\/www.pagina12.com.ar\/839743-la-reaccion-de-briatore-tras-el-choque-y-un-mensaje-fulminan\">source<\/a><\/p>\n","protected":false},"excerpt":{"rendered":"<p>Las im\u00e1genes hablan por s\u00ed solas, y las declaraciones posteriores reafirman una postura firme de&#8230;<\/p>\n","protected":false},"author":3,"featured_media":22254,"comment_status":"closed","ping_status":"closed","sticky":false,"template":"","format":"standard","meta":{"footnotes":""},"categories":[21],"tags":[],"class_list":["post-22253","post","type-post","status-publish","format-standard","has-post-thumbnail","hentry","category-deportes"],"featured_image_urls":{"full":["https:\/\/fmamiga909.com.ar\/wp-content\/uploads\/2025\/07\/wp-header-logo-56.png",960,540,false],"thumbnail":["https:\/\/fmamiga909.com.ar\/wp-content\/uploads\/2025\/07\/wp-header-logo-56-150x150.png",150,150,true],"medium":["https:\/\/fmamiga909.com.ar\/wp-content\/uploads\/2025\/07\/wp-header-logo-56-300x169.png",300,169,true],"medium_large":["https:\/\/fmamiga909.com.ar\/wp-content\/uploads\/2025\/07\/wp-header-logo-56.png",960,540,false],"large":["https:\/\/fmamiga909.com.ar\/wp-content\/uploads\/2025\/07\/wp-header-logo-56.png",640,360,false],"1536x1536":["https:\/\/fmamiga909.com.ar\/wp-content\/uploads\/2025\/07\/wp-header-logo-56.png",960,540,false],"2048x2048":["https:\/\/fmamiga909.com.ar\/wp-content\/uploads\/2025\/07\/wp-header-logo-56.png",960,540,false],"newsium-slider-full":["https:\/\/fmamiga909.com.ar\/wp-content\/uploads\/2025\/07\/wp-header-logo-56.png",960,540,false],"newsium-featured":["https:\/\/fmamiga909.com.ar\/wp-content\/uploads\/2025\/07\/wp-header-logo-56.png",960,540,false],"newsium-medium":["https:\/\/fmamiga909.com.ar\/wp-content\/uploads\/2025\/07\/wp-header-logo-56-720x475.png",720,475,true]},"author_info":{"display_name":"Fredy Giuliano","author_link":"https:\/\/fmamiga909.com.ar\/?author=3"},"category_info":"<a href=\"https:\/\/fmamiga909.com.ar\/?cat=21\" rel=\"category\">Deportes<\/a>","tag_info":"Deportes","comment_count":"0","_links":{"self":[{"href":"https:\/\/fmamiga909.com.ar\/index.php?rest_route=\/wp\/v2\/posts\/22253","targetHints":{"allow":["GET"]}}],"collection":[{"href":"https:\/\/fmamiga909.com.ar\/index.php?rest_route=\/wp\/v2\/posts"}],"about":[{"href":"https:\/\/fmamiga909.com.ar\/index.php?rest_route=\/wp\/v2\/types\/post"}],"author":[{"embeddable":true,"href":"https:\/\/fmamiga909.com.ar\/index.php?rest_route=\/wp\/v2\/users\/3"}],"replies":[{"embeddable":true,"href":"https:\/\/fmamiga909.com.ar\/index.php?rest_route=%2Fwp%2Fv2%2Fcomments&post=22253"}],"version-history":[{"count":0,"href":"https:\/\/fmamiga909.com.ar\/index.php?rest_route=\/wp\/v2\/posts\/22253\/revisions"}],"wp:featuredmedia":[{"embeddable":true,"href":"https:\/\/fmamiga909.com.ar\/index.php?rest_route=\/wp\/v2\/media\/22254"}],"wp:attachment":[{"href":"https:\/\/fmamiga909.com.ar\/index.php?rest_route=%2Fwp%2Fv2%2Fmedia&parent=22253"}],"wp:term":[{"taxonomy":"category","embeddable":true,"href":"https:\/\/fmamiga909.com.ar\/index.php?rest_route=%2Fwp%2Fv2%2Fcategories&post=22253"},{"taxonomy":"post_tag","embeddable":true,"href":"https:\/\/fmamiga909.com.ar\/index.php?rest_route=%2Fwp%2Fv2%2Ftags&post=22253"}],"curies":[{"name":"wp","href":"https:\/\/api.w.org\/{rel}","templated":true}]}}