{"id":22283,"date":"2025-07-06T19:09:29","date_gmt":"2025-07-06T19:09:29","guid":{"rendered":"https:\/\/fmamiga909.com.ar\/?p=22283"},"modified":"2025-07-06T19:09:29","modified_gmt":"2025-07-06T19:09:29","slug":"franco-colapinto-estoy-triste-y-con-mucha-bronca","status":"publish","type":"post","link":"https:\/\/fmamiga909.com.ar\/?p=22283","title":{"rendered":"Franco Colapinto: &quot;Estoy triste y con mucha bronca&quot;"},"content":{"rendered":"<div><!-- Body --><\/p>\n<p>El piloto argentino <b>Franco Colapinto<\/b> se mostr\u00f3 frustrado por los problemas mec\u00e1nicos que tuvo en su monoplaza A525 de Alpine, fallas por las que <a href=\"https:\/\/www.pagina12.com.ar\/839918-por-que-no-arranco-el-alpine-de-franco-colapinto\">debi\u00f3 abandonar<\/a> la carrera de este domingo en Gran Breta\u00f1a.\u00a0<\/p>\n<p>\u00ab<b>Una pena no poder ni largar. Me da mucha bronca\u00bb<\/b>, se lament\u00f3 en la conferencia de prensa.\u00a0<\/p>\n<p>\u201c<b>No s\u00e9 qu\u00e9 pas\u00f3 la verdad. No sabemos todav\u00eda. <\/b>No pude ni salir del box. Una pena que nos est\u00e9n pasando estas cosas. Tuvimos un par de problemas \u00faltimamente y, despu\u00e9s de un buen fin de semana, en el que hab\u00eda encontrado bastante performance y ten\u00edamos un ritmo bueno en general, creo que <b>es una l\u00e1stima que haya pasado esto<\/b>\u201d, lament\u00f3 en di\u00e1logo con la prensa.\u00a0<\/p>\n<p>\u201cEra una buena carrera para correr viendo todo lo que pas\u00f3: la lluvia, los cambios de gomas y todas las cosas clim\u00e1ticas que volvieron cambiante a la carrera\u201d, agreg\u00f3 respecto a c\u00f3mo se desarroll\u00f3 la competencia de Gran Breta\u00f1a.<\/p>\n<p>En la conferencia de este domingo tambi\u00e9n se refiri\u00f3 al desempe\u00f1o de su compa\u00f1ero de Alpine, Pierre Gasly. \u201cEstoy triste porque creo que durante este fin de semana estuve m\u00e1s r\u00e1pido que Pierre y viendo d\u00f3nde est\u00e1 ahora terminando, capaz ten\u00edamos una buena oportunidad.<b> Hay que seguir trabajando enfocados en lo que viene, pero una pena no poder ni largar. Me da mucha bronca\u00bb<\/b>, dijo.\u00a0<\/p>\n<p>Y a\u00f1adi\u00f3: \u00abHubo muchas oportunidades. Me habr\u00eda encantado estar en la carrera e intentar algo. Un poco de frustraci\u00f3n (tengo) por el hecho de ni haber podido largar, es algo que no quiere ning\u00fan piloto\u201d.<\/p>\n<p>Respecto a qu\u00e9 puede haber ocurrido con su auto, dijo que \u201cen las vueltas en la grilla con la lluvia, con las inters\u00a0el auto iba bien. Estaba contento con el balance tambi\u00e9n. Pero nada, despu\u00e9s, no pude ni largar\u00bb,\u00a0 se\u00f1al\u00f3 Colapinto, quien dijo sentirse \u00ab<b>triste y un poco frustrado porque el fin de semana haya terminado as\u00ed\u00bb.\u00a0<\/b><\/p>\n<p>\u00abHab\u00eda empezado bien. Hab\u00edamos dado un paso importante hacia adelante. Un poco triste como termin\u00f3 al final\u201d, insisti\u00f3 respecto al sabor amargo que le dej\u00f3 su frustrada largada luego de realizar la vuelta previa protocolar.<\/p>\n<p>\u201c<b>No s\u00e9 qu\u00e9 pas\u00f3 la verdad. No tengo idea. No pod\u00eda salir del box y todav\u00eda est\u00e1n investigando<\/b>. As\u00ed que a ponerse a trabajar para la pr\u00f3xima y que no vuelva a suceder. Hay que enfocarse en lo que viene\u201d, sigui\u00f3 el piloto. Y concluy\u00f3, respecto a las carreras que le esperan en las pr\u00f3ximas semanas: \u201cVan a venir pistas que me gustan, que disfruto manejar. Hay que ver obviamente qu\u00e9 podemos hacer y tener un mejor finde all\u00e1. <b>Un poco de reset y a volver mejor<\/b>\u201d.<\/p>\n<p><!-- Live Blog Post --><\/div>\n<p><a href=\"https:\/\/www.pagina12.com.ar\/839926-franco-colapinto-estoy-triste-y-con-mucha-bronca\">source<\/a><\/p>\n","protected":false},"excerpt":{"rendered":"<p>El piloto argentino Franco Colapinto se mostr\u00f3 frustrado por los problemas mec\u00e1nicos que tuvo en&#8230;<\/p>\n","protected":false},"author":3,"featured_media":22284,"comment_status":"closed","ping_status":"closed","sticky":false,"template":"","format":"standard","meta":{"footnotes":""},"categories":[21],"tags":[],"class_list":["post-22283","post","type-post","status-publish","format-standard","has-post-thumbnail","hentry","category-deportes"],"featured_image_urls":{"full":["https:\/\/fmamiga909.com.ar\/wp-content\/uploads\/2025\/07\/wp-header-logo-71.png",960,540,false],"thumbnail":["https:\/\/fmamiga909.com.ar\/wp-content\/uploads\/2025\/07\/wp-header-logo-71-150x150.png",150,150,true],"medium":["https:\/\/fmamiga909.com.ar\/wp-content\/uploads\/2025\/07\/wp-header-logo-71-300x169.png",300,169,true],"medium_large":["https:\/\/fmamiga909.com.ar\/wp-content\/uploads\/2025\/07\/wp-header-logo-71.png",960,540,false],"large":["https:\/\/fmamiga909.com.ar\/wp-content\/uploads\/2025\/07\/wp-header-logo-71.png",640,360,false],"1536x1536":["https:\/\/fmamiga909.com.ar\/wp-content\/uploads\/2025\/07\/wp-header-logo-71.png",960,540,false],"2048x2048":["https:\/\/fmamiga909.com.ar\/wp-content\/uploads\/2025\/07\/wp-header-logo-71.png",960,540,false],"newsium-slider-full":["https:\/\/fmamiga909.com.ar\/wp-content\/uploads\/2025\/07\/wp-header-logo-71.png",960,540,false],"newsium-featured":["https:\/\/fmamiga909.com.ar\/wp-content\/uploads\/2025\/07\/wp-header-logo-71.png",960,540,false],"newsium-medium":["https:\/\/fmamiga909.com.ar\/wp-content\/uploads\/2025\/07\/wp-header-logo-71-720x475.png",720,475,true]},"author_info":{"display_name":"Fredy Giuliano","author_link":"https:\/\/fmamiga909.com.ar\/?author=3"},"category_info":"<a href=\"https:\/\/fmamiga909.com.ar\/?cat=21\" rel=\"category\">Deportes<\/a>","tag_info":"Deportes","comment_count":"0","_links":{"self":[{"href":"https:\/\/fmamiga909.com.ar\/index.php?rest_route=\/wp\/v2\/posts\/22283","targetHints":{"allow":["GET"]}}],"collection":[{"href":"https:\/\/fmamiga909.com.ar\/index.php?rest_route=\/wp\/v2\/posts"}],"about":[{"href":"https:\/\/fmamiga909.com.ar\/index.php?rest_route=\/wp\/v2\/types\/post"}],"author":[{"embeddable":true,"href":"https:\/\/fmamiga909.com.ar\/index.php?rest_route=\/wp\/v2\/users\/3"}],"replies":[{"embeddable":true,"href":"https:\/\/fmamiga909.com.ar\/index.php?rest_route=%2Fwp%2Fv2%2Fcomments&post=22283"}],"version-history":[{"count":0,"href":"https:\/\/fmamiga909.com.ar\/index.php?rest_route=\/wp\/v2\/posts\/22283\/revisions"}],"wp:featuredmedia":[{"embeddable":true,"href":"https:\/\/fmamiga909.com.ar\/index.php?rest_route=\/wp\/v2\/media\/22284"}],"wp:attachment":[{"href":"https:\/\/fmamiga909.com.ar\/index.php?rest_route=%2Fwp%2Fv2%2Fmedia&parent=22283"}],"wp:term":[{"taxonomy":"category","embeddable":true,"href":"https:\/\/fmamiga909.com.ar\/index.php?rest_route=%2Fwp%2Fv2%2Fcategories&post=22283"},{"taxonomy":"post_tag","embeddable":true,"href":"https:\/\/fmamiga909.com.ar\/index.php?rest_route=%2Fwp%2Fv2%2Ftags&post=22283"}],"curies":[{"name":"wp","href":"https:\/\/api.w.org\/{rel}","templated":true}]}}