{"id":22293,"date":"2025-07-06T22:48:46","date_gmt":"2025-07-06T22:48:46","guid":{"rendered":"https:\/\/fmamiga909.com.ar\/?p=22293"},"modified":"2025-07-06T22:48:46","modified_gmt":"2025-07-06T22:48:46","slug":"polemica-por-las-ausencias-en-el-funeral-de-diogo-jota","status":"publish","type":"post","link":"https:\/\/fmamiga909.com.ar\/?p=22293","title":{"rendered":"Pol\u00e9mica por las ausencias en el funeral de Diogo Jota"},"content":{"rendered":"<div><!-- Body --><\/p>\n<p>El colombiano Luis D\u00edaz qued\u00f3 en el ojo de la tormenta en Liverpool por no asistir al funeral de su compa\u00f1ero Diogo Jota, fallecido el jueves junto a su hermano en un accidente automovil\u00edstico. El autor de un golazo en el Monumental en el \u00faltimo 1-1 entre Argentina y Colombia fue muy criticado en las redes sociales por su ausencia el s\u00e1bado, casi simult\u00e1nea a su presencia en un evento de influencers en su pa\u00eds natal.<\/p>\n<p>Seg\u00fan medios brit\u00e1nicos y Caracol Radio, el jugador particip\u00f3 el viernes en Barranquilla en un evento deportivo con creadores de contenido y estuvo acompa\u00f1ando a su hermano Roger D\u00edaz, quien compet\u00eda en la Copa Creadores de Contenido, un torneo de f\u00fatbol amistoso que re\u00fane a influencers.<\/p>\n<p>En consecuencia, no estuvo presente el s\u00e1bado en Gandomar (Portugal) en la ceremonia por Jota y su hermano, Andr\u00e9 Silva, a la que asisti\u00f3 buena parte del plantel del Liverpool. Aunque tampoco estuvieron Mohamed Salah y Alisson, por ejemplo, el colombiano se llev\u00f3 todas las cr\u00edticas de los hinchas rojos en redes, quienes recordaron que Jota hab\u00eda festejado un gol con una camiseta suya cuando estuvo ausente por el secuestro de su padre en Colombia. Claro que las fotos y videos de D\u00edaz bailando en el evento no ayudaron.<\/p>\n<p>Ojo, otro de los apuntados fue Cristiano Ronaldo, capit\u00e1n de la Selecci\u00f3n de Portugal. El crack no estuvo el s\u00e1bado aunque, seg\u00fan inform\u00f3 el diario Record de Lisboa, la decisi\u00f3n de no asistir responde a un trauma personal que arrastra desde la muerte de su padre, Jos\u00e9 Dinis Aveiro, en 2005. Desde entonces, el delantero evita participar en funerales, una postura que tambi\u00e9n estar\u00eda motivada por su deseo de no desviar la atenci\u00f3n del acto hacia su figura.<\/p>\n<p><!-- Live Blog Post --><\/div>\n<p><a href=\"https:\/\/www.pagina12.com.ar\/839972-polemica-por-las-ausencias-en-el-funeral-de-diogo-jota\">source<\/a><\/p>\n","protected":false},"excerpt":{"rendered":"<p>El colombiano Luis D\u00edaz qued\u00f3 en el ojo de la tormenta en Liverpool por no&#8230;<\/p>\n","protected":false},"author":3,"featured_media":22294,"comment_status":"closed","ping_status":"closed","sticky":false,"template":"","format":"standard","meta":{"footnotes":""},"categories":[21],"tags":[],"class_list":["post-22293","post","type-post","status-publish","format-standard","has-post-thumbnail","hentry","category-deportes"],"featured_image_urls":{"full":["https:\/\/fmamiga909.com.ar\/wp-content\/uploads\/2025\/07\/wp-header-logo-76.png",960,540,false],"thumbnail":["https:\/\/fmamiga909.com.ar\/wp-content\/uploads\/2025\/07\/wp-header-logo-76-150x150.png",150,150,true],"medium":["https:\/\/fmamiga909.com.ar\/wp-content\/uploads\/2025\/07\/wp-header-logo-76-300x169.png",300,169,true],"medium_large":["https:\/\/fmamiga909.com.ar\/wp-content\/uploads\/2025\/07\/wp-header-logo-76.png",960,540,false],"large":["https:\/\/fmamiga909.com.ar\/wp-content\/uploads\/2025\/07\/wp-header-logo-76.png",640,360,false],"1536x1536":["https:\/\/fmamiga909.com.ar\/wp-content\/uploads\/2025\/07\/wp-header-logo-76.png",960,540,false],"2048x2048":["https:\/\/fmamiga909.com.ar\/wp-content\/uploads\/2025\/07\/wp-header-logo-76.png",960,540,false],"newsium-slider-full":["https:\/\/fmamiga909.com.ar\/wp-content\/uploads\/2025\/07\/wp-header-logo-76.png",960,540,false],"newsium-featured":["https:\/\/fmamiga909.com.ar\/wp-content\/uploads\/2025\/07\/wp-header-logo-76.png",960,540,false],"newsium-medium":["https:\/\/fmamiga909.com.ar\/wp-content\/uploads\/2025\/07\/wp-header-logo-76-720x475.png",720,475,true]},"author_info":{"display_name":"Fredy Giuliano","author_link":"https:\/\/fmamiga909.com.ar\/?author=3"},"category_info":"<a href=\"https:\/\/fmamiga909.com.ar\/?cat=21\" rel=\"category\">Deportes<\/a>","tag_info":"Deportes","comment_count":"0","_links":{"self":[{"href":"https:\/\/fmamiga909.com.ar\/index.php?rest_route=\/wp\/v2\/posts\/22293","targetHints":{"allow":["GET"]}}],"collection":[{"href":"https:\/\/fmamiga909.com.ar\/index.php?rest_route=\/wp\/v2\/posts"}],"about":[{"href":"https:\/\/fmamiga909.com.ar\/index.php?rest_route=\/wp\/v2\/types\/post"}],"author":[{"embeddable":true,"href":"https:\/\/fmamiga909.com.ar\/index.php?rest_route=\/wp\/v2\/users\/3"}],"replies":[{"embeddable":true,"href":"https:\/\/fmamiga909.com.ar\/index.php?rest_route=%2Fwp%2Fv2%2Fcomments&post=22293"}],"version-history":[{"count":0,"href":"https:\/\/fmamiga909.com.ar\/index.php?rest_route=\/wp\/v2\/posts\/22293\/revisions"}],"wp:featuredmedia":[{"embeddable":true,"href":"https:\/\/fmamiga909.com.ar\/index.php?rest_route=\/wp\/v2\/media\/22294"}],"wp:attachment":[{"href":"https:\/\/fmamiga909.com.ar\/index.php?rest_route=%2Fwp%2Fv2%2Fmedia&parent=22293"}],"wp:term":[{"taxonomy":"category","embeddable":true,"href":"https:\/\/fmamiga909.com.ar\/index.php?rest_route=%2Fwp%2Fv2%2Fcategories&post=22293"},{"taxonomy":"post_tag","embeddable":true,"href":"https:\/\/fmamiga909.com.ar\/index.php?rest_route=%2Fwp%2Fv2%2Ftags&post=22293"}],"curies":[{"name":"wp","href":"https:\/\/api.w.org\/{rel}","templated":true}]}}