{"id":22295,"date":"2025-07-06T23:01:22","date_gmt":"2025-07-06T23:01:22","guid":{"rendered":"https:\/\/fmamiga909.com.ar\/?p=22295"},"modified":"2025-07-06T23:01:22","modified_gmt":"2025-07-06T23:01:22","slug":"mundial-de-clubes-batalla-en-el-gremio-de-los-arqueros-por-la-fractura-de-musiala","status":"publish","type":"post","link":"https:\/\/fmamiga909.com.ar\/?p=22295","title":{"rendered":"Mundial de Clubes: batalla en el gremio de los arqueros por la fractura de Musiala"},"content":{"rendered":"<div><!-- Body --><\/p>\n<p>El <b>Mundial de Clubes<\/b> retomar\u00e1 su actividad este martes con la semifinal entre Fluminense y Chelsea, seguida de PSG-Real Madrid el mi\u00e9rcoles. Pero, mientras tanto, la atenci\u00f3n se la est\u00e1 llevando la confirmaci\u00f3n de la gravedad de la<b> lesi\u00f3n del alem\u00e1n Jamal Musiala <\/b>que dej\u00f3 at\u00f3nitos tanto a jugadores como espectadores en PSG-Bayern M\u00fanich y desat\u00f3 una<b> batalla discursiva en el \u00abgremio\u00bb de los arqueros por la participaci\u00f3n de Gianluigi Donnarumma<\/b>.<\/p>\n<p>El Bayern confirm\u00f3 que la gran figura joven del equipo y de la Selecci\u00f3n Alemana (22 a\u00f1os) sufri\u00f3 una <b>fractura del peron\u00e9 de la pierna izquierda como consecuencia de una dislocaci\u00f3n de tobillo <\/b>tras su choque con el arquero italiano durante el triunfo 2-0 de los franceses por cuartos de final.<\/p>\n<p>Musiala viaj\u00f3 este domingo por la ma\u00f1ana desde Orlando hacia M\u00fanich y ser\u00e1 operado \u00aben breve\u00bb, seg\u00fan inform\u00f3 el club. <b>\u00abEsta grave lesi\u00f3n y la larga baja (entre cuatro y cinco meses) son un verdadero shock para Jamal y para todos. <\/b>Adem\u00e1s, el impacto humano es enormemente amargo, todos lo sentimos por \u00e9l: Jamal acababa de volver de una lesi\u00f3n y ahora volver\u00e1 a estar fuera mucho tiempo\u00bb, afirm\u00f3 el director general del Bayern, Max Eberl.<\/p>\n<h2>El dedo acusador de Neuer<\/h2>\n<p>Aunque <b>Donnarumma <\/b>se mostr\u00f3 compungido tras la desafortunada acci\u00f3n en la que cay\u00f3 sobre la pierna de Musiala, <b>el que le sali\u00f3 con los \u00abguantes\u00bb de punta fue su colega alem\u00e1n Manuel Neuer<\/b>.<\/p>\n<p><b>\u201cEn mi opini\u00f3n, no hay que meterse en una jugada as\u00ed. Es arriesgado, no deber\u00eda haberlo hecho. Est\u00e1 dispuesto a aceptar la lesi\u00f3n de su rival\u201d, dispar\u00f3<\/b> el arquero del Bayern, recordado por estas tierras por el tremendo rodillazo en la cabeza que le dio Gonzalo Higua\u00edn hace m\u00e1s de una d\u00e9cada.<\/p>\n<p>Y agreg\u00f3, sin piedad con Donnarumma: \u201cLe dije: &#8216;\u00bfNo quer\u00e9s ir a verlo? Est\u00e1 ah\u00ed tirado, probablemente ir\u00e1 al hospital. Creo que es de respeto ir a verlo, desearle lo mejor y pedirle perd\u00f3n&#8217;. Entonces se acerc\u00f3 a Jamal.<b> Yo hubiera reaccionado de otra manera\u201d.<\/b><\/p>\n<h2>Inocente, dijo Courtois<\/h2>\n<p>Por el contrario, el que banc\u00f3 al del PSG fue su colega del Real Madrid<b>, Thibaut Courtois. \u00abCulpar a Donnarumma por la lesi\u00f3n me parece excesivo porque los arqueros vamos por la pelota al igual que el delantero,<\/b> cuando vamos a sus pies no miden si nos golpean en la cara\u00bb, opin\u00f3.<\/p>\n<p>\u00abEs mucha mala suerte que la acci\u00f3n acabe as\u00ed porque va a la pelota y\u00a0Musiala gir\u00e1ndose su pie se le queda debajo. A Donnarumma le doler\u00e1 en el alma porque estas acciones duelen. <b>Siendo su compa\u00f1ero duele m\u00e1s y vas a criticar, pero la acci\u00f3n no es evitable porque el arquero tiene que salir ah\u00ed\u00bb, le contest\u00f3 a Neuer<\/b>.<\/p>\n<h2>Las semifinales del Mundial de Clubes<\/h2>\n<p>As\u00ed las cosas, el Mundial de Clubes conocer\u00e1 a su primer finalista este martes cuando <b>Fluminense<\/b>, vencedor de Inter de Mil\u00e1n (2-0) y Al-Hilal (2-1) en los cruces de eliminaci\u00f3n directa, se mida con <b>Chelsea<\/b>, verdugo de Benfica (4-1) y Palmeiras (2-1). Jugar\u00e1n desde las 16 en Nueva Jersey.<\/p>\n<p>El mi\u00e9rcoles, a la misma hora y mismo lugar, se medir\u00e1n<b> PSG y Real Madrid<\/b>. Los parisinos vienen de superar a Inter Miami (4-0) y Bayern (2-0), mientras que los merengues dejaron en el camino a Juventus (1-0) y Borussia Dortmund (3-2).<\/p>\n<p><!-- Live Blog Post --><\/div>\n<p><a href=\"https:\/\/www.pagina12.com.ar\/839964-mundial-de-clubes-batalla-en-el-gremio-de-los-arqueros-por-l\">source<\/a><\/p>\n","protected":false},"excerpt":{"rendered":"<p>El Mundial de Clubes retomar\u00e1 su actividad este martes con la semifinal entre Fluminense y&#8230;<\/p>\n","protected":false},"author":3,"featured_media":22296,"comment_status":"closed","ping_status":"closed","sticky":false,"template":"","format":"standard","meta":{"footnotes":""},"categories":[21],"tags":[],"class_list":["post-22295","post","type-post","status-publish","format-standard","has-post-thumbnail","hentry","category-deportes"],"featured_image_urls":{"full":["https:\/\/fmamiga909.com.ar\/wp-content\/uploads\/2025\/07\/wp-header-logo-77.png",960,540,false],"thumbnail":["https:\/\/fmamiga909.com.ar\/wp-content\/uploads\/2025\/07\/wp-header-logo-77-150x150.png",150,150,true],"medium":["https:\/\/fmamiga909.com.ar\/wp-content\/uploads\/2025\/07\/wp-header-logo-77-300x169.png",300,169,true],"medium_large":["https:\/\/fmamiga909.com.ar\/wp-content\/uploads\/2025\/07\/wp-header-logo-77.png",960,540,false],"large":["https:\/\/fmamiga909.com.ar\/wp-content\/uploads\/2025\/07\/wp-header-logo-77.png",640,360,false],"1536x1536":["https:\/\/fmamiga909.com.ar\/wp-content\/uploads\/2025\/07\/wp-header-logo-77.png",960,540,false],"2048x2048":["https:\/\/fmamiga909.com.ar\/wp-content\/uploads\/2025\/07\/wp-header-logo-77.png",960,540,false],"newsium-slider-full":["https:\/\/fmamiga909.com.ar\/wp-content\/uploads\/2025\/07\/wp-header-logo-77.png",960,540,false],"newsium-featured":["https:\/\/fmamiga909.com.ar\/wp-content\/uploads\/2025\/07\/wp-header-logo-77.png",960,540,false],"newsium-medium":["https:\/\/fmamiga909.com.ar\/wp-content\/uploads\/2025\/07\/wp-header-logo-77-720x475.png",720,475,true]},"author_info":{"display_name":"Fredy Giuliano","author_link":"https:\/\/fmamiga909.com.ar\/?author=3"},"category_info":"<a href=\"https:\/\/fmamiga909.com.ar\/?cat=21\" rel=\"category\">Deportes<\/a>","tag_info":"Deportes","comment_count":"0","_links":{"self":[{"href":"https:\/\/fmamiga909.com.ar\/index.php?rest_route=\/wp\/v2\/posts\/22295","targetHints":{"allow":["GET"]}}],"collection":[{"href":"https:\/\/fmamiga909.com.ar\/index.php?rest_route=\/wp\/v2\/posts"}],"about":[{"href":"https:\/\/fmamiga909.com.ar\/index.php?rest_route=\/wp\/v2\/types\/post"}],"author":[{"embeddable":true,"href":"https:\/\/fmamiga909.com.ar\/index.php?rest_route=\/wp\/v2\/users\/3"}],"replies":[{"embeddable":true,"href":"https:\/\/fmamiga909.com.ar\/index.php?rest_route=%2Fwp%2Fv2%2Fcomments&post=22295"}],"version-history":[{"count":0,"href":"https:\/\/fmamiga909.com.ar\/index.php?rest_route=\/wp\/v2\/posts\/22295\/revisions"}],"wp:featuredmedia":[{"embeddable":true,"href":"https:\/\/fmamiga909.com.ar\/index.php?rest_route=\/wp\/v2\/media\/22296"}],"wp:attachment":[{"href":"https:\/\/fmamiga909.com.ar\/index.php?rest_route=%2Fwp%2Fv2%2Fmedia&parent=22295"}],"wp:term":[{"taxonomy":"category","embeddable":true,"href":"https:\/\/fmamiga909.com.ar\/index.php?rest_route=%2Fwp%2Fv2%2Fcategories&post=22295"},{"taxonomy":"post_tag","embeddable":true,"href":"https:\/\/fmamiga909.com.ar\/index.php?rest_route=%2Fwp%2Fv2%2Ftags&post=22295"}],"curies":[{"name":"wp","href":"https:\/\/api.w.org\/{rel}","templated":true}]}}