{"id":22357,"date":"2025-07-08T21:10:30","date_gmt":"2025-07-08T21:10:30","guid":{"rendered":"https:\/\/fmamiga909.com.ar\/?p=22357"},"modified":"2025-07-08T21:10:30","modified_gmt":"2025-07-08T21:10:30","slug":"paredes-acordo-su-salida-de-roma-y-se-convertira-en-nuevo-jugador-de-boca","status":"publish","type":"post","link":"https:\/\/fmamiga909.com.ar\/?p=22357","title":{"rendered":"Paredes acord\u00f3 su salida de Roma y se convertir\u00e1 en nuevo jugador de Boca"},"content":{"rendered":"<div><!-- Body --><\/p>\n<p>El mediocampista Leandro Paredes acord\u00f3 su salida de la Roma y solo le falta la firma para convertirse en el nuevo jugador de Boca, poni\u00e9ndole fin a la novela que inici\u00f3 desde enero de este a\u00f1o.<\/p>\n<p>El volante de 31 a\u00f1os pudo destrabar la negociaci\u00f3n con el conjunto italiano, y ya se encuentra de regreso a la Argentina para darle inicio a su vuelta al \u201cXeneize\u201d luego de ser presentado en La Bombonera.<\/p>\n<p>Luego de horas de tensi\u00f3n donde Roma aseguraba que la cl\u00e1usula de recisi\u00f3n que el jugador hab\u00eda colocado de forma exclusiva para el conjunto de La Ribera, tasada en 3,5 millones de d\u00f3lares, ya hab\u00eda vencido. Aun as\u00ed, Paredes fue el encargado de viajar a Italia y rescindir su contrato, el cual venc\u00eda en junio del 2026.<\/p>\n<p>A su vez, el mediocampista llegar\u00e1 a Boca por un monto menor, debido a que solo le quedaba un a\u00f1o en la instituci\u00f3n italiana y ya hab\u00eda dado a conocer sus deseos de volver a vestir la camiseta azul y amarilla.<\/p>\n<p>Se espera que Paredes se haga la revisi\u00f3n m\u00e9dica este mi\u00e9rcoles 9 de julio, para despu\u00e9s firmar contrato por tres a\u00f1os con el \u201cXeneize\u201d y ser presentado como el flamante refuerzo del club en este a\u00f1o.<\/p>\n<p>Por parte del presidente de la instituci\u00f3n de La Ribera, Juan Rom\u00e1n Riquelme, espera un gran recibimiento para el volante, por lo que ser\u00e1 la misma instituci\u00f3n quien anuncie que d\u00eda y a qu\u00e9 hora presentar\u00e1n a Paredes en La Bombonera.<\/p>\n<p><!-- Live Blog Post --><\/div>\n<p><a href=\"https:\/\/www.pagina12.com.ar\/840484-paredes-acordo-su-salida-de-roma-y-se-convertira-en-nuevo-ju\">source<\/a><\/p>\n","protected":false},"excerpt":{"rendered":"<p>El mediocampista Leandro Paredes acord\u00f3 su salida de la Roma y solo le falta la&#8230;<\/p>\n","protected":false},"author":3,"featured_media":22358,"comment_status":"closed","ping_status":"closed","sticky":false,"template":"","format":"standard","meta":{"footnotes":""},"categories":[21],"tags":[],"class_list":["post-22357","post","type-post","status-publish","format-standard","has-post-thumbnail","hentry","category-deportes"],"featured_image_urls":{"full":["https:\/\/fmamiga909.com.ar\/wp-content\/uploads\/2025\/07\/wp-header-logo-102.png",960,540,false],"thumbnail":["https:\/\/fmamiga909.com.ar\/wp-content\/uploads\/2025\/07\/wp-header-logo-102-150x150.png",150,150,true],"medium":["https:\/\/fmamiga909.com.ar\/wp-content\/uploads\/2025\/07\/wp-header-logo-102-300x169.png",300,169,true],"medium_large":["https:\/\/fmamiga909.com.ar\/wp-content\/uploads\/2025\/07\/wp-header-logo-102.png",960,540,false],"large":["https:\/\/fmamiga909.com.ar\/wp-content\/uploads\/2025\/07\/wp-header-logo-102.png",640,360,false],"1536x1536":["https:\/\/fmamiga909.com.ar\/wp-content\/uploads\/2025\/07\/wp-header-logo-102.png",960,540,false],"2048x2048":["https:\/\/fmamiga909.com.ar\/wp-content\/uploads\/2025\/07\/wp-header-logo-102.png",960,540,false],"newsium-slider-full":["https:\/\/fmamiga909.com.ar\/wp-content\/uploads\/2025\/07\/wp-header-logo-102.png",960,540,false],"newsium-featured":["https:\/\/fmamiga909.com.ar\/wp-content\/uploads\/2025\/07\/wp-header-logo-102.png",960,540,false],"newsium-medium":["https:\/\/fmamiga909.com.ar\/wp-content\/uploads\/2025\/07\/wp-header-logo-102-720x475.png",720,475,true]},"author_info":{"display_name":"Fredy Giuliano","author_link":"https:\/\/fmamiga909.com.ar\/?author=3"},"category_info":"<a href=\"https:\/\/fmamiga909.com.ar\/?cat=21\" rel=\"category\">Deportes<\/a>","tag_info":"Deportes","comment_count":"0","_links":{"self":[{"href":"https:\/\/fmamiga909.com.ar\/index.php?rest_route=\/wp\/v2\/posts\/22357","targetHints":{"allow":["GET"]}}],"collection":[{"href":"https:\/\/fmamiga909.com.ar\/index.php?rest_route=\/wp\/v2\/posts"}],"about":[{"href":"https:\/\/fmamiga909.com.ar\/index.php?rest_route=\/wp\/v2\/types\/post"}],"author":[{"embeddable":true,"href":"https:\/\/fmamiga909.com.ar\/index.php?rest_route=\/wp\/v2\/users\/3"}],"replies":[{"embeddable":true,"href":"https:\/\/fmamiga909.com.ar\/index.php?rest_route=%2Fwp%2Fv2%2Fcomments&post=22357"}],"version-history":[{"count":0,"href":"https:\/\/fmamiga909.com.ar\/index.php?rest_route=\/wp\/v2\/posts\/22357\/revisions"}],"wp:featuredmedia":[{"embeddable":true,"href":"https:\/\/fmamiga909.com.ar\/index.php?rest_route=\/wp\/v2\/media\/22358"}],"wp:attachment":[{"href":"https:\/\/fmamiga909.com.ar\/index.php?rest_route=%2Fwp%2Fv2%2Fmedia&parent=22357"}],"wp:term":[{"taxonomy":"category","embeddable":true,"href":"https:\/\/fmamiga909.com.ar\/index.php?rest_route=%2Fwp%2Fv2%2Fcategories&post=22357"},{"taxonomy":"post_tag","embeddable":true,"href":"https:\/\/fmamiga909.com.ar\/index.php?rest_route=%2Fwp%2Fv2%2Ftags&post=22357"}],"curies":[{"name":"wp","href":"https:\/\/api.w.org\/{rel}","templated":true}]}}