{"id":22363,"date":"2025-07-09T00:02:20","date_gmt":"2025-07-09T00:02:20","guid":{"rendered":"https:\/\/fmamiga909.com.ar\/?p=22363"},"modified":"2025-07-09T00:02:20","modified_gmt":"2025-07-09T00:02:20","slug":"talleres-de-cordoba-carlos-tevez-asumiria-en-lugar-del-renunciante-diego-cocca","status":"publish","type":"post","link":"https:\/\/fmamiga909.com.ar\/?p=22363","title":{"rendered":"Talleres de C\u00f3rdoba: Carlos Tevez asumir\u00eda en lugar del renunciante Diego Cocca"},"content":{"rendered":"<div><!-- Body --><\/p>\n<p>Luego de que Diego Cocca renunciara a su cargo en Talleres de C\u00f3rdoba sin dirigir ning\u00fan partido, el equipo cordob\u00e9s sali\u00f3 a buscar r\u00e1pidamente un reemplazante que ser\u00eda nada m\u00e1s y nada menos que Carlos Tevez, quien no dirige desde mayo de 2023 cuando dej\u00f3 el cargo en Independiente.\u00a0<\/p>\n<p>Tras la escandalosa noticia de que Cocca les inform\u00f3 este martes a sus jugadores que no seguir\u00eda en su cargo por unos supuestos problemas con la dirigencia de la instituci\u00f3n cordobesa, apareci\u00f3 en escena Tevez, quien asumir\u00e1 el cargo este mi\u00e9rcoles con apenas tres d\u00edas en el equipo antes del debut este viernes frente a San Lorenzo de Almagro por la primera fecha del Torneo Clausura de la Liga Profesional, a las 20 horas, el estadio Mario Kempes.<\/p>\n<p>De esta forma, Tevez volver\u00e1 a dirigir poco m\u00e1s de un a\u00f1o de ausencia. Tal fue el golpe de tim\u00f3n del presidente de la instituci\u00f3n cordobesa, Andr\u00e9s Fassi, quien tras el anuncio de Cocca se puso en contacto con el ex jugador del Xeneize para ofrecerle el cargo y poder acordar su arribo lo antes posible.\u00a0<\/p>\n<p>Justamente, Tevez hab\u00eda estado en carpeta en el mismo proceso en el que finalmente result\u00f3 elegido Cocca, quien esgrim\u00eda mayores pergaminos luego de su paso por la Selecci\u00f3n de M\u00e9xico y el Valladolid de Espa\u00f1a. Ahora, en urgencia, el Apache tendr\u00e1 la dif\u00edcil tarea de conducir un equipo que se est\u00e1 desarmando y corre riesgo de seguir perdiendo jugadores.<\/p>\n<p>Futbol\u00edsticamente, Talleres viene de un muy flojo primer semestre, ya que termin\u00f3 ante\u00faltimo en la Zona B y arrancar\u00e1 el torneo en zona de descenso directo; adem\u00e1s, fue eliminado en la primera fase de la Copa Libertadores y eliminado por Deportivo Armeno en los 32avos de final de la Copa Argentina. La \u00fanica alegr\u00eda para la T fue la conquista de la Supercopa Internacional frente a River por penales.<\/p>\n<p>\u00abEstoy esperando algo serio y con proyecto, que en Argentina es muy dif\u00edcil. Me llegan ofertas, pero las eval\u00fao y no quiero meterme en esa rueda que perd\u00e9s cinco partidos y te vas para pasar de un lado a otro\u00bb, hab\u00eda dicho Tevez hace poco m\u00e1s de un mes. Ese destino es Talleres, donde tendr\u00e1 la oportunidad de volver a demostrar sus habilidades como conductor.<\/p>\n<h2>Fassi en el ojo de la tormenta<\/h2>\n<p>Tras la importante crisis deportiva e institucional que padece Talleres de C\u00f3rdoba y la SAD que lo administra, hinchas de la T se manifestaron este martes en contra de la gesti\u00f3n encabezada por el empresario Andr\u00e9s Fassi.\u00a0<\/p>\n<p>Los simpatizantes del equipo cordob\u00e9s se autoconvocaron para manifestarse en contra de la actual dirigencia. La movilizaci\u00f3n tuvo lugar en la sede del club y tambi\u00e9n en la c\u00e9ntrica Plaza San Mart\u00edn, donde decenas de hinchas se congregaron con pancartas, banderas y c\u00e1nticos en defensa de la identidad y el futuro de la instituci\u00f3n.<\/p>\n<p><!-- Live Blog Post --><\/div>\n<p><a href=\"https:\/\/www.pagina12.com.ar\/840507-talleres-de-cordoba-carlos-tevez-asumiria-en-lugar-del-renun\">source<\/a><\/p>\n","protected":false},"excerpt":{"rendered":"<p>Luego de que Diego Cocca renunciara a su cargo en Talleres de C\u00f3rdoba sin dirigir&#8230;<\/p>\n","protected":false},"author":3,"featured_media":22364,"comment_status":"closed","ping_status":"closed","sticky":false,"template":"","format":"standard","meta":{"footnotes":""},"categories":[21],"tags":[],"class_list":["post-22363","post","type-post","status-publish","format-standard","has-post-thumbnail","hentry","category-deportes"],"featured_image_urls":{"full":["https:\/\/fmamiga909.com.ar\/wp-content\/uploads\/2025\/07\/wp-header-logo-105.png",960,540,false],"thumbnail":["https:\/\/fmamiga909.com.ar\/wp-content\/uploads\/2025\/07\/wp-header-logo-105-150x150.png",150,150,true],"medium":["https:\/\/fmamiga909.com.ar\/wp-content\/uploads\/2025\/07\/wp-header-logo-105-300x169.png",300,169,true],"medium_large":["https:\/\/fmamiga909.com.ar\/wp-content\/uploads\/2025\/07\/wp-header-logo-105.png",960,540,false],"large":["https:\/\/fmamiga909.com.ar\/wp-content\/uploads\/2025\/07\/wp-header-logo-105.png",640,360,false],"1536x1536":["https:\/\/fmamiga909.com.ar\/wp-content\/uploads\/2025\/07\/wp-header-logo-105.png",960,540,false],"2048x2048":["https:\/\/fmamiga909.com.ar\/wp-content\/uploads\/2025\/07\/wp-header-logo-105.png",960,540,false],"newsium-slider-full":["https:\/\/fmamiga909.com.ar\/wp-content\/uploads\/2025\/07\/wp-header-logo-105.png",960,540,false],"newsium-featured":["https:\/\/fmamiga909.com.ar\/wp-content\/uploads\/2025\/07\/wp-header-logo-105.png",960,540,false],"newsium-medium":["https:\/\/fmamiga909.com.ar\/wp-content\/uploads\/2025\/07\/wp-header-logo-105-720x475.png",720,475,true]},"author_info":{"display_name":"Fredy Giuliano","author_link":"https:\/\/fmamiga909.com.ar\/?author=3"},"category_info":"<a href=\"https:\/\/fmamiga909.com.ar\/?cat=21\" rel=\"category\">Deportes<\/a>","tag_info":"Deportes","comment_count":"0","_links":{"self":[{"href":"https:\/\/fmamiga909.com.ar\/index.php?rest_route=\/wp\/v2\/posts\/22363","targetHints":{"allow":["GET"]}}],"collection":[{"href":"https:\/\/fmamiga909.com.ar\/index.php?rest_route=\/wp\/v2\/posts"}],"about":[{"href":"https:\/\/fmamiga909.com.ar\/index.php?rest_route=\/wp\/v2\/types\/post"}],"author":[{"embeddable":true,"href":"https:\/\/fmamiga909.com.ar\/index.php?rest_route=\/wp\/v2\/users\/3"}],"replies":[{"embeddable":true,"href":"https:\/\/fmamiga909.com.ar\/index.php?rest_route=%2Fwp%2Fv2%2Fcomments&post=22363"}],"version-history":[{"count":0,"href":"https:\/\/fmamiga909.com.ar\/index.php?rest_route=\/wp\/v2\/posts\/22363\/revisions"}],"wp:featuredmedia":[{"embeddable":true,"href":"https:\/\/fmamiga909.com.ar\/index.php?rest_route=\/wp\/v2\/media\/22364"}],"wp:attachment":[{"href":"https:\/\/fmamiga909.com.ar\/index.php?rest_route=%2Fwp%2Fv2%2Fmedia&parent=22363"}],"wp:term":[{"taxonomy":"category","embeddable":true,"href":"https:\/\/fmamiga909.com.ar\/index.php?rest_route=%2Fwp%2Fv2%2Fcategories&post=22363"},{"taxonomy":"post_tag","embeddable":true,"href":"https:\/\/fmamiga909.com.ar\/index.php?rest_route=%2Fwp%2Fv2%2Ftags&post=22363"}],"curies":[{"name":"wp","href":"https:\/\/api.w.org\/{rel}","templated":true}]}}