{"id":22367,"date":"2025-07-09T11:15:43","date_gmt":"2025-07-09T11:15:43","guid":{"rendered":"https:\/\/fmamiga909.com.ar\/?p=22367"},"modified":"2025-07-09T11:15:43","modified_gmt":"2025-07-09T11:15:43","slug":"sorpresa-en-la-formula-1-red-bull-despidio-a-christian-horner-como-jefe-de-equipo","status":"publish","type":"post","link":"https:\/\/fmamiga909.com.ar\/?p=22367","title":{"rendered":"Sorpresa en la F\u00f3rmula 1: Red Bull despidi\u00f3 a Christian Horner como jefe de equipo"},"content":{"rendered":"<div><!-- Body --><\/p>\n<p><b>La escuder\u00eda de F\u00f3rmula 1 Red Bull Racing despidi\u00f3 este mi\u00e9rcoles de forma \u00abinmediata\u00bb a Christian Horner del cargo de jefe de equipo<\/b>, despu\u00e9s de 20 a\u00f1os, en los que cosech\u00f3 ocho t\u00edtulos mundiales de pilotos y seis de constructores. Su puesto lo ocupar\u00e1 Laurent Mekies, actual jefe de Racing Bulls.<\/p>\n<p><b>\u00abNos gustar\u00eda agradecer a Christian Horner por su excepcional trabajo durante los \u00faltimos 20 a\u00f1os. <\/b>Con su incansable compromiso, experiencia, trabajo y pensamiento innovador ha sido fundamental para poner a la escuder\u00eda como uno de los equipos m\u00e1s exitosos y atractivos de la F\u00f3rmula 1&#8243;, expres\u00f3 Oliver Mintzlaff, director ejecutivo de Red Bull, en un comunicado.<\/p>\n<p>En 2024, Horner <b>fue objeto de una investigaci\u00f3n interna de la que fue finalmente absuelto<\/b>, despu\u00e9s de acusaciones de acoso sexual formuladas por una empleada del equipo.<\/p>\n<p>Horner, que <b>ten\u00eda contrato hasta finales de 2030<\/b>, lider\u00f3 la \u00e9poca m\u00e1s gloriosa de la escuder\u00eda en F\u00f3rmula 1 con Sebastian Vettel y el equipo ganando cuatro campeonatos consecutivos de pilotos y constructores entre 2010 y 2013 y Max Verstappen ganando los \u00faltimos cuatro campeonatos de pilotos entre 2021 y 2024, adem\u00e1s de ser campe\u00f3n de constructores en 2022 y 2023.<\/p>\n<p><b>Bajo el mandato del brit\u00e1nico, Red Bull consigui\u00f3 124 victorias, 107 &#8216;poles&#8217; y 287 podios<\/b>. En su \u00faltima carrera, disputada el pasado fin de semana en Gran Breta\u00f1a, el neerland\u00e9s Max Verstappen, piloto de la escuder\u00eda, comenz\u00f3 en la &#8216;pole&#8217;, pero termin\u00f3 en quinta posici\u00f3n.<br \/><b><br \/>El equipo no estaba en su mejor momento al encontrarse en cuarta posici\u00f3n en la clasificaci\u00f3n de constructores<\/b>, a 288 puntos del l\u00edder, McLaren, y con Ferrari y Mercedes tambi\u00e9n por delante, con solo dos victorias en las primeras doce carreras de la temporada.<\/p>\n<p>Con su salida, <b>el conjunto austriaco sigue con su sangr\u00eda de los \u00faltimos dieciocho meses<\/b>, con partidas entre las que se incluyen al ingeniero Adrian Newey, que actualmente se encuentra en las filas de Aston Martin, y el director deportivo Jonathan Wheatley, en Kick Sauber.<\/p>\n<p>Como parte de la reorganizaci\u00f3n, <b>Laurent Mekies, que hasta ahora ejerc\u00eda el rol de jefe de equipo de la escuder\u00eda Racing Bulls, ocupar\u00e1 el cargo de Horner, mientras que Alan Permane sustituir\u00e1 a Mekies.<\/b><\/p>\n<p>\u00abHa sido una aventura incre\u00edble contribuir al nacimiento de Racing Bulls junto con toda nuestra gente talentosa. El esp\u00edritu de todo el equipo es incre\u00edble, y creo firmemente que esto es solo el comienzo.Me siento muy honrado de asumir el cargo de director del equipo y me gustar\u00eda agradecer a todos por la confianza que han mostrado en m\u00ed\u00bb, expres\u00f3 Mekies, en declaraciones difundidas por la escuder\u00eda, donde mostr\u00f3 sus ganas de comenzar con este \u00abnuevo reto\u00bb.<\/p>\n<p>Al hablar de su sustituto Alar Permane, Mekies se deshizo en elogios: \u00abAlan es el hombre perfecto para tomar el relevo ahora y continuar nuestro camino. Conoce el equipo a la perfecci\u00f3n y siempre ha sido un pilar importante de nuestros primeros \u00e9xitos\u00bb.<\/p>\n<p><!-- Live Blog Post --><\/div>\n<p><a href=\"https:\/\/www.pagina12.com.ar\/840629-sorpresa-en-la-formula-1-red-bull-despidio-a-christian-horne\">source<\/a><\/p>\n","protected":false},"excerpt":{"rendered":"<p>La escuder\u00eda de F\u00f3rmula 1 Red Bull Racing despidi\u00f3 este mi\u00e9rcoles de forma \u00abinmediata\u00bb a&#8230;<\/p>\n","protected":false},"author":3,"featured_media":22368,"comment_status":"closed","ping_status":"closed","sticky":false,"template":"","format":"standard","meta":{"footnotes":""},"categories":[21],"tags":[],"class_list":["post-22367","post","type-post","status-publish","format-standard","has-post-thumbnail","hentry","category-deportes"],"featured_image_urls":{"full":["https:\/\/fmamiga909.com.ar\/wp-content\/uploads\/2025\/07\/wp-header-logo-107.png",960,540,false],"thumbnail":["https:\/\/fmamiga909.com.ar\/wp-content\/uploads\/2025\/07\/wp-header-logo-107-150x150.png",150,150,true],"medium":["https:\/\/fmamiga909.com.ar\/wp-content\/uploads\/2025\/07\/wp-header-logo-107-300x169.png",300,169,true],"medium_large":["https:\/\/fmamiga909.com.ar\/wp-content\/uploads\/2025\/07\/wp-header-logo-107.png",960,540,false],"large":["https:\/\/fmamiga909.com.ar\/wp-content\/uploads\/2025\/07\/wp-header-logo-107.png",640,360,false],"1536x1536":["https:\/\/fmamiga909.com.ar\/wp-content\/uploads\/2025\/07\/wp-header-logo-107.png",960,540,false],"2048x2048":["https:\/\/fmamiga909.com.ar\/wp-content\/uploads\/2025\/07\/wp-header-logo-107.png",960,540,false],"newsium-slider-full":["https:\/\/fmamiga909.com.ar\/wp-content\/uploads\/2025\/07\/wp-header-logo-107.png",960,540,false],"newsium-featured":["https:\/\/fmamiga909.com.ar\/wp-content\/uploads\/2025\/07\/wp-header-logo-107.png",960,540,false],"newsium-medium":["https:\/\/fmamiga909.com.ar\/wp-content\/uploads\/2025\/07\/wp-header-logo-107-720x475.png",720,475,true]},"author_info":{"display_name":"Fredy Giuliano","author_link":"https:\/\/fmamiga909.com.ar\/?author=3"},"category_info":"<a href=\"https:\/\/fmamiga909.com.ar\/?cat=21\" rel=\"category\">Deportes<\/a>","tag_info":"Deportes","comment_count":"0","_links":{"self":[{"href":"https:\/\/fmamiga909.com.ar\/index.php?rest_route=\/wp\/v2\/posts\/22367","targetHints":{"allow":["GET"]}}],"collection":[{"href":"https:\/\/fmamiga909.com.ar\/index.php?rest_route=\/wp\/v2\/posts"}],"about":[{"href":"https:\/\/fmamiga909.com.ar\/index.php?rest_route=\/wp\/v2\/types\/post"}],"author":[{"embeddable":true,"href":"https:\/\/fmamiga909.com.ar\/index.php?rest_route=\/wp\/v2\/users\/3"}],"replies":[{"embeddable":true,"href":"https:\/\/fmamiga909.com.ar\/index.php?rest_route=%2Fwp%2Fv2%2Fcomments&post=22367"}],"version-history":[{"count":0,"href":"https:\/\/fmamiga909.com.ar\/index.php?rest_route=\/wp\/v2\/posts\/22367\/revisions"}],"wp:featuredmedia":[{"embeddable":true,"href":"https:\/\/fmamiga909.com.ar\/index.php?rest_route=\/wp\/v2\/media\/22368"}],"wp:attachment":[{"href":"https:\/\/fmamiga909.com.ar\/index.php?rest_route=%2Fwp%2Fv2%2Fmedia&parent=22367"}],"wp:term":[{"taxonomy":"category","embeddable":true,"href":"https:\/\/fmamiga909.com.ar\/index.php?rest_route=%2Fwp%2Fv2%2Fcategories&post=22367"},{"taxonomy":"post_tag","embeddable":true,"href":"https:\/\/fmamiga909.com.ar\/index.php?rest_route=%2Fwp%2Fv2%2Ftags&post=22367"}],"curies":[{"name":"wp","href":"https:\/\/api.w.org\/{rel}","templated":true}]}}