{"id":22383,"date":"2025-07-09T23:49:01","date_gmt":"2025-07-09T23:49:01","guid":{"rendered":"https:\/\/fmamiga909.com.ar\/?p=22383"},"modified":"2025-07-09T23:49:01","modified_gmt":"2025-07-09T23:49:01","slug":"colapinto-ni-en-pedo-es-el-nuevo-fangio","status":"publish","type":"post","link":"https:\/\/fmamiga909.com.ar\/?p=22383","title":{"rendered":"Colapinto: ni en pedo es el nuevo Fangio"},"content":{"rendered":"<div><!-- Body --><\/p>\n<p>El pol\u00e9mico mensaje del padre de Colapinto que encendi\u00f3 las redes tras las cr\u00edticas por su abandono, narrado en octavas por nuestro poeta de cabecera.<\/p>\n<p>Por las cr\u00edticas a su hijo<\/p>\n<p>en su \u00faltima carrera,<\/p>\n<p>se enoj\u00f3 de forma fiera<\/p>\n<p>el pap\u00e1 de Colapinto.<\/p>\n<p>\u201cNo te pongas mal\u201d, le dijo,<\/p>\n<p>\u201cque la gente exitosa<\/p>\n<p>por otra gente envidiosa<\/p>\n<p>y mediocre es criticada\u201d.<\/p>\n<p>Por bancar siempre a su hijo<\/p>\n<p>lo voy a felicitar,<\/p>\n<p>m\u00e1s le voy a preguntar:<\/p>\n<p>\u00bfA qu\u00e9 \u201c\u00e9xito\u201d se refiere?<\/p>\n<p>Si este a\u00f1o su \u201cnene\u201d,<\/p>\n<p>el peque\u00f1o Colapinto,<\/p>\n<p>no pas\u00f3 de d\u00e9cimo quinto.<\/p>\n<p>El \u201c\u00e9xito\u201d me lo debe.<\/p>\n<p>Aunque por ahora el destino<\/p>\n<p>mucho no lo ha ayudado<\/p>\n<p>a Colapinto apoyamos<\/p>\n<p>todos los argentinos.<\/p>\n<p>M\u00e1s si al podio ni se arrima<\/p>\n<p>solo habr\u00e1 hasta el momento<\/p>\n<p>un \u00e9xito: todo el vento<\/p>\n<p>en verdes que ha facturado.<\/p>\n<p>A Colapinto lo veo<\/p>\n<p>cada vez m\u00e1s parecido<\/p>\n<p>al Coyote, aquel querido<\/p>\n<p>dibujito animado,<\/p>\n<p>con mil tretas ha intentado<\/p>\n<p>cazar al Correcaminos.<\/p>\n<p>Y aunque no lo haya querido<\/p>\n<p>mil veces ha fracasado.<\/p>\n<p>Por salir siempre segundo<\/p>\n<p>a Reutemann recordaba.<\/p>\n<p>Tantas veces lo criticaban<\/p>\n<p>y fue casi campe\u00f3n del mundo.<\/p>\n<p>No lo inflen m\u00e1s a Franco.<\/p>\n<p>Les pido a los periodistas<\/p>\n<p>No seamos tan exitistas<\/p>\n<p>Ni en pedo es el nuevo Fangio.<\/p>\n<p><!-- Live Blog Post --><\/div>\n<p><a href=\"https:\/\/www.pagina12.com.ar\/840800-colapinto-ni-en-pedo-es-el-nuevo-fangio\">source<\/a><\/p>\n","protected":false},"excerpt":{"rendered":"<p>El pol\u00e9mico mensaje del padre de Colapinto que encendi\u00f3 las redes tras las cr\u00edticas por&#8230;<\/p>\n","protected":false},"author":3,"featured_media":22384,"comment_status":"closed","ping_status":"closed","sticky":false,"template":"","format":"standard","meta":{"footnotes":""},"categories":[21],"tags":[],"class_list":["post-22383","post","type-post","status-publish","format-standard","has-post-thumbnail","hentry","category-deportes"],"featured_image_urls":{"full":["https:\/\/fmamiga909.com.ar\/wp-content\/uploads\/2025\/07\/wp-header-logo-115.png",960,540,false],"thumbnail":["https:\/\/fmamiga909.com.ar\/wp-content\/uploads\/2025\/07\/wp-header-logo-115-150x150.png",150,150,true],"medium":["https:\/\/fmamiga909.com.ar\/wp-content\/uploads\/2025\/07\/wp-header-logo-115-300x169.png",300,169,true],"medium_large":["https:\/\/fmamiga909.com.ar\/wp-content\/uploads\/2025\/07\/wp-header-logo-115.png",960,540,false],"large":["https:\/\/fmamiga909.com.ar\/wp-content\/uploads\/2025\/07\/wp-header-logo-115.png",640,360,false],"1536x1536":["https:\/\/fmamiga909.com.ar\/wp-content\/uploads\/2025\/07\/wp-header-logo-115.png",960,540,false],"2048x2048":["https:\/\/fmamiga909.com.ar\/wp-content\/uploads\/2025\/07\/wp-header-logo-115.png",960,540,false],"newsium-slider-full":["https:\/\/fmamiga909.com.ar\/wp-content\/uploads\/2025\/07\/wp-header-logo-115.png",960,540,false],"newsium-featured":["https:\/\/fmamiga909.com.ar\/wp-content\/uploads\/2025\/07\/wp-header-logo-115.png",960,540,false],"newsium-medium":["https:\/\/fmamiga909.com.ar\/wp-content\/uploads\/2025\/07\/wp-header-logo-115-720x475.png",720,475,true]},"author_info":{"display_name":"Fredy Giuliano","author_link":"https:\/\/fmamiga909.com.ar\/?author=3"},"category_info":"<a href=\"https:\/\/fmamiga909.com.ar\/?cat=21\" rel=\"category\">Deportes<\/a>","tag_info":"Deportes","comment_count":"0","_links":{"self":[{"href":"https:\/\/fmamiga909.com.ar\/index.php?rest_route=\/wp\/v2\/posts\/22383","targetHints":{"allow":["GET"]}}],"collection":[{"href":"https:\/\/fmamiga909.com.ar\/index.php?rest_route=\/wp\/v2\/posts"}],"about":[{"href":"https:\/\/fmamiga909.com.ar\/index.php?rest_route=\/wp\/v2\/types\/post"}],"author":[{"embeddable":true,"href":"https:\/\/fmamiga909.com.ar\/index.php?rest_route=\/wp\/v2\/users\/3"}],"replies":[{"embeddable":true,"href":"https:\/\/fmamiga909.com.ar\/index.php?rest_route=%2Fwp%2Fv2%2Fcomments&post=22383"}],"version-history":[{"count":0,"href":"https:\/\/fmamiga909.com.ar\/index.php?rest_route=\/wp\/v2\/posts\/22383\/revisions"}],"wp:featuredmedia":[{"embeddable":true,"href":"https:\/\/fmamiga909.com.ar\/index.php?rest_route=\/wp\/v2\/media\/22384"}],"wp:attachment":[{"href":"https:\/\/fmamiga909.com.ar\/index.php?rest_route=%2Fwp%2Fv2%2Fmedia&parent=22383"}],"wp:term":[{"taxonomy":"category","embeddable":true,"href":"https:\/\/fmamiga909.com.ar\/index.php?rest_route=%2Fwp%2Fv2%2Fcategories&post=22383"},{"taxonomy":"post_tag","embeddable":true,"href":"https:\/\/fmamiga909.com.ar\/index.php?rest_route=%2Fwp%2Fv2%2Ftags&post=22383"}],"curies":[{"name":"wp","href":"https:\/\/api.w.org\/{rel}","templated":true}]}}