{"id":22393,"date":"2025-07-10T19:27:27","date_gmt":"2025-07-10T19:27:27","guid":{"rendered":"https:\/\/fmamiga909.com.ar\/?p=22393"},"modified":"2025-07-10T19:27:27","modified_gmt":"2025-07-10T19:27:27","slug":"en-el-futbol-argentino-las-decisiones-del-var-se-anunciaran-por-altavoz-y-en-el-momento","status":"publish","type":"post","link":"https:\/\/fmamiga909.com.ar\/?p=22393","title":{"rendered":"En el f\u00fatbol argentino las decisiones del VAR se anunciar\u00e1n por altavoz y en el momento\u00a0"},"content":{"rendered":"<div><!-- Body --><\/p>\n<p>En el Media Day de \u00e1rbitros realizado este jueves en el Predio Lionel Messi de Ezeiza, las autoridades del arbitraje del f\u00fatbol argentino anunciaron una serie de <b>cambios en la utilizaci\u00f3n del VAR<\/b>. Entre ellos destaca el hecho de que<b> las decisiones que el r\u00e9feri tome a instancias del VAR ser\u00e1n anunciadas y explicadas con micr\u00f3fono y altavoz en el momento<\/b>, al igual que ocurre durante el <b><a href=\"https:\/\/www.pagina12.com.ar\/840774-mundial-de-clubes-paris-saint-germain-aplasto-a-real-madrid-\">Mundial de Clubes<\/a>.<\/b><\/p>\n<h3\/>\n<p>Seg\u00fan explic\u00f3<b> Fernando Rapallini<\/b>, Gerente T\u00e9cnico del Arbitraje, en declaraciones a DSPORTS, este cambio se aplicar\u00e1 a partir de la tercera o cuarta fecha porque <b>no todos los estadios cumplen con los requerimientos t\u00e9cnicos necesarios<\/b>.\u00a0<\/p>\n<p>Esta modalidad se implement\u00f3 durante el <b>Mundial de Clubes<\/b>, en donde la jugada tambi\u00e9n se muestra en las pantallas del estadio. No se ha aclarado si esto tambi\u00e9n se aplicar\u00e1 en el f\u00fatbol argentino, aunque hay que tener en cuenta que son muchos los estadios que no cuentan con una pantalla.\u00a0<\/p>\n<p>En la conferencia de prensa, en la que tambi\u00e9n particip\u00f3 el director nacional de Arbitraje,\u00a0<b>Federico Beligoy<\/b>, tambi\u00e9n se anunci\u00f3 que <b>los alcanzapelotas no podr\u00e1n darle los balones a los jugadores<\/b> para reanudar el juego, sino que <b>deber\u00e1n ponerlos en 12 conos distribuidos alrededor del campo de juego<\/b>.<\/p>\n<div class=\"medium-insert-embeds\">\n<figure>\n<div class=\"medium-insert-embed\">\n<div align=\"center\">\n<figure role=\"group\" class=\"caption caption-drupal-entity\"><figcaption>Los cambios en el VAR ya se probaron en el\u00a0 Mundial de Clubes.<\/figcaption><\/figure>\n<\/div><\/div>\n<\/figure>\n<\/div>\n<p>Esta medida ya fue adoptada por la\u00a0Confederaci\u00f3n Sudamericana de F\u00fatbol (Conmebol) para la Copa Libertadores y Sudamericana y<b> busca evitar que los equipos locales hagan tiempo al ordenarle a los alcanzapelotas que escondan el bal\u00f3n<\/b>. Habr\u00e1 controles con el objetivo de que los balones siempre est\u00e9n disponibles y <b>sanciones y expulsiones en caso de incumplimiento<\/b>.<\/p>\n<p>Por otra parte, se anunci\u00f3 la <b>creaci\u00f3n de una cuenta de Twitter \u00aba modo informativo, pedag\u00f3gico y did\u00e1ctico para la explicaci\u00f3n de jugadas con sus consideraciones t\u00e9cnica\u00bb<\/b>. All\u00ed se argumentar\u00e1n las decisiones tomadas por los \u00e1rbitros mediante el VAR. Un ejemplo de esto es <i>@PLMatchCentre<\/i>, la cuenta de X de la <b>Premier League<\/b>.<\/p>\n<div class=\"medium-insert-embeds\">\n<figure>\n<div class=\"medium-insert-embed\">\n<div align=\"center\">\n<figure role=\"group\" class=\"caption caption-drupal-entity\"><figcaption>Los cambios en el VAR se aplicar\u00e1n en la tercera o cuarta fecha del Torneo Clausura 2025.<\/figcaption><\/figure>\n<\/div><\/div><figcaption class=\"\"\/><\/figure>\n<\/div>\n<p>Adem\u00e1s, se inform\u00f3 que los \u00e1rbitros comenzar\u00e1n a hacer hincapi\u00e9 en el <u><b>cumplimiento de las reglamentaciones<\/b> ya establecidas<\/u> que incluyen que solo un jugador, en general el Capit\u00e1n, puede interactuar con el \u00e1rbitro,\u00a0 la intenci\u00f3n de mejorar el tiempo efectivo de juegoy la <a href=\"https:\/\/www.pagina12.com.ar\/814955-conmebol-cambia-el-reglamento-y-adopta-la-regla-de-los-8-seg#:~:text=Con%20la%20modificaci%C3%B3n%20de%20la,seg%C3%BAn%20aseguraron%20desde%20la%20IFAB.\">regla de los 8 segundos del arquero<\/a> &#8211;antes el l\u00edmite de retenci\u00f3n para el arquero era de 6 segundos y tiro libre indirecto para el rival, ahora son 8 segundos y el castigo es un tiro de esquina&#8211;.<\/p>\n<p>Adem\u00e1s, van a priorizar la atenci\u00f3n r\u00e1pida de jugadores, el respeto por la distancia reglamentaria en las reanudaciones y el manejo de los bancos de suplentes y comportamientos de los cuerpos t\u00e9cnicos.<\/p>\n<h3>Segu\u00ed leyendo:<\/h3>\n<h3\/><!-- Live Blog Post --><\/div>\n<p><a href=\"https:\/\/www.pagina12.com.ar\/841005-en-el-futbol-argentino-las-decisiones-del-var-se-anunciaran-\">source<\/a><\/p>\n","protected":false},"excerpt":{"rendered":"<p>En el Media Day de \u00e1rbitros realizado este jueves en el Predio Lionel Messi de&#8230;<\/p>\n","protected":false},"author":3,"featured_media":22394,"comment_status":"closed","ping_status":"closed","sticky":false,"template":"","format":"standard","meta":{"footnotes":""},"categories":[21],"tags":[],"class_list":["post-22393","post","type-post","status-publish","format-standard","has-post-thumbnail","hentry","category-deportes"],"featured_image_urls":{"full":["https:\/\/fmamiga909.com.ar\/wp-content\/uploads\/2025\/07\/wp-header-logo-120.png",960,540,false],"thumbnail":["https:\/\/fmamiga909.com.ar\/wp-content\/uploads\/2025\/07\/wp-header-logo-120-150x150.png",150,150,true],"medium":["https:\/\/fmamiga909.com.ar\/wp-content\/uploads\/2025\/07\/wp-header-logo-120-300x169.png",300,169,true],"medium_large":["https:\/\/fmamiga909.com.ar\/wp-content\/uploads\/2025\/07\/wp-header-logo-120.png",960,540,false],"large":["https:\/\/fmamiga909.com.ar\/wp-content\/uploads\/2025\/07\/wp-header-logo-120.png",640,360,false],"1536x1536":["https:\/\/fmamiga909.com.ar\/wp-content\/uploads\/2025\/07\/wp-header-logo-120.png",960,540,false],"2048x2048":["https:\/\/fmamiga909.com.ar\/wp-content\/uploads\/2025\/07\/wp-header-logo-120.png",960,540,false],"newsium-slider-full":["https:\/\/fmamiga909.com.ar\/wp-content\/uploads\/2025\/07\/wp-header-logo-120.png",960,540,false],"newsium-featured":["https:\/\/fmamiga909.com.ar\/wp-content\/uploads\/2025\/07\/wp-header-logo-120.png",960,540,false],"newsium-medium":["https:\/\/fmamiga909.com.ar\/wp-content\/uploads\/2025\/07\/wp-header-logo-120-720x475.png",720,475,true]},"author_info":{"display_name":"Fredy Giuliano","author_link":"https:\/\/fmamiga909.com.ar\/?author=3"},"category_info":"<a href=\"https:\/\/fmamiga909.com.ar\/?cat=21\" rel=\"category\">Deportes<\/a>","tag_info":"Deportes","comment_count":"0","_links":{"self":[{"href":"https:\/\/fmamiga909.com.ar\/index.php?rest_route=\/wp\/v2\/posts\/22393","targetHints":{"allow":["GET"]}}],"collection":[{"href":"https:\/\/fmamiga909.com.ar\/index.php?rest_route=\/wp\/v2\/posts"}],"about":[{"href":"https:\/\/fmamiga909.com.ar\/index.php?rest_route=\/wp\/v2\/types\/post"}],"author":[{"embeddable":true,"href":"https:\/\/fmamiga909.com.ar\/index.php?rest_route=\/wp\/v2\/users\/3"}],"replies":[{"embeddable":true,"href":"https:\/\/fmamiga909.com.ar\/index.php?rest_route=%2Fwp%2Fv2%2Fcomments&post=22393"}],"version-history":[{"count":0,"href":"https:\/\/fmamiga909.com.ar\/index.php?rest_route=\/wp\/v2\/posts\/22393\/revisions"}],"wp:featuredmedia":[{"embeddable":true,"href":"https:\/\/fmamiga909.com.ar\/index.php?rest_route=\/wp\/v2\/media\/22394"}],"wp:attachment":[{"href":"https:\/\/fmamiga909.com.ar\/index.php?rest_route=%2Fwp%2Fv2%2Fmedia&parent=22393"}],"wp:term":[{"taxonomy":"category","embeddable":true,"href":"https:\/\/fmamiga909.com.ar\/index.php?rest_route=%2Fwp%2Fv2%2Fcategories&post=22393"},{"taxonomy":"post_tag","embeddable":true,"href":"https:\/\/fmamiga909.com.ar\/index.php?rest_route=%2Fwp%2Fv2%2Ftags&post=22393"}],"curies":[{"name":"wp","href":"https:\/\/api.w.org\/{rel}","templated":true}]}}