{"id":22399,"date":"2025-07-10T22:07:30","date_gmt":"2025-07-10T22:07:30","guid":{"rendered":"https:\/\/fmamiga909.com.ar\/?p=22399"},"modified":"2025-07-10T22:07:30","modified_gmt":"2025-07-10T22:07:30","slug":"torneo-clausura-san-lorenzo-se-estrena-en-cordoba-ante-talleres","status":"publish","type":"post","link":"https:\/\/fmamiga909.com.ar\/?p=22399","title":{"rendered":"Torneo Clausura: San Lorenzo se estrena en C\u00f3rdoba ante Talleres"},"content":{"rendered":"<div><!-- Body --><\/p>\n<p><b>San Lorenzo debutar\u00e1<\/b> este viernes <b>en el Torneo Clausura <\/b>de la Liga Profesional <b>cuando visite a Talleres de C\u00f3rdoba, que contar\u00e1 con el estreno de Carlos Tevez como flamante entrenador<\/b>, tras la sorpresiva renuncia de Diego Cocca.<\/p>\n<p><b>Ya con Dami\u00e1n Ayude al frente, el equipo de Boedo elimin\u00f3<\/b> el s\u00e1bado pasado <b>a Quilmes por penales<\/b> para meterse en los octavos de final <b>de la Copa Argentina.\u00a0<\/b><\/p>\n<p><b>El Cicl\u00f3n <\/b>llega a este encuentro luego de una buena primera mitad de a\u00f1o en la que alcanz\u00f3 las semifinales en el Torneo Apertura, instancia en la que cay\u00f3 ante el campe\u00f3n Platense.<\/p>\n<p>Sin embargo, <b>termin\u00f3 el semestre con un sabor agridulce por el esc\u00e1ndalo de<\/b> los d\u00f3lares que involucraron a <b>su presidente Marcelo Moretti<\/b> -que se encuentra de licencia-, <b>la salida del t\u00e9cnico Miguel Angel Russo<\/b> -que emigr\u00f3 a Boca-<b> y la ida del espa\u00f1ol Iker Muniain<\/b>, una de las m\u00e1ximas figuras del equipo.<\/p>\n<p>La lista de convocados de San Lorenzo la integran Orlando Gill, Facundo Altamirano, Jhohan Roma\u00f1a, Gast\u00f3n Alan Hern\u00e1ndez, Ezequiel Herrera, Teo Rodr\u00edguez Pagano, Fabricio Gabriel L\u00f3pez, Alejo C\u00f3rdoba, Daniel Herrera, El\u00edas B\u00e1ez, Emanuel Cecchini, Manuel Insaurralde, Francisco Perruzzi, Nicol\u00e1s Tripichio, Ignacio Perruzzi, Juan Cruz Rattalino, Facundo Gulli, Ezequiel Cerutti, Andr\u00e9s Vombergar, Mat\u00edas Reali, Branco Salinardi, Alexis Cuello y Mat\u00edas Hern\u00e1ndez.<\/p>\n<p><iframe loading=\"lazy\" frameborder=\"0\" src=\"https:\/\/rd.pagina12.com.ar\/html\/v3\/minapp\/modules\/futbol\/gamecast\/gamecast.html?channel=deportes.futbol.primeraa.761510&amp;lang=es_LA\" width=\"100%\" height=\"1000\"><\/iframe><\/p>\n<p><b>Talleres<\/b>, por su parte, <b>atraviesa un complicado momento,<\/b> ya que <b>tuvo un Torneo Apertura muy malo en el que termin\u00f3 14\u00ba<\/b> en la Zona B con apenas 13 puntos <b>y \u00faltimo en su grupo de la Copa Libertadores.\u00a0<\/b><\/p>\n<p><b>Lo \u00fanico positivo del semestre fue el t\u00edtulo en la Supercopa Internacional ante River<\/b>, pero ni siquiera eso pudo mantener en el cargo al uruguayo Alexander Medina, ex t\u00e9cnico del equipo.<\/p>\n<p>Adem\u00e1s, <b>la dirigencia hab\u00eda contratado a Cocca hace pocas semanas, pero el entrenador termin\u00f3 renunciando <\/b>antes de hacer su debut oficial, por lo que finalmente <b>la T comenzar\u00e1 el certamen con Tevez<\/b> en el cargo.<\/p>\n<p>El encuentro se llevar\u00e1 a cabo <b>desde las 20<\/b>\u00a0(TV: ESPN Premium) <b>en <\/b>el estadio Mario Alberto Kempes de <b>C\u00f3rdoba.<\/b><\/p>\n<h2>Arranque formal en Mar del Plata<\/h2>\n<p><b>El Torneo Clausura arrancar\u00e1 formalmente <\/b>este viernes <b>a partir de las 15.30<\/b> (TV: TNT Sports) <b>en el estadio Jos\u00e9 Mar\u00eda Minella<\/b> de Mar del Plata, <b>donde Aldosivi y Central C\u00f3rdoba dar\u00e1n inicio a la reanudaci\u00f3n del f\u00fatbol argentino<\/b> tras el receso, por la primera fecha de la Zona A.\u00a0<\/p>\n<p>El Tibur\u00f3n y el Ferroviario, <b>tras sus regulares campa\u00f1as en la primera mitad del a\u00f1o<\/b>, quieren arrancar con el pie derecho este segundo semestre.<\/p>\n<p>      <!-- Live Blog Post --><\/div>\n<p><a href=\"https:\/\/www.pagina12.com.ar\/841062-torneo-clausura-san-lorenzo-se-estrena-en-cordoba-ante-talle\">source<\/a><\/p>\n","protected":false},"excerpt":{"rendered":"<p>San Lorenzo debutar\u00e1 este viernes en el Torneo Clausura de la Liga Profesional cuando visite&#8230;<\/p>\n","protected":false},"author":3,"featured_media":22400,"comment_status":"closed","ping_status":"closed","sticky":false,"template":"","format":"standard","meta":{"footnotes":""},"categories":[21],"tags":[],"class_list":["post-22399","post","type-post","status-publish","format-standard","has-post-thumbnail","hentry","category-deportes"],"featured_image_urls":{"full":["https:\/\/fmamiga909.com.ar\/wp-content\/uploads\/2025\/07\/wp-header-logo-123.png",960,540,false],"thumbnail":["https:\/\/fmamiga909.com.ar\/wp-content\/uploads\/2025\/07\/wp-header-logo-123-150x150.png",150,150,true],"medium":["https:\/\/fmamiga909.com.ar\/wp-content\/uploads\/2025\/07\/wp-header-logo-123-300x169.png",300,169,true],"medium_large":["https:\/\/fmamiga909.com.ar\/wp-content\/uploads\/2025\/07\/wp-header-logo-123.png",960,540,false],"large":["https:\/\/fmamiga909.com.ar\/wp-content\/uploads\/2025\/07\/wp-header-logo-123.png",640,360,false],"1536x1536":["https:\/\/fmamiga909.com.ar\/wp-content\/uploads\/2025\/07\/wp-header-logo-123.png",960,540,false],"2048x2048":["https:\/\/fmamiga909.com.ar\/wp-content\/uploads\/2025\/07\/wp-header-logo-123.png",960,540,false],"newsium-slider-full":["https:\/\/fmamiga909.com.ar\/wp-content\/uploads\/2025\/07\/wp-header-logo-123.png",960,540,false],"newsium-featured":["https:\/\/fmamiga909.com.ar\/wp-content\/uploads\/2025\/07\/wp-header-logo-123.png",960,540,false],"newsium-medium":["https:\/\/fmamiga909.com.ar\/wp-content\/uploads\/2025\/07\/wp-header-logo-123-720x475.png",720,475,true]},"author_info":{"display_name":"Fredy Giuliano","author_link":"https:\/\/fmamiga909.com.ar\/?author=3"},"category_info":"<a href=\"https:\/\/fmamiga909.com.ar\/?cat=21\" rel=\"category\">Deportes<\/a>","tag_info":"Deportes","comment_count":"0","_links":{"self":[{"href":"https:\/\/fmamiga909.com.ar\/index.php?rest_route=\/wp\/v2\/posts\/22399","targetHints":{"allow":["GET"]}}],"collection":[{"href":"https:\/\/fmamiga909.com.ar\/index.php?rest_route=\/wp\/v2\/posts"}],"about":[{"href":"https:\/\/fmamiga909.com.ar\/index.php?rest_route=\/wp\/v2\/types\/post"}],"author":[{"embeddable":true,"href":"https:\/\/fmamiga909.com.ar\/index.php?rest_route=\/wp\/v2\/users\/3"}],"replies":[{"embeddable":true,"href":"https:\/\/fmamiga909.com.ar\/index.php?rest_route=%2Fwp%2Fv2%2Fcomments&post=22399"}],"version-history":[{"count":0,"href":"https:\/\/fmamiga909.com.ar\/index.php?rest_route=\/wp\/v2\/posts\/22399\/revisions"}],"wp:featuredmedia":[{"embeddable":true,"href":"https:\/\/fmamiga909.com.ar\/index.php?rest_route=\/wp\/v2\/media\/22400"}],"wp:attachment":[{"href":"https:\/\/fmamiga909.com.ar\/index.php?rest_route=%2Fwp%2Fv2%2Fmedia&parent=22399"}],"wp:term":[{"taxonomy":"category","embeddable":true,"href":"https:\/\/fmamiga909.com.ar\/index.php?rest_route=%2Fwp%2Fv2%2Fcategories&post=22399"},{"taxonomy":"post_tag","embeddable":true,"href":"https:\/\/fmamiga909.com.ar\/index.php?rest_route=%2Fwp%2Fv2%2Ftags&post=22399"}],"curies":[{"name":"wp","href":"https:\/\/api.w.org\/{rel}","templated":true}]}}