{"id":22403,"date":"2025-07-10T23:05:25","date_gmt":"2025-07-10T23:05:25","guid":{"rendered":"https:\/\/fmamiga909.com.ar\/?p=22403"},"modified":"2025-07-10T23:05:25","modified_gmt":"2025-07-10T23:05:25","slug":"river-abonaria-un-resarcimiento-al-america-de-cali-por-quintero","status":"publish","type":"post","link":"https:\/\/fmamiga909.com.ar\/?p=22403","title":{"rendered":"River abonar\u00eda un resarcimiento al Am\u00e9rica de Cali por Quintero"},"content":{"rendered":"<div><!-- Body --><\/p>\n<p><b>Mientras Maximiliano Salas\u00a0tuvo su primer entrenamiento en River <\/b>este jueves <b>y el DT Marcelo Gallardo lo considera para<\/b> ser titular en <b>el debut en el\u00a0Torneo Clausura\u00a0<\/b>ante el campe\u00f3n Platense, el colombiano <b>Juan Fernando Quintero est\u00e1 cerca de volver a N\u00fa\u00f1ez, aunque el Am\u00e9rica de Cali exige un resarcimiento econ\u00f3mico <\/b>de entre 2 y 3 millones de d\u00f3lares para liberar al jugador.\u00a0<\/p>\n<p>Si bien en un primer momento la dirigencia de River hab\u00eda condicionado la operaci\u00f3n a que el futbolista llegara en condici\u00f3n de libre, la postura cambi\u00f3 y el club millonario estar\u00eda dispuesto a asumir ese costo.<\/p>\n<p>El contrato de Quintero con el club colombiano contemplaba una suma significativa que deb\u00eda ser cubierta por un grupo inversor. Ante el incumplimiento de ese compromiso, el club colombiano inform\u00f3 al jugador que no podr\u00eda afrontar el resto del v\u00ednculo y que buscara una salida. No obstante, <b>Am\u00e9rica de Cali sostiene que se encuentra al d\u00eda con el futbolista y exige una compensaci\u00f3n para ceder sus derechos federativos.<\/b><\/p>\n<p>Por su parte, Quintero afirm\u00f3 que su actual club mantiene deudas con \u00e9l por un monto superior al mill\u00f3n de d\u00f3lares.<\/p>\n<p><b>En River se daba por descontado que el jugador lograr\u00eda desvincularse sin costo<\/b>, al punto que ya se analizaban alternativas para liberar un cupo de extranjeros. <b>Sin embargo, la intervenci\u00f3n de los abogados de Am\u00e9rica de Cali modific\u00f3 el escenario <\/b>y condicion\u00f3 la transferencia al pago del resarcimiento.<\/p>\n<h2>\u00bfBeltr\u00e1n tambi\u00e9n volver\u00e1?<\/h2>\n<p>Por otro lado, <b>Fiorentina manifest\u00f3 su intenci\u00f3n de negociar el pase de Lucas Beltr\u00e1n <\/b>en este mercado de pases, seg\u00fan inform\u00f3 el medio italiano <i>Corriere dello Sport<\/i>, y el club estar\u00eda dispuesto a aceptar una <b>oferta cercana a los 10 millones de euros<\/b> por el delantero que no logr\u00f3 consolidarse como titular en sus dos temporadas en la Serie A de Italia.<\/p>\n<p><b>Beltr\u00e1n, de 24 a\u00f1os, <\/b>disput\u00f3 98 partidos y convirti\u00f3 16 goles con la camiseta \u00abviola\u00bb. Si bien su rendimiento fue aceptable, <b>no logr\u00f3 afianzarse como centrodelantero y en varias oportunidades fue utilizado como segunda punta.<\/b><\/p>\n<p>El valor de mercado del jugador, seg\u00fan el sitio especializado Transfermarkt, asciende a 18 millones de euros. No obstante, la dirigencia del club italiano considera que esa cifra no es viable en el contexto actual y estar\u00eda dispuesta a negociar por una suma inferior.<\/p>\n<p>En este escenario, <b>River <\/b>-que ya hab\u00eda mostrado inter\u00e9s en repatriarlo- apareci\u00f3 como uno de los posibles destinos y<b> realiz\u00f3 una propuesta de cesi\u00f3n con obligaci\u00f3n de compra, que no fue aceptada por Fiorentina.\u00a0<\/b><\/p>\n<p><b>Beltr\u00e1n tuvo un paso destacado por N\u00fa\u00f1ez durante el ciclo de Mart\u00edn Demichelis, en el que disput\u00f3 36 partidos y convirti\u00f3 16 goles<\/b> en siete meses. Previamente, hab\u00eda regresado al club tras un pr\u00e9stamo en Col\u00f3n y sumado minutos bajo la conducci\u00f3n de Gallardo, quien lo hizo debutar en Primera Divisi\u00f3n.<\/p>\n<p>Por \u00faltimo, <b>el Millonario tambi\u00e9n est\u00e1 cerca de cerrar a Mat\u00edas Galarza Fonda y Juan Portillo, ambos de Talleres de C\u00f3rdoba<\/b>, pero lejos de Mat\u00edas Cepeda, ya que el futuro del chileno estar\u00eda en el f\u00fatbol europeo.<\/p>\n<p><!-- Live Blog Post --><\/div>\n<p><a href=\"https:\/\/www.pagina12.com.ar\/841107-river-abonaria-un-resarcimiento-al-america-de-cali-por-quint\">source<\/a><\/p>\n","protected":false},"excerpt":{"rendered":"<p>Mientras Maximiliano Salas\u00a0tuvo su primer entrenamiento en River este jueves y el DT Marcelo Gallardo&#8230;<\/p>\n","protected":false},"author":3,"featured_media":22404,"comment_status":"closed","ping_status":"closed","sticky":false,"template":"","format":"standard","meta":{"footnotes":""},"categories":[21],"tags":[],"class_list":["post-22403","post","type-post","status-publish","format-standard","has-post-thumbnail","hentry","category-deportes"],"featured_image_urls":{"full":["https:\/\/fmamiga909.com.ar\/wp-content\/uploads\/2025\/07\/wp-header-logo-125.png",960,540,false],"thumbnail":["https:\/\/fmamiga909.com.ar\/wp-content\/uploads\/2025\/07\/wp-header-logo-125-150x150.png",150,150,true],"medium":["https:\/\/fmamiga909.com.ar\/wp-content\/uploads\/2025\/07\/wp-header-logo-125-300x169.png",300,169,true],"medium_large":["https:\/\/fmamiga909.com.ar\/wp-content\/uploads\/2025\/07\/wp-header-logo-125.png",960,540,false],"large":["https:\/\/fmamiga909.com.ar\/wp-content\/uploads\/2025\/07\/wp-header-logo-125.png",640,360,false],"1536x1536":["https:\/\/fmamiga909.com.ar\/wp-content\/uploads\/2025\/07\/wp-header-logo-125.png",960,540,false],"2048x2048":["https:\/\/fmamiga909.com.ar\/wp-content\/uploads\/2025\/07\/wp-header-logo-125.png",960,540,false],"newsium-slider-full":["https:\/\/fmamiga909.com.ar\/wp-content\/uploads\/2025\/07\/wp-header-logo-125.png",960,540,false],"newsium-featured":["https:\/\/fmamiga909.com.ar\/wp-content\/uploads\/2025\/07\/wp-header-logo-125.png",960,540,false],"newsium-medium":["https:\/\/fmamiga909.com.ar\/wp-content\/uploads\/2025\/07\/wp-header-logo-125-720x475.png",720,475,true]},"author_info":{"display_name":"Fredy Giuliano","author_link":"https:\/\/fmamiga909.com.ar\/?author=3"},"category_info":"<a href=\"https:\/\/fmamiga909.com.ar\/?cat=21\" rel=\"category\">Deportes<\/a>","tag_info":"Deportes","comment_count":"0","_links":{"self":[{"href":"https:\/\/fmamiga909.com.ar\/index.php?rest_route=\/wp\/v2\/posts\/22403","targetHints":{"allow":["GET"]}}],"collection":[{"href":"https:\/\/fmamiga909.com.ar\/index.php?rest_route=\/wp\/v2\/posts"}],"about":[{"href":"https:\/\/fmamiga909.com.ar\/index.php?rest_route=\/wp\/v2\/types\/post"}],"author":[{"embeddable":true,"href":"https:\/\/fmamiga909.com.ar\/index.php?rest_route=\/wp\/v2\/users\/3"}],"replies":[{"embeddable":true,"href":"https:\/\/fmamiga909.com.ar\/index.php?rest_route=%2Fwp%2Fv2%2Fcomments&post=22403"}],"version-history":[{"count":0,"href":"https:\/\/fmamiga909.com.ar\/index.php?rest_route=\/wp\/v2\/posts\/22403\/revisions"}],"wp:featuredmedia":[{"embeddable":true,"href":"https:\/\/fmamiga909.com.ar\/index.php?rest_route=\/wp\/v2\/media\/22404"}],"wp:attachment":[{"href":"https:\/\/fmamiga909.com.ar\/index.php?rest_route=%2Fwp%2Fv2%2Fmedia&parent=22403"}],"wp:term":[{"taxonomy":"category","embeddable":true,"href":"https:\/\/fmamiga909.com.ar\/index.php?rest_route=%2Fwp%2Fv2%2Fcategories&post=22403"},{"taxonomy":"post_tag","embeddable":true,"href":"https:\/\/fmamiga909.com.ar\/index.php?rest_route=%2Fwp%2Fv2%2Ftags&post=22403"}],"curies":[{"name":"wp","href":"https:\/\/api.w.org\/{rel}","templated":true}]}}