{"id":22453,"date":"2025-07-15T16:55:39","date_gmt":"2025-07-15T16:55:39","guid":{"rendered":"https:\/\/fmamiga909.com.ar\/?p=22453"},"modified":"2025-07-15T16:55:39","modified_gmt":"2025-07-15T16:55:39","slug":"paredes-vino-a-arreglar-los-desarreglos-de-boca","status":"publish","type":"post","link":"https:\/\/fmamiga909.com.ar\/?p=22453","title":{"rendered":"Paredes vino a arreglar los desarreglos de Boca"},"content":{"rendered":"<div><!-- Body --><\/p>\n<p>Ardua y compleja tarea le espera a <b>Leandro Paredes<\/b> no bien empiece a correr su segundo ciclo en Boca. <b>Deber\u00e1 pilotear por mero acto de presencia y portaci\u00f3n de apellido una reconstrucci\u00f3n futbol\u00edstica que asoma indispensable.<\/b> El 0 a 0 del domingo ante Argentinos Juniors de visitante no emiti\u00f3 buenas se\u00f1ales. <b>El equipo de Miguel Angel Russo ofreci\u00f3 dos caras en la noche de La Paternal y ninguna le hizo concesiones al optimismo:<\/b> en el primer tiempo directamente no remat\u00f3 al arco y en el segundo, se meti\u00f3 atr\u00e1s y jug\u00f3 a tirarle la pelota a Miguel Merentiel. Como lo hizo contra Benfica y Bayern M\u00fanich. Nada m\u00e1s que ante un adversario del plano local.\u00a0<\/p>\n<p>Todo aquello que result\u00f3 tan insatisfactorio durante el paso xeneize por el Mundial de Clubes volvi\u00f3 a darse en esta primera fecha del Torneo Clausura. Por eso, <b>resulta enorme la misi\u00f3n a cumplir por Paredes<\/b>. Tendr\u00e1 que pararse en la mitad de la cancha, ordenarla con voz de mando y la certeza de su pegada y empezar a darle al equipo, el volumen de f\u00fatbol y el liderazgo futbol\u00edstico que hace rato le viene faltando. Y no solo eso.\u00a0\u00a0<\/p>\n<p><b>Como nuevo capit\u00e1n, tambien se le exigir\u00e1 inyectarle energ\u00edas positivas a un vestuario que \u00faltimamente no parece haber jugado demasiado a favor de los directores t\u00e9cnicos.<\/b> Con su retorno a Boca, Paredes se d\u00e1 un grand\u00edsimo gustazo personal. Pero ya debe tener en claro que no viene a estirar las piernas. <b>La discreta actualidad del equipo le demandar\u00e1 un fuerte compromiso dentro y fuera de la cancha. Y casi sin margen de error<\/b>. <b>Asoma imprescindible volver a la Copa Libertadores luego de dos a\u00f1os de ausencia<\/b> para lo cual Boca deber\u00e1 ganar el Torneo Clausura o la Copa Argentina o no bajar del tercer puesto de la tabla anual (por ahora est\u00e1 cuarto por diferencia de gol).<\/p>\n<p>A diferencia de <b>Edinson Cavani<\/b>, que lleg\u00f3 a los 35 a\u00f1os y cuando ya era evidente que recorr\u00eda el \u00faltimo tramo de su brillante carrera, <b>Paredes vuelve a Boca por decisi\u00f3n propia y todav\u00eda en plenitud.<\/b><b>\u00a0Adem\u00e1s, con chances muy firmes de integrar la Selecci\u00f3n Argentina que jugar\u00e1 el Mundial 2026<\/b> ya no como un jugador complementario sino como lo que verdaderamente es: uno de los hombres centrales del plantel. Paredes estuvo en el primer partido del ciclo de Lionel Scaloni (Argentina 3-Guatemala 0, el 7 de septiembre de 2018 en Los Angeles) y fue titular este a\u00f1o en el \u00faltimo partido de las Eliminatorias (1 a 1 con Colombia). Mantiene plena vigencia.<\/p>\n<p>De all\u00ed que deber\u00e1 afrontar casi sin laderos la tarea de recomponer a Boca dentro y fuera del verde c\u00e9sped. <b>Pocos de los<\/b><b>\u00a0jugadores del actual plantel xeneize dan la impresi\u00f3n de poder acompa\u00f1arlo a Paredes en su mismo nive<\/b>l. Russo lleva cuarenta d\u00edas de trabajo sin haber podido definir todav\u00eda una media cancha veloz y creativa. Y Paredes se insertar\u00e1 all\u00ed con su estampa y su f\u00fatbol. Habr\u00e1 que ver si puede arreglar los desarreglos de este Boca que, contra los poderosos de Europa y los no tan poderosos del f\u00fatbol local, juega igual que siempre. Siempre mal.\u00a0\u00a0<\/p>\n<p><!-- Live Blog Post --><\/div>\n<p><a href=\"https:\/\/www.pagina12.com.ar\/841847-paredes-vino-a-arreglar-los-desarreglos-de-boca\">source<\/a><\/p>\n","protected":false},"excerpt":{"rendered":"<p>Ardua y compleja tarea le espera a Leandro Paredes no bien empiece a correr su&#8230;<\/p>\n","protected":false},"author":3,"featured_media":22454,"comment_status":"closed","ping_status":"closed","sticky":false,"template":"","format":"standard","meta":{"footnotes":""},"categories":[21],"tags":[],"class_list":["post-22453","post","type-post","status-publish","format-standard","has-post-thumbnail","hentry","category-deportes"],"featured_image_urls":{"full":["https:\/\/fmamiga909.com.ar\/wp-content\/uploads\/2025\/07\/wp-header-logo-150.png",960,540,false],"thumbnail":["https:\/\/fmamiga909.com.ar\/wp-content\/uploads\/2025\/07\/wp-header-logo-150-150x150.png",150,150,true],"medium":["https:\/\/fmamiga909.com.ar\/wp-content\/uploads\/2025\/07\/wp-header-logo-150-300x169.png",300,169,true],"medium_large":["https:\/\/fmamiga909.com.ar\/wp-content\/uploads\/2025\/07\/wp-header-logo-150.png",960,540,false],"large":["https:\/\/fmamiga909.com.ar\/wp-content\/uploads\/2025\/07\/wp-header-logo-150.png",640,360,false],"1536x1536":["https:\/\/fmamiga909.com.ar\/wp-content\/uploads\/2025\/07\/wp-header-logo-150.png",960,540,false],"2048x2048":["https:\/\/fmamiga909.com.ar\/wp-content\/uploads\/2025\/07\/wp-header-logo-150.png",960,540,false],"newsium-slider-full":["https:\/\/fmamiga909.com.ar\/wp-content\/uploads\/2025\/07\/wp-header-logo-150.png",960,540,false],"newsium-featured":["https:\/\/fmamiga909.com.ar\/wp-content\/uploads\/2025\/07\/wp-header-logo-150.png",960,540,false],"newsium-medium":["https:\/\/fmamiga909.com.ar\/wp-content\/uploads\/2025\/07\/wp-header-logo-150-720x475.png",720,475,true]},"author_info":{"display_name":"Fredy Giuliano","author_link":"https:\/\/fmamiga909.com.ar\/?author=3"},"category_info":"<a href=\"https:\/\/fmamiga909.com.ar\/?cat=21\" rel=\"category\">Deportes<\/a>","tag_info":"Deportes","comment_count":"0","_links":{"self":[{"href":"https:\/\/fmamiga909.com.ar\/index.php?rest_route=\/wp\/v2\/posts\/22453","targetHints":{"allow":["GET"]}}],"collection":[{"href":"https:\/\/fmamiga909.com.ar\/index.php?rest_route=\/wp\/v2\/posts"}],"about":[{"href":"https:\/\/fmamiga909.com.ar\/index.php?rest_route=\/wp\/v2\/types\/post"}],"author":[{"embeddable":true,"href":"https:\/\/fmamiga909.com.ar\/index.php?rest_route=\/wp\/v2\/users\/3"}],"replies":[{"embeddable":true,"href":"https:\/\/fmamiga909.com.ar\/index.php?rest_route=%2Fwp%2Fv2%2Fcomments&post=22453"}],"version-history":[{"count":0,"href":"https:\/\/fmamiga909.com.ar\/index.php?rest_route=\/wp\/v2\/posts\/22453\/revisions"}],"wp:featuredmedia":[{"embeddable":true,"href":"https:\/\/fmamiga909.com.ar\/index.php?rest_route=\/wp\/v2\/media\/22454"}],"wp:attachment":[{"href":"https:\/\/fmamiga909.com.ar\/index.php?rest_route=%2Fwp%2Fv2%2Fmedia&parent=22453"}],"wp:term":[{"taxonomy":"category","embeddable":true,"href":"https:\/\/fmamiga909.com.ar\/index.php?rest_route=%2Fwp%2Fv2%2Fcategories&post=22453"},{"taxonomy":"post_tag","embeddable":true,"href":"https:\/\/fmamiga909.com.ar\/index.php?rest_route=%2Fwp%2Fv2%2Ftags&post=22453"}],"curies":[{"name":"wp","href":"https:\/\/api.w.org\/{rel}","templated":true}]}}