{"id":22467,"date":"2025-07-15T17:41:33","date_gmt":"2025-07-15T17:41:33","guid":{"rendered":"https:\/\/fmamiga909.com.ar\/?p=22467"},"modified":"2025-07-15T17:41:33","modified_gmt":"2025-07-15T17:41:33","slug":"ramon-diaz-vuelve-a-dirigir-se-hara-cargo-de-olimpia","status":"publish","type":"post","link":"https:\/\/fmamiga909.com.ar\/?p=22467","title":{"rendered":"Ram\u00f3n D\u00edaz vuelve a dirigir: se har\u00e1 cargo de Olimpia"},"content":{"rendered":"<div><!-- Body --><\/p>\n<p><b>Ram\u00f3n D\u00edaz<\/b>, quien suena para volver al f\u00fatbol argentino cada vez que se queda sin club, seguir\u00e1 en el exterior. Este martes acord\u00f3 para ser el nuevo entrenador de <b>Olimpia de Asunci\u00f3n<\/b>\u00a0seg\u00fan medios paraguayos, con lo que se mudar\u00e1 a ese pa\u00eds por tercera ocasi\u00f3n en su larga carrera.<\/p>\n<p><b>El riojano de 65 a\u00f1os reemplazar\u00e1 a su compatriota Fabi\u00e1n Bustos<\/b>, quien lleg\u00f3 en abril con el equipo en fase de grupos de la Libertadores y no pudo levantarlo: finaliz\u00f3 \u00faltimo y se qued\u00f3 tambi\u00e9n sin Sudamericana. Bustos, a su vez, hab\u00eda reemplazado a <b>Mart\u00edn Palermo<\/b>, quien logr\u00f3 salir campe\u00f3n del Clausura 2024. En el medio, hubo interinatos de un partido de Aureliano Torres, aquel lateral izquierdo de San Lorenzo (2007-2011).<\/p>\n<p>Para Ram\u00f3n, en tanto, ser\u00e1 su regreso a tierra guaran\u00ed tras dos pasos: dirigi\u00f3 a la <b>Selecci\u00f3n de Paraguay entre 2014 y 2016<\/b> (20 partidos) y a <b>Libertad en 2020<\/b> (24 juegos). Este ser\u00e1 nada menos que el club n\u00famero 13 de su carrera.<\/p>\n<p>En Olimpia se encontrar\u00e1 con varios conocidos de nuestro f\u00fatbol: <b>el extremo Iv\u00e1n Leguizam\u00f3n (exSan Lorenzo)<\/b>, el central Manuel Capasso (exAtl\u00e9tico Tucum\u00e1n, Platense y Newell&#8217;s), el lateral Facundo Zabala (exRosario Central), el zurdo Tob\u00edas Morinigo (exChacarita y Defensa) y el arquero paraguayo Juan Esp\u00ednola (exBelgrano y Godoy Cruz).<\/p>\n<p><!-- Live Blog Post --><\/div>\n<p><a href=\"https:\/\/www.pagina12.com.ar\/842132-ramon-diaz-vuelve-a-dirigir-se-hara-cargo-de-olimpia\">source<\/a><\/p>\n","protected":false},"excerpt":{"rendered":"<p>Ram\u00f3n D\u00edaz, quien suena para volver al f\u00fatbol argentino cada vez que se queda sin&#8230;<\/p>\n","protected":false},"author":3,"featured_media":22468,"comment_status":"closed","ping_status":"closed","sticky":false,"template":"","format":"standard","meta":{"footnotes":""},"categories":[21],"tags":[],"class_list":["post-22467","post","type-post","status-publish","format-standard","has-post-thumbnail","hentry","category-deportes"],"featured_image_urls":{"full":["https:\/\/fmamiga909.com.ar\/wp-content\/uploads\/2025\/07\/wp-header-logo-157.png",960,540,false],"thumbnail":["https:\/\/fmamiga909.com.ar\/wp-content\/uploads\/2025\/07\/wp-header-logo-157-150x150.png",150,150,true],"medium":["https:\/\/fmamiga909.com.ar\/wp-content\/uploads\/2025\/07\/wp-header-logo-157-300x169.png",300,169,true],"medium_large":["https:\/\/fmamiga909.com.ar\/wp-content\/uploads\/2025\/07\/wp-header-logo-157.png",960,540,false],"large":["https:\/\/fmamiga909.com.ar\/wp-content\/uploads\/2025\/07\/wp-header-logo-157.png",640,360,false],"1536x1536":["https:\/\/fmamiga909.com.ar\/wp-content\/uploads\/2025\/07\/wp-header-logo-157.png",960,540,false],"2048x2048":["https:\/\/fmamiga909.com.ar\/wp-content\/uploads\/2025\/07\/wp-header-logo-157.png",960,540,false],"newsium-slider-full":["https:\/\/fmamiga909.com.ar\/wp-content\/uploads\/2025\/07\/wp-header-logo-157.png",960,540,false],"newsium-featured":["https:\/\/fmamiga909.com.ar\/wp-content\/uploads\/2025\/07\/wp-header-logo-157.png",960,540,false],"newsium-medium":["https:\/\/fmamiga909.com.ar\/wp-content\/uploads\/2025\/07\/wp-header-logo-157-720x475.png",720,475,true]},"author_info":{"display_name":"Fredy Giuliano","author_link":"https:\/\/fmamiga909.com.ar\/?author=3"},"category_info":"<a href=\"https:\/\/fmamiga909.com.ar\/?cat=21\" rel=\"category\">Deportes<\/a>","tag_info":"Deportes","comment_count":"0","_links":{"self":[{"href":"https:\/\/fmamiga909.com.ar\/index.php?rest_route=\/wp\/v2\/posts\/22467","targetHints":{"allow":["GET"]}}],"collection":[{"href":"https:\/\/fmamiga909.com.ar\/index.php?rest_route=\/wp\/v2\/posts"}],"about":[{"href":"https:\/\/fmamiga909.com.ar\/index.php?rest_route=\/wp\/v2\/types\/post"}],"author":[{"embeddable":true,"href":"https:\/\/fmamiga909.com.ar\/index.php?rest_route=\/wp\/v2\/users\/3"}],"replies":[{"embeddable":true,"href":"https:\/\/fmamiga909.com.ar\/index.php?rest_route=%2Fwp%2Fv2%2Fcomments&post=22467"}],"version-history":[{"count":0,"href":"https:\/\/fmamiga909.com.ar\/index.php?rest_route=\/wp\/v2\/posts\/22467\/revisions"}],"wp:featuredmedia":[{"embeddable":true,"href":"https:\/\/fmamiga909.com.ar\/index.php?rest_route=\/wp\/v2\/media\/22468"}],"wp:attachment":[{"href":"https:\/\/fmamiga909.com.ar\/index.php?rest_route=%2Fwp%2Fv2%2Fmedia&parent=22467"}],"wp:term":[{"taxonomy":"category","embeddable":true,"href":"https:\/\/fmamiga909.com.ar\/index.php?rest_route=%2Fwp%2Fv2%2Fcategories&post=22467"},{"taxonomy":"post_tag","embeddable":true,"href":"https:\/\/fmamiga909.com.ar\/index.php?rest_route=%2Fwp%2Fv2%2Ftags&post=22467"}],"curies":[{"name":"wp","href":"https:\/\/api.w.org\/{rel}","templated":true}]}}