{"id":22491,"date":"2025-07-16T02:03:47","date_gmt":"2025-07-16T02:03:47","guid":{"rendered":"https:\/\/fmamiga909.com.ar\/?p=22491"},"modified":"2025-07-16T02:03:47","modified_gmt":"2025-07-16T02:03:47","slug":"racing-blindo-a-maravilla-martinez-con-una-impactante-clausula-de-122-millones-de-euros","status":"publish","type":"post","link":"https:\/\/fmamiga909.com.ar\/?p=22491","title":{"rendered":"Racing blind\u00f3 a &quot;Maravilla&quot; Mart\u00ednez con una impactante cl\u00e1usula de 122 millones de euros"},"content":{"rendered":"<div><!-- Body --><\/p>\n<p>La dirigencia de <b>Racing <\/b>lleg\u00f3 a un acuerdo con el delantero y goleador <b>Adri\u00e1n \u201cMaravilla\u201d Mart\u00ednez<\/b> para renovarle el contrato hasta diciembre de 2028, con una cl\u00e1usula de <b>rescisi\u00f3n de 122 millones de d\u00f3lares.<\/b><\/p>\n<p>\u00ab\u00a1\ud835\udde0\ud835\uddee\ud835\uddff\ud835\uddee\ud835\ude03\ud835\uddf6\ud835\uddf9\ud835\uddf9\ud835\uddee \ud835\uddfd\ud835\uddee\ud835\uddff\ud835\uddee \ud835\ude00\ud835\uddf6\ud835\uddf2\ud835\uddfa\ud835\uddfd\ud835\uddff\ud835\uddf2! Adri\u00e1n Mart\u00ednez, el mejor delantero del continente, renov\u00f3 su v\u00ednculo con El Primer Grande hasta diciembre de 2028. Su nueva clausula de recisi\u00f3n es de 122 millones de euros\u00bb, escribi\u00f3 la cuenta oficial de Racing en su cuenta de X.<\/p>\n<p>El acuerdo se cerr\u00f3 luego de que el entrenador de River, Marcelo Gallardo, haya expresado p\u00fablicamente su inter\u00e9s por el jugador estrella de la Academia.<\/p>\n<p>Sin lugar a duda,<b> la intempestiva salida de Maximiliano Salas a River por la cl\u00e1usula de rescisi\u00f3n fue un cimbronazo importante para la dirigencia de Racing <\/b>como para el plantel y el cuerpo t\u00e9cnico comandado por Gustavo Costas que perdi\u00f3 una pieza m\u00e1s que trascendental dentro de la cancha.<\/p>\n<p>Sucede que, el entrenador del \u201cMillonario\u201d no se conform\u00f3 solo con el delantero que debut\u00f3 con un gol el domingo ante Platense sino que fue por m\u00e1s y <b>llam\u00f3 a Mart\u00ednez para expresarle su deseo de contar con el de cara a los octavos de final de la Copa Libertadores <\/b>ante Libertad de Paraguay.<\/p>\n<div class=\"iframely-embed medium-embedded-content\" data-html=\"Jmx0O2Jsb2NrcXVvdGUgY2xhc3M9InR3aXR0ZXItdHdlZXQiIGRhdGEtZG50PSJ0cnVlIiBhbGlnbj0iY2VudGVyIiZndDsmbHQ7cCBsYW5nPSJlcyIgZGlyPSJsdHIiJmd0O8Kh8J2XoPCdl67wnZe\/8J2XrvCdmIPwnZe28J2XufCdl7nwnZeuIPCdl73wnZeu8J2Xv\/Cdl64g8J2YgPCdl7bwnZey8J2XuvCdl73wnZe\/8J2XsiEgOe+4j+KDo+KZvu+4jyZsdDticiZndDsmbHQ7YnImZ3Q7QWRyacOhbiBNYXJ0w61uZXosIGVsIG1lam9yIGRlbGFudGVybyBkZWwgY29udGluZW50ZSwgcmVub3bDsyBzdSB2w61uY3VsbyBjb24gRWwgUHJpbWVyIEdyYW5kZSBoYXN0YSBkaWNpZW1icmUgZGUgMu+4j+KDozDvuI\/ig6My77iP4oOjOO+4j+KDoyZsdDticiZndDsmbHQ7YnImZ3Q7U3UgbnVldmEgY2xhdXN1bGEgZGUgcmVjaXNpw7NuIGVzIGRlIDHvuI\/ig6My77iP4oOjMu+4j+KDoyBtaWxsb25lcyBkZSBldXJvcyDwn6Sd8J+PuyAmbHQ7YSBocmVmPSJodHRwczovL3QuY28vaW5YWU51bjZOcCImZ3Q7cGljLnR3aXR0ZXIuY29tL2luWFlOdW42TnAmbHQ7L2EmZ3Q7Jmx0Oy9wJmd0OyZhbXA7bWRhc2g7IFJhY2luZyBDbHViIChAUmFjaW5nQ2x1YikgJmx0O2EgaHJlZj0iaHR0cHM6Ly90d2l0dGVyLmNvbS9SYWNpbmdDbHViL3N0YXR1cy8xOTQ1MjI4Mjc1OTEyOTcwNTY4P3JlZl9zcmM9dHdzcmMlNUV0ZnciJmd0O0p1bHkgMTUsIDIwMjUmbHQ7L2EmZ3Q7Jmx0Oy9ibG9ja3F1b3RlJmd0OwombHQ7c2NyaXB0IGFzeW5jIHNyYz0iaHR0cHM6Ly9wbGF0Zm9ybS50d2l0dGVyLmNvbS93aWRnZXRzLmpzIiBjaGFyc2V0PSJ1dGYtOCImZ3Q7Jmx0Oy9zY3JpcHQmZ3Q7CgombHQ7ZGl2IGNsYXNzPSJtZWRpdW0taW5zZXJ0LWVtYmVkcy1tZXRhIiZndDsmbHQ7c2NyaXB0IHR5cGU9InRleHQvanNvbiImZ3Q7eyJ1cmwiOiJodHRwczovL3R3aXR0ZXIuY29tL1JhY2luZ0NsdWIvc3RhdHVzLzE5NDUyMjgyNzU5MTI5NzA1NjgiLCJ0eXBlIjoicmljaCIsInZlcnNpb24iOiIxLjAiLCJ0aXRsZSI6IlJhY2luZyBDbHViIG9uIFR3aXR0ZXIgLyBYIiwiYXV0aG9yIjoiUmFjaW5nIENsdWIiLCJhdXRob3JfdXJsIjoiaHR0cHM6Ly90d2l0dGVyLmNvbS9SYWNpbmdDbHViIiwicHJvdmlkZXJfbmFtZSI6IlR3aXR0ZXIiLCJkZXNjcmlwdGlvbiI6IsKh8J2XoPCdl67wnZe\/8J2XrvCdmIPwnZe28J2XufCdl7nwnZeuIPCdl73wnZeu8J2Xv\/Cdl64g8J2YgPCdl7bwnZey8J2XuvCdl73wnZe\/8J2XsiEgOe+4j+KDo+KZvu+4j0FkcmnDoW4gTWFydMOtbmV6LCBlbCBtZWpvciBkZWxhbnRlcm8gZGVsIGNvbnRpbmVudGUsIHJlbm92w7Mgc3UgdsOtbmN1bG8gY29uIEVsIFByaW1lciBHcmFuZGUgaGFzdGEgZGljaWVtYnJlIGRlIDLvuI\/ig6Mw77iP4oOjMu+4j+KDozjvuI\/ig6NTdSBudWV2YSBjbGF1c3VsYSBkZSByZWNpc2nDs24gZXMgZGUgMe+4j+KDozLvuI\/ig6My77iP4oOjIG1pbGxvbmVzIGRlIGV1cm9zIPCfpJ3wn4+7IHBpYy50d2l0dGVyLmNvbS9pblhZTnVuNk5w4oCUIFJhY2luZyBDbHViIChAUmFjaW5nQ2x1YikgSnVseSAxNSwgMjAyNVxuXG5cbiIsInRodW1ibmFpbF91cmwiOiJodHRwczovL3Bicy50d2ltZy5jb20vbWVkaWEvR3Y3V3pmUFdjQUE2anRDLmpwZzpsYXJnZSIsInRodW1ibmFpbF93aWR0aCI6MTQ0MCwidGh1bWJuYWlsX2hlaWdodCI6MTc5NSwiY2FjaGVfYWdlIjo4NjQwMCwib3B0aW9ucyI6eyJfaGlkZV9tZWRpYSI6eyJsYWJlbCI6IkhpZGUgcGhvdG9zLCB2aWRlb3MsIGFuZCBjYXJkcyIsInZhbHVlIjpmYWxzZX0sIl90aGVtZSI6eyJ2YWx1ZSI6IiIsInZhbHVlcyI6eyJkYXJrIjoiVXNlIGRhcmsgdGhlbWUifX0sIl9tYXh3aWR0aCI6eyJ2YWx1ZSI6IiIsImxhYmVsIjoiQWRqdXN0IHdpZHRoIiwicGxhY2Vob2xkZXIiOiIyMjAtNTUwLCBpbiBweCJ9fX0mbHQ7L3NjcmlwdCZndDsmbHQ7L2RpdiZndDs=\">\n                <a data-iframely-url=\"\" href=\"https:\/\/twitter.com\/RacingClub\/status\/1945228275912970568\">https:\/\/twitter.com\/RacingClub\/status\/1945228275912970568<\/a>\n              <\/div>\n<p>Por ello, la dirigencia racinguista accion\u00f3 r\u00e1pidamente para <b>evitar otro golpe en este mercado de pases <\/b>que sin dudas podr\u00eda traer un costo pol\u00edtico mayor dentro del club y agiliz\u00f3 la renovaci\u00f3n de contrato del delantero que marc\u00f3 46 goles en 71 partidos disputados con los de Avellaneda desde su llegada en enero del a\u00f1o pasado.<\/p>\n<p>Si bien no trascendieron muchos detalles, <b>la comisi\u00f3n directiva de la \u201cAcademia\u201d lleg\u00f3 este martes a un acuerdo con Mart\u00ednez<\/b>\u00a0y renovaron su v\u00ednculo hasta diciembre de 2028. Seg\u00fan trascendi\u00f3,<b> le duplicaron el sueldo, convirti\u00e9ndolo en el jugador mejor pago del pa\u00eds.\u00a0<\/b><\/p>\n<p>De esta manera, Racing cort\u00f3 de ra\u00edz toda posibilidad de que un rival directo en el plano nacional se pueda quedar con los servicios del delantero de 33 a\u00f1os formado en Defensores Unidos de Zarate.<\/p>\n<p><!-- Live Blog Post --><\/div>\n<p><script async src=\"\/\/platform.twitter.com\/widgets.js\" charset=\"utf-8\"><\/script><br \/><a href=\"https:\/\/www.pagina12.com.ar\/842294-racing-blindo-a-maravilla-martinez-con-una-impactante-clausu\">source<\/a><\/p>\n","protected":false},"excerpt":{"rendered":"<p>La dirigencia de Racing lleg\u00f3 a un acuerdo con el delantero y goleador Adri\u00e1n \u201cMaravilla\u201d&#8230;<\/p>\n","protected":false},"author":3,"featured_media":22492,"comment_status":"closed","ping_status":"closed","sticky":false,"template":"","format":"standard","meta":{"footnotes":""},"categories":[21],"tags":[],"class_list":["post-22491","post","type-post","status-publish","format-standard","has-post-thumbnail","hentry","category-deportes"],"featured_image_urls":{"full":["https:\/\/fmamiga909.com.ar\/wp-content\/uploads\/2025\/07\/wp-header-logo-169.png",960,540,false],"thumbnail":["https:\/\/fmamiga909.com.ar\/wp-content\/uploads\/2025\/07\/wp-header-logo-169-150x150.png",150,150,true],"medium":["https:\/\/fmamiga909.com.ar\/wp-content\/uploads\/2025\/07\/wp-header-logo-169-300x169.png",300,169,true],"medium_large":["https:\/\/fmamiga909.com.ar\/wp-content\/uploads\/2025\/07\/wp-header-logo-169.png",960,540,false],"large":["https:\/\/fmamiga909.com.ar\/wp-content\/uploads\/2025\/07\/wp-header-logo-169.png",640,360,false],"1536x1536":["https:\/\/fmamiga909.com.ar\/wp-content\/uploads\/2025\/07\/wp-header-logo-169.png",960,540,false],"2048x2048":["https:\/\/fmamiga909.com.ar\/wp-content\/uploads\/2025\/07\/wp-header-logo-169.png",960,540,false],"newsium-slider-full":["https:\/\/fmamiga909.com.ar\/wp-content\/uploads\/2025\/07\/wp-header-logo-169.png",960,540,false],"newsium-featured":["https:\/\/fmamiga909.com.ar\/wp-content\/uploads\/2025\/07\/wp-header-logo-169.png",960,540,false],"newsium-medium":["https:\/\/fmamiga909.com.ar\/wp-content\/uploads\/2025\/07\/wp-header-logo-169-720x475.png",720,475,true]},"author_info":{"display_name":"Fredy Giuliano","author_link":"https:\/\/fmamiga909.com.ar\/?author=3"},"category_info":"<a href=\"https:\/\/fmamiga909.com.ar\/?cat=21\" rel=\"category\">Deportes<\/a>","tag_info":"Deportes","comment_count":"0","_links":{"self":[{"href":"https:\/\/fmamiga909.com.ar\/index.php?rest_route=\/wp\/v2\/posts\/22491","targetHints":{"allow":["GET"]}}],"collection":[{"href":"https:\/\/fmamiga909.com.ar\/index.php?rest_route=\/wp\/v2\/posts"}],"about":[{"href":"https:\/\/fmamiga909.com.ar\/index.php?rest_route=\/wp\/v2\/types\/post"}],"author":[{"embeddable":true,"href":"https:\/\/fmamiga909.com.ar\/index.php?rest_route=\/wp\/v2\/users\/3"}],"replies":[{"embeddable":true,"href":"https:\/\/fmamiga909.com.ar\/index.php?rest_route=%2Fwp%2Fv2%2Fcomments&post=22491"}],"version-history":[{"count":0,"href":"https:\/\/fmamiga909.com.ar\/index.php?rest_route=\/wp\/v2\/posts\/22491\/revisions"}],"wp:featuredmedia":[{"embeddable":true,"href":"https:\/\/fmamiga909.com.ar\/index.php?rest_route=\/wp\/v2\/media\/22492"}],"wp:attachment":[{"href":"https:\/\/fmamiga909.com.ar\/index.php?rest_route=%2Fwp%2Fv2%2Fmedia&parent=22491"}],"wp:term":[{"taxonomy":"category","embeddable":true,"href":"https:\/\/fmamiga909.com.ar\/index.php?rest_route=%2Fwp%2Fv2%2Fcategories&post=22491"},{"taxonomy":"post_tag","embeddable":true,"href":"https:\/\/fmamiga909.com.ar\/index.php?rest_route=%2Fwp%2Fv2%2Ftags&post=22491"}],"curies":[{"name":"wp","href":"https:\/\/api.w.org\/{rel}","templated":true}]}}