{"id":22526,"date":"2025-07-17T17:05:56","date_gmt":"2025-07-17T17:05:56","guid":{"rendered":"https:\/\/fmamiga909.com.ar\/?p=22526"},"modified":"2025-07-17T17:05:56","modified_gmt":"2025-07-17T17:05:56","slug":"quintero-llego-y-se-hizo-la-revision-medica-para-sumarse-a-river","status":"publish","type":"post","link":"https:\/\/fmamiga909.com.ar\/?p=22526","title":{"rendered":"Quintero lleg\u00f3 y se hizo la revisi\u00f3n m\u00e9dica para sumarse a River"},"content":{"rendered":"<div><!-- Body --><\/p>\n<p>River concret\u00f3 el regreso de uno de sus \u00faltimos \u00eddolos: esta ma\u00f1ana, Juan Fernando Quintero arrib\u00f3 al pa\u00eds y de inmediato se hizo la revisi\u00f3n m\u00e9dica, para quedar a disposici\u00f3n del entrenador Marcelo Gallardo e iniciar as\u00ed su tercer ciclo en el club. Para esta nueva etapa, el talentoso volante colombiano volver\u00e1 a tener la camiseta n\u00famero 10, como us\u00f3 en su \u00faltimo paso por el club.<\/p>\n<p>Luego de que River depositara 2,2 millones de d\u00f3lares a Am\u00e9rica de Cali, Quintero se pudo desligar del club colombiano y formalizar su arribo al club con el que se consagr\u00f3 campe\u00f3n de la Copa Libertadores en 2018. Ni bien lleg\u00f3 al pa\u00eds, Juanfer concurri\u00f3 a una cl\u00ednica en el centro porte\u00f1o, donde lo aguardaba un centenar de hinchas que lo saludaron y le agradecieron su regreso.<\/p>\n<p>Al igual que en sus dos anteriores ciclos en el club, Quintero jugar\u00e1 con el emblem\u00e1tico n\u00famero diez en la espalda. Actualmente el dorsal se encuentra en posesi\u00f3n del volante Manuel Lanzini, pero el ex West Ham perdi\u00f3 terreno en las consideraciones del director t\u00e9cnico Marcelo Gallardo para el segundo semestre por lo que la hist\u00f3rica casaca ir\u00eda a las manos del colombiano.<\/p>\n<p>En sus primeros pasos en el club millonario, Quintero visti\u00f3 el n\u00famero 8, pero con la salida de Gonzalo Mart\u00ednez en 2019, que en aquel entonces portaba la casaca \u201c10\u201d, le permiti\u00f3 al mediocampista de 32 a\u00f1os pasar a utilizar dicha camiseta. En cambio, cuando arrib\u00f3 en 2022 para su segundo ciclo en el conjunto de N\u00fa\u00f1ez, comenz\u00f3 a usar el m\u00edtico dorsal directamente luego de que Jorge Carrascal le cediera voluntariamente el mismo debido a su relevancia en la instituci\u00f3n.<\/p>\n<p>El nacido en Medell\u00edn fue fundamental para la obtenci\u00f3n de la hist\u00f3rica Copa Libertadores 2018 ante Boca, su rival de toda la vida, al convertir un golazo en el estadio Santiago Bernab\u00e9u.<\/p>\n<p>River ya abon\u00f3 los 2,2 millones de d\u00f3lares a Am\u00e9rica de Cali, correspondientes al pase del jugador, y en las pr\u00f3ximas horas firmar\u00e1 el contrato por los pr\u00f3ximos cuatro a\u00f1os, aunque todav\u00eda no hay informaci\u00f3n oficial sobre el momento en que ser\u00e1 presentado.\u00a0<\/p>\n<p><!-- Live Blog Post --><\/div>\n<p><a href=\"https:\/\/www.pagina12.com.ar\/842657-quintero-llego-y-se-hizo-la-revision-medica-para-sumarse-a-r\">source<\/a><\/p>\n","protected":false},"excerpt":{"rendered":"<p>River concret\u00f3 el regreso de uno de sus \u00faltimos \u00eddolos: esta ma\u00f1ana, Juan Fernando Quintero&#8230;<\/p>\n","protected":false},"author":3,"featured_media":22527,"comment_status":"closed","ping_status":"closed","sticky":false,"template":"","format":"standard","meta":{"footnotes":""},"categories":[21],"tags":[],"class_list":["post-22526","post","type-post","status-publish","format-standard","has-post-thumbnail","hentry","category-deportes"],"featured_image_urls":{"full":["https:\/\/fmamiga909.com.ar\/wp-content\/uploads\/2025\/07\/wp-header-logo-182.png",960,540,false],"thumbnail":["https:\/\/fmamiga909.com.ar\/wp-content\/uploads\/2025\/07\/wp-header-logo-182-150x150.png",150,150,true],"medium":["https:\/\/fmamiga909.com.ar\/wp-content\/uploads\/2025\/07\/wp-header-logo-182-300x169.png",300,169,true],"medium_large":["https:\/\/fmamiga909.com.ar\/wp-content\/uploads\/2025\/07\/wp-header-logo-182.png",960,540,false],"large":["https:\/\/fmamiga909.com.ar\/wp-content\/uploads\/2025\/07\/wp-header-logo-182.png",640,360,false],"1536x1536":["https:\/\/fmamiga909.com.ar\/wp-content\/uploads\/2025\/07\/wp-header-logo-182.png",960,540,false],"2048x2048":["https:\/\/fmamiga909.com.ar\/wp-content\/uploads\/2025\/07\/wp-header-logo-182.png",960,540,false],"newsium-slider-full":["https:\/\/fmamiga909.com.ar\/wp-content\/uploads\/2025\/07\/wp-header-logo-182.png",960,540,false],"newsium-featured":["https:\/\/fmamiga909.com.ar\/wp-content\/uploads\/2025\/07\/wp-header-logo-182.png",960,540,false],"newsium-medium":["https:\/\/fmamiga909.com.ar\/wp-content\/uploads\/2025\/07\/wp-header-logo-182-720x475.png",720,475,true]},"author_info":{"display_name":"Fredy Giuliano","author_link":"https:\/\/fmamiga909.com.ar\/?author=3"},"category_info":"<a href=\"https:\/\/fmamiga909.com.ar\/?cat=21\" rel=\"category\">Deportes<\/a>","tag_info":"Deportes","comment_count":"0","_links":{"self":[{"href":"https:\/\/fmamiga909.com.ar\/index.php?rest_route=\/wp\/v2\/posts\/22526","targetHints":{"allow":["GET"]}}],"collection":[{"href":"https:\/\/fmamiga909.com.ar\/index.php?rest_route=\/wp\/v2\/posts"}],"about":[{"href":"https:\/\/fmamiga909.com.ar\/index.php?rest_route=\/wp\/v2\/types\/post"}],"author":[{"embeddable":true,"href":"https:\/\/fmamiga909.com.ar\/index.php?rest_route=\/wp\/v2\/users\/3"}],"replies":[{"embeddable":true,"href":"https:\/\/fmamiga909.com.ar\/index.php?rest_route=%2Fwp%2Fv2%2Fcomments&post=22526"}],"version-history":[{"count":0,"href":"https:\/\/fmamiga909.com.ar\/index.php?rest_route=\/wp\/v2\/posts\/22526\/revisions"}],"wp:featuredmedia":[{"embeddable":true,"href":"https:\/\/fmamiga909.com.ar\/index.php?rest_route=\/wp\/v2\/media\/22527"}],"wp:attachment":[{"href":"https:\/\/fmamiga909.com.ar\/index.php?rest_route=%2Fwp%2Fv2%2Fmedia&parent=22526"}],"wp:term":[{"taxonomy":"category","embeddable":true,"href":"https:\/\/fmamiga909.com.ar\/index.php?rest_route=%2Fwp%2Fv2%2Fcategories&post=22526"},{"taxonomy":"post_tag","embeddable":true,"href":"https:\/\/fmamiga909.com.ar\/index.php?rest_route=%2Fwp%2Fv2%2Ftags&post=22526"}],"curies":[{"name":"wp","href":"https:\/\/api.w.org\/{rel}","templated":true}]}}