{"id":22554,"date":"2025-07-18T18:12:55","date_gmt":"2025-07-18T18:12:55","guid":{"rendered":"https:\/\/fmamiga909.com.ar\/?p=22554"},"modified":"2025-07-18T18:12:55","modified_gmt":"2025-07-18T18:12:55","slug":"la-finalissima-entre-argentina-y-espana-tiene-fecha-tentativa-la-sede-una-incognita","status":"publish","type":"post","link":"https:\/\/fmamiga909.com.ar\/?p=22554","title":{"rendered":"La Finalissima entre Argentina y Espa\u00f1a tiene fecha tentativa: la sede, una inc\u00f3gnita"},"content":{"rendered":"<div><!-- Body --><\/p>\n<p>La Asociaci\u00f3n del F\u00fatbol Argentino\u00a0(AFA) y la\u00a0Real Federaci\u00f3n Espa\u00f1ola de F\u00fatbol\u00a0(Rfef) llegaron a un acuerdo para la realizaci\u00f3n de la <u><b><a href=\"https:\/\/www.pagina12.com.ar\/831847-el-calendario-el-principal-enemigo-de-la-finalissima-entre-a\">Finalissima <\/a><\/b>entre los vigentes campeones de la Copa Am\u00e9rica y la Eurocopa:<\/u>\u00a0se jugar\u00e1 entre el 17 y el 25 de marzo de 2026, a pocos meses de la Copa del Mundo. A pesar de los avances en\u00a0<\/p>\n<h3\/>\n<p>Tras varios meses de incertidumbre, finalmente se confirmaron las fechas tentativas para la realizaci\u00f3n de <b>la Finalissima que enfrentar\u00e1 a la selecci\u00f3n argentina con la espa\u00f1ola<\/b>.\u00a0Seg\u00fan detallan medios espa\u00f1oles como AS y el periodista argentino Gast\u00f3n Edul, quien sigue muy de cerca a la <i>Albiceleste<\/i>, <b>ser\u00e1 entre el 17 y el 25 de marzo.<\/b> Ahora resta confirmar la sede en donde se jugar\u00e1.<\/p>\n<h2>C\u00f3mo fueron las negociaciones para ponerle fecha a la Finalissima<\/h2>\n<p>A mediados de mayo de este a\u00f1o se produjo una reuni\u00f3n en el marco del 75\u00ba Congreso de la FIFA en donde se intentaron acercar posiciones. En la mencionada reuni\u00f3n, a la que <b>asistieron el presidente de la AFA, Claudio Tapia, y el Presidente de la\u00a0<\/b>Rfef<b>, Rafael Louz\u00e1n<\/b>, junto con los equipos administrativos de la Conmebol y la Uefa, se trataron temas clave como la planificaci\u00f3n log\u00edstica y los calendarios de competici\u00f3n de ambas selecciones.<\/p>\n<p><b>La dificultad para establecer una fecha radica en los calendarios<\/b>. Espa\u00f1a lleg\u00f3 a la final de la \u00faltima Nations League y termin\u00f3 su participaci\u00f3n reci\u00e9n en junio de este a\u00f1o. En el medio se jug\u00f3 el Mundial de Clubes, ahora comenzar\u00e1 otra temporada en las ligas locales e internacionales, sin contar que <b>a\u00fan se tienen que jugar las Eliminatorias de la Uefa para clasificar al pr\u00f3ximo Mundial<\/b>.<\/p>\n<p>Ambas selecciones prefer\u00edan que el partido se jugara lo m\u00e1s alejado posible de la fecha de inicio del Mundial.\u00a0Y es que un encuentro de esa magnitud puede causar un impacto muy fuerte a tan pocos d\u00edas del arranque de la Copa del Mundo.\u00a0<b>No fue gratis ese 1-6 ante Espa\u00f1a a pocos meses del Mundial 2018<\/b>, cuando Sampaoli era el DT. Los amistosos previos a una Copa del Mundo suelen ser ante selecciones menores, para ajustar detalles y llegar con ritmo, sin hacer esfuerzos f\u00edsicos innecesarios que provoquen lesiones.\u00a0<\/p>\n<h2>El motivo por el cual la Finalissima podr\u00eda no jugarse<\/h2>\n<p>Espa\u00f1a competir\u00e1 en el grupo E de las Eliminatorias de la\u00a0Uefa\u00a0para clasificar al Mundial 2026. Sus rivales ser\u00e1n Turqu\u00eda, Georgia y Bulgaria. La <i>Furia<\/i> jugar\u00e1 sus seis partidos de la fase de grupos entre septiembre y noviembre. Si bien lo m\u00e1s probable es que termine como l\u00edder, <b>en el caso de que sea escolta, <u>deber\u00e1 jugar el Repechaje: <\/u><\/b><u>las repescas se jugar\u00e1n del 26 al 31 de marzo de 2026.<\/u><\/p>\n<p>De esta manera, ser\u00eda absolutamente imposible que se realizara la Finalissima en las fechas estipuladas, pero tampoco quedar\u00edan otras disponibles.<b> En ese escenario, lo m\u00e1s probable es que el partido nunca se juegue<\/b>.<\/p>\n<h3>Segu\u00ed leyendo<\/h3>\n<h3\/><!-- Live Blog Post --><\/div>\n<p><a href=\"https:\/\/www.pagina12.com.ar\/842970-la-finalissima-entre-argentina-y-espana-tiene-fecha-tentativ\">source<\/a><\/p>\n","protected":false},"excerpt":{"rendered":"<p>La Asociaci\u00f3n del F\u00fatbol Argentino\u00a0(AFA) y la\u00a0Real Federaci\u00f3n Espa\u00f1ola de F\u00fatbol\u00a0(Rfef) llegaron a un acuerdo&#8230;<\/p>\n","protected":false},"author":3,"featured_media":22555,"comment_status":"closed","ping_status":"closed","sticky":false,"template":"","format":"standard","meta":{"footnotes":""},"categories":[21],"tags":[],"class_list":["post-22554","post","type-post","status-publish","format-standard","has-post-thumbnail","hentry","category-deportes"],"featured_image_urls":{"full":["https:\/\/fmamiga909.com.ar\/wp-content\/uploads\/2025\/07\/wp-header-logo-193.png",960,540,false],"thumbnail":["https:\/\/fmamiga909.com.ar\/wp-content\/uploads\/2025\/07\/wp-header-logo-193-150x150.png",150,150,true],"medium":["https:\/\/fmamiga909.com.ar\/wp-content\/uploads\/2025\/07\/wp-header-logo-193-300x169.png",300,169,true],"medium_large":["https:\/\/fmamiga909.com.ar\/wp-content\/uploads\/2025\/07\/wp-header-logo-193.png",960,540,false],"large":["https:\/\/fmamiga909.com.ar\/wp-content\/uploads\/2025\/07\/wp-header-logo-193.png",640,360,false],"1536x1536":["https:\/\/fmamiga909.com.ar\/wp-content\/uploads\/2025\/07\/wp-header-logo-193.png",960,540,false],"2048x2048":["https:\/\/fmamiga909.com.ar\/wp-content\/uploads\/2025\/07\/wp-header-logo-193.png",960,540,false],"newsium-slider-full":["https:\/\/fmamiga909.com.ar\/wp-content\/uploads\/2025\/07\/wp-header-logo-193.png",960,540,false],"newsium-featured":["https:\/\/fmamiga909.com.ar\/wp-content\/uploads\/2025\/07\/wp-header-logo-193.png",960,540,false],"newsium-medium":["https:\/\/fmamiga909.com.ar\/wp-content\/uploads\/2025\/07\/wp-header-logo-193-720x475.png",720,475,true]},"author_info":{"display_name":"Fredy Giuliano","author_link":"https:\/\/fmamiga909.com.ar\/?author=3"},"category_info":"<a href=\"https:\/\/fmamiga909.com.ar\/?cat=21\" rel=\"category\">Deportes<\/a>","tag_info":"Deportes","comment_count":"0","_links":{"self":[{"href":"https:\/\/fmamiga909.com.ar\/index.php?rest_route=\/wp\/v2\/posts\/22554","targetHints":{"allow":["GET"]}}],"collection":[{"href":"https:\/\/fmamiga909.com.ar\/index.php?rest_route=\/wp\/v2\/posts"}],"about":[{"href":"https:\/\/fmamiga909.com.ar\/index.php?rest_route=\/wp\/v2\/types\/post"}],"author":[{"embeddable":true,"href":"https:\/\/fmamiga909.com.ar\/index.php?rest_route=\/wp\/v2\/users\/3"}],"replies":[{"embeddable":true,"href":"https:\/\/fmamiga909.com.ar\/index.php?rest_route=%2Fwp%2Fv2%2Fcomments&post=22554"}],"version-history":[{"count":0,"href":"https:\/\/fmamiga909.com.ar\/index.php?rest_route=\/wp\/v2\/posts\/22554\/revisions"}],"wp:featuredmedia":[{"embeddable":true,"href":"https:\/\/fmamiga909.com.ar\/index.php?rest_route=\/wp\/v2\/media\/22555"}],"wp:attachment":[{"href":"https:\/\/fmamiga909.com.ar\/index.php?rest_route=%2Fwp%2Fv2%2Fmedia&parent=22554"}],"wp:term":[{"taxonomy":"category","embeddable":true,"href":"https:\/\/fmamiga909.com.ar\/index.php?rest_route=%2Fwp%2Fv2%2Fcategories&post=22554"},{"taxonomy":"post_tag","embeddable":true,"href":"https:\/\/fmamiga909.com.ar\/index.php?rest_route=%2Fwp%2Fv2%2Ftags&post=22554"}],"curies":[{"name":"wp","href":"https:\/\/api.w.org\/{rel}","templated":true}]}}