{"id":22562,"date":"2025-07-18T21:32:51","date_gmt":"2025-07-18T21:32:51","guid":{"rendered":"https:\/\/fmamiga909.com.ar\/?p=22562"},"modified":"2025-07-18T21:32:51","modified_gmt":"2025-07-18T21:32:51","slug":"veron-y-el-futuro-de-eduardo-dominguez-si-ves-que-no-va-no-va","status":"publish","type":"post","link":"https:\/\/fmamiga909.com.ar\/?p=22562","title":{"rendered":"Ver\u00f3n y el futuro de Eduardo Dom\u00ednguez: &quot;Si ves que no va, no va&quot;"},"content":{"rendered":"<div><!-- Body --><\/p>\n<p><a href=\"https:\/\/www.pagina12.com.ar\/842110-estudiantes-de-los-refuerzos-top-de-foster-gillett-a-no-gana\"><b>Estudiantes de La Plata<\/b> atraviesa un mal momento futbol\u00edstico<\/a>, con el t\u00e9cnico Eduardo Dom\u00ednguez entre los m\u00e1s apuntados y quien sali\u00f3 a calmar las aguas este viernes fue <b>Juan Sebasti\u00e1n Ver\u00f3n<\/b>, presidente pincha, aunque con algunas de sus declaraciones la cosa qued\u00f3 m\u00e1s <b>agitada<\/b>.<\/p>\n<p><b>\u00abHace tres o cuatro semanas que no hablo con Eduardo. <\/b>Tambi\u00e9n estuvo el tema de mi pap\u00e1&#8230; Agust\u00edn (Alayes; m\u00e1nager del equipo) me dice que <b>Eduardo quiere seguir. Hay que saber hasta d\u00f3nde. <\/b>\u00bfPuedo aferrarme a algo? Si esto sigue as\u00ed, se va a tener que dar. <b>Si ves que no va, no va\u00bb, <\/b>disparo el ahora dirigente, quien a fines de mayo\u00a0sufri\u00f3  la muerte de su padre, el m\u00edtico Juan Ram\u00f3n.<\/p>\n<p>\u00abEl f\u00fatbol es de momentos y la duda es parte. <b>Es un momento que se viene extendiendo, donde no se encuentra continuidad y es dif\u00edcil de sostener.<\/b> Es normal que se cuestione al jugador, al entrenador y a la dirigencia\u00bb, agreg\u00f3 sobre el mal presente de Estudiantes, que en menos de un mes jugar\u00e1 octavos de final de Libertadores contra Cerro Porte\u00f1o.<\/p>\n<p>En otro tramo de la entrevista con el medio platense 0221, <b>Ver\u00f3n se refiri\u00f3 al empresario Foster Gillett <\/b>y la demora de sus prometidas inversiones. \u201cFoster sigue estando. <b>Se fue dilatando todo por motivos del inversor,<\/b> pero tambi\u00e9n puede ser \u00e9l, reacomodando algunas cuestiones\u00bb, intent\u00f3 tranquilizar.<\/p>\n<p>Por \u00faltimo, tambi\u00e9n confirm\u00f3 que habl\u00f3 con <b>Marcos Rojo<\/b>, aunque no parece realizable por el momento: \u201cTuve una conversaci\u00f3n con Marcos. El hizo saber que quiere volver. Pero tienen que pasar un mont\u00f3n de cosas en el medio. <b>Primero \u00e9l tiene que recomponer la relaci\u00f3n con la gente. Despu\u00e9s, veremos. <\/b>Marcos tiene que recomponer eso por una cuesti\u00f3n personal, por la persona que es\u201d.<\/p>\n<p><!-- Live Blog Post --><\/div>\n<p><a href=\"https:\/\/www.pagina12.com.ar\/843007-veron-y-el-futuro-de-eduardo-dominguez-si-ves-que-no-va-no-v\">source<\/a><\/p>\n","protected":false},"excerpt":{"rendered":"<p>Estudiantes de La Plata atraviesa un mal momento futbol\u00edstico, con el t\u00e9cnico Eduardo Dom\u00ednguez entre&#8230;<\/p>\n","protected":false},"author":3,"featured_media":22563,"comment_status":"closed","ping_status":"closed","sticky":false,"template":"","format":"standard","meta":{"footnotes":""},"categories":[21],"tags":[],"class_list":["post-22562","post","type-post","status-publish","format-standard","has-post-thumbnail","hentry","category-deportes"],"featured_image_urls":{"full":["https:\/\/fmamiga909.com.ar\/wp-content\/uploads\/2025\/07\/wp-header-logo-197.png",960,540,false],"thumbnail":["https:\/\/fmamiga909.com.ar\/wp-content\/uploads\/2025\/07\/wp-header-logo-197-150x150.png",150,150,true],"medium":["https:\/\/fmamiga909.com.ar\/wp-content\/uploads\/2025\/07\/wp-header-logo-197-300x169.png",300,169,true],"medium_large":["https:\/\/fmamiga909.com.ar\/wp-content\/uploads\/2025\/07\/wp-header-logo-197.png",960,540,false],"large":["https:\/\/fmamiga909.com.ar\/wp-content\/uploads\/2025\/07\/wp-header-logo-197.png",640,360,false],"1536x1536":["https:\/\/fmamiga909.com.ar\/wp-content\/uploads\/2025\/07\/wp-header-logo-197.png",960,540,false],"2048x2048":["https:\/\/fmamiga909.com.ar\/wp-content\/uploads\/2025\/07\/wp-header-logo-197.png",960,540,false],"newsium-slider-full":["https:\/\/fmamiga909.com.ar\/wp-content\/uploads\/2025\/07\/wp-header-logo-197.png",960,540,false],"newsium-featured":["https:\/\/fmamiga909.com.ar\/wp-content\/uploads\/2025\/07\/wp-header-logo-197.png",960,540,false],"newsium-medium":["https:\/\/fmamiga909.com.ar\/wp-content\/uploads\/2025\/07\/wp-header-logo-197-720x475.png",720,475,true]},"author_info":{"display_name":"Fredy Giuliano","author_link":"https:\/\/fmamiga909.com.ar\/?author=3"},"category_info":"<a href=\"https:\/\/fmamiga909.com.ar\/?cat=21\" rel=\"category\">Deportes<\/a>","tag_info":"Deportes","comment_count":"0","_links":{"self":[{"href":"https:\/\/fmamiga909.com.ar\/index.php?rest_route=\/wp\/v2\/posts\/22562","targetHints":{"allow":["GET"]}}],"collection":[{"href":"https:\/\/fmamiga909.com.ar\/index.php?rest_route=\/wp\/v2\/posts"}],"about":[{"href":"https:\/\/fmamiga909.com.ar\/index.php?rest_route=\/wp\/v2\/types\/post"}],"author":[{"embeddable":true,"href":"https:\/\/fmamiga909.com.ar\/index.php?rest_route=\/wp\/v2\/users\/3"}],"replies":[{"embeddable":true,"href":"https:\/\/fmamiga909.com.ar\/index.php?rest_route=%2Fwp%2Fv2%2Fcomments&post=22562"}],"version-history":[{"count":0,"href":"https:\/\/fmamiga909.com.ar\/index.php?rest_route=\/wp\/v2\/posts\/22562\/revisions"}],"wp:featuredmedia":[{"embeddable":true,"href":"https:\/\/fmamiga909.com.ar\/index.php?rest_route=\/wp\/v2\/media\/22563"}],"wp:attachment":[{"href":"https:\/\/fmamiga909.com.ar\/index.php?rest_route=%2Fwp%2Fv2%2Fmedia&parent=22562"}],"wp:term":[{"taxonomy":"category","embeddable":true,"href":"https:\/\/fmamiga909.com.ar\/index.php?rest_route=%2Fwp%2Fv2%2Fcategories&post=22562"},{"taxonomy":"post_tag","embeddable":true,"href":"https:\/\/fmamiga909.com.ar\/index.php?rest_route=%2Fwp%2Fv2%2Ftags&post=22562"}],"curies":[{"name":"wp","href":"https:\/\/api.w.org\/{rel}","templated":true}]}}