{"id":22570,"date":"2025-07-19T00:17:26","date_gmt":"2025-07-19T00:17:26","guid":{"rendered":"https:\/\/fmamiga909.com.ar\/?p=22570"},"modified":"2025-07-19T00:17:26","modified_gmt":"2025-07-19T00:17:26","slug":"velez-acordo-de-palabra-el-pase-de-valentin-gomez-al-betis","status":"publish","type":"post","link":"https:\/\/fmamiga909.com.ar\/?p=22570","title":{"rendered":"V\u00e9lez acord\u00f3 de palabra el pase de Valent\u00edn G\u00f3mez al Betis"},"content":{"rendered":"<div><!-- Body --><\/p>\n<p>Valent\u00edn G\u00f3mez finalmente dejar\u00e1\u00a0V\u00e9lez Sarsfield para continuar su carrera en el Betis, que ya realiz\u00f3 una oferta por 5,5 millones de euros y logr\u00f3 un acuerdo de palabra con la dirigencia de Liniers, por lo que el conjunto andaluz le\u00a0gan\u00f3 la pulseada al Feyenoord.<\/p>\n<p>La oferta de Betis, superadora a los 5 millones de euros que ofreci\u00f3 la instituci\u00f3n de los Pa\u00edses Bajos,\u00a0se realizar\u00eda en un solo pago al momento de llevarse a cabo la operaci\u00f3n y habr\u00e1 1.200.000 d\u00f3lares en bonos m\u00e1s un 10 por ciento de plusval\u00eda. A su vez, G\u00f3mez dejar\u00eda el 15 por ciento que le corresponde.<\/p>\n<p>As\u00ed las cosas, el defensor podr\u00e1 concretar su primera transferencia despu\u00e9s de varios pases frustrados,\u00a0tras 125 partidos, 3 goles y dos t\u00edtulos (Liga Profesional y Supercopa Internacional) con la camiseta del Fort\u00edn.\u00a0<\/p>\n<p>Cabe recordar que G\u00f3mez hab\u00eda viajado a Italia y se estuvo entrenando en un parque a la espera de cerrar su llegada a Udinese, que finalmente se cay\u00f3 porque el grupo empresario de Foster Gillet no pag\u00f3.\u00a0<\/p>\n<p>Antes, a mediados de 2024, se derrumb\u00f3 su desembarco en River debido a que no pas\u00f3 la revisi\u00f3n m\u00e9dica, y arranc\u00f3 2025 con un nuevo pase frustrado al Cruzeiro por desentendimientos entre los clubes.<\/p>\n<p>El acuerdo de palabra de G\u00f3mez para jugar en Betis lleg\u00f3 tras el arreglo por 5,5 millones de euros netos por el 90%, m\u00e1s 1,2 mill\u00f3n en objetivos y la plusval\u00eda del 10% para V\u00e9lez.<\/p>\n<p>D\u00edas atr\u00e1s, luego que el conjunto dirigido por Guillermo Barros Schelotto venciera a Estudiantes en la Supercopa Internacional, el defensor de 22 a\u00f1os apunt\u00f3 contra los que dijeron que \u00abno ten\u00eda sentido de pertenencia\u00bb y hasta se refiri\u00f3 a su salida: \u00abNo s\u00e9 qu\u00e9 va a pasar conmigo, la verdad es que no sabr\u00eda qu\u00e9 decir, pero si me quedo ojal\u00e1 sea para pelear la Copa Libertadores\u201d.\u00a0<\/p>\n<p>Sin embargo, la necesidad del jugador de salir del club era clara, las ofertas terminaron por inclinar la balanza y todo indica que G\u00f3mez\u00a0podr\u00e1 viajar este domingo\u00a0para continuar con los pasos previos a firmar el v\u00ednculo.<\/p>\n<p><!-- Live Blog Post --><\/div>\n<p><a href=\"https:\/\/www.pagina12.com.ar\/843076-velez-acordo-de-palabra-el-pase-de-valentin-gomez-al-betis\">source<\/a><\/p>\n","protected":false},"excerpt":{"rendered":"<p>Valent\u00edn G\u00f3mez finalmente dejar\u00e1\u00a0V\u00e9lez Sarsfield para continuar su carrera en el Betis, que ya realiz\u00f3&#8230;<\/p>\n","protected":false},"author":3,"featured_media":22571,"comment_status":"closed","ping_status":"closed","sticky":false,"template":"","format":"standard","meta":{"footnotes":""},"categories":[21],"tags":[],"class_list":["post-22570","post","type-post","status-publish","format-standard","has-post-thumbnail","hentry","category-deportes"],"featured_image_urls":{"full":["https:\/\/fmamiga909.com.ar\/wp-content\/uploads\/2025\/07\/wp-header-logo-201.png",960,540,false],"thumbnail":["https:\/\/fmamiga909.com.ar\/wp-content\/uploads\/2025\/07\/wp-header-logo-201-150x150.png",150,150,true],"medium":["https:\/\/fmamiga909.com.ar\/wp-content\/uploads\/2025\/07\/wp-header-logo-201-300x169.png",300,169,true],"medium_large":["https:\/\/fmamiga909.com.ar\/wp-content\/uploads\/2025\/07\/wp-header-logo-201.png",960,540,false],"large":["https:\/\/fmamiga909.com.ar\/wp-content\/uploads\/2025\/07\/wp-header-logo-201.png",640,360,false],"1536x1536":["https:\/\/fmamiga909.com.ar\/wp-content\/uploads\/2025\/07\/wp-header-logo-201.png",960,540,false],"2048x2048":["https:\/\/fmamiga909.com.ar\/wp-content\/uploads\/2025\/07\/wp-header-logo-201.png",960,540,false],"newsium-slider-full":["https:\/\/fmamiga909.com.ar\/wp-content\/uploads\/2025\/07\/wp-header-logo-201.png",960,540,false],"newsium-featured":["https:\/\/fmamiga909.com.ar\/wp-content\/uploads\/2025\/07\/wp-header-logo-201.png",960,540,false],"newsium-medium":["https:\/\/fmamiga909.com.ar\/wp-content\/uploads\/2025\/07\/wp-header-logo-201-720x475.png",720,475,true]},"author_info":{"display_name":"Fredy Giuliano","author_link":"https:\/\/fmamiga909.com.ar\/?author=3"},"category_info":"<a href=\"https:\/\/fmamiga909.com.ar\/?cat=21\" rel=\"category\">Deportes<\/a>","tag_info":"Deportes","comment_count":"0","_links":{"self":[{"href":"https:\/\/fmamiga909.com.ar\/index.php?rest_route=\/wp\/v2\/posts\/22570","targetHints":{"allow":["GET"]}}],"collection":[{"href":"https:\/\/fmamiga909.com.ar\/index.php?rest_route=\/wp\/v2\/posts"}],"about":[{"href":"https:\/\/fmamiga909.com.ar\/index.php?rest_route=\/wp\/v2\/types\/post"}],"author":[{"embeddable":true,"href":"https:\/\/fmamiga909.com.ar\/index.php?rest_route=\/wp\/v2\/users\/3"}],"replies":[{"embeddable":true,"href":"https:\/\/fmamiga909.com.ar\/index.php?rest_route=%2Fwp%2Fv2%2Fcomments&post=22570"}],"version-history":[{"count":0,"href":"https:\/\/fmamiga909.com.ar\/index.php?rest_route=\/wp\/v2\/posts\/22570\/revisions"}],"wp:featuredmedia":[{"embeddable":true,"href":"https:\/\/fmamiga909.com.ar\/index.php?rest_route=\/wp\/v2\/media\/22571"}],"wp:attachment":[{"href":"https:\/\/fmamiga909.com.ar\/index.php?rest_route=%2Fwp%2Fv2%2Fmedia&parent=22570"}],"wp:term":[{"taxonomy":"category","embeddable":true,"href":"https:\/\/fmamiga909.com.ar\/index.php?rest_route=%2Fwp%2Fv2%2Fcategories&post=22570"},{"taxonomy":"post_tag","embeddable":true,"href":"https:\/\/fmamiga909.com.ar\/index.php?rest_route=%2Fwp%2Fv2%2Ftags&post=22570"}],"curies":[{"name":"wp","href":"https:\/\/api.w.org\/{rel}","templated":true}]}}