{"id":22582,"date":"2025-07-19T21:51:54","date_gmt":"2025-07-19T21:51:54","guid":{"rendered":"https:\/\/fmamiga909.com.ar\/?p=22582"},"modified":"2025-07-19T21:51:54","modified_gmt":"2025-07-19T21:51:54","slug":"juan-manuel-cerundolo-finalista-en-gstaad","status":"publish","type":"post","link":"https:\/\/fmamiga909.com.ar\/?p=22582","title":{"rendered":"Juan Manuel Cer\u00fandolo, finalista en Gstaad"},"content":{"rendered":"<div><!-- Body --><\/p>\n<p>Aunque fue una gran semana para el tenis argentino, con tres representantes nacionales brillando y avanzando hasta instancias decisivas, no podr\u00e1 coronarse de la mejor manera en su totalidad: <b>mientras que Juan Manuel Cer\u00fandolo gan\u00f3 este s\u00e1bado y se clasific\u00f3 a la final del ATP 250 de Gstaad, tanto  su hermano Francisco como Camilo Ugo Carabelli fueron derrotados<\/b> en las semifinales del ATP 250 de Bastad y no lograron meterse en el \u00faltimo partido de este domingo.<\/p>\n<p><b>Juan Manuel, el menor de los hermanos Cer\u00fandolo<\/b>, es quien encara este domingo con una sonrisa. El tenista de 23 a\u00f1os (actualmente 109 en el r\u00e1nking ATP) <b>se impuso en sets corridos sobre el peruano Ignacio Buse<\/b>, la revelaci\u00f3n de la semana en Gstaad, para acceder a la a\u00f1orada final del certamen suizo luedo de jugar un verdadero partidazo para quedarse con la victoria <b>por doble 6-3 <\/b>tras una hora y 22 minutos de acci\u00f3n.<\/p>\n<div class=\"iframely-embed medium-embedded-content\" data-html=\"Jmx0O2Jsb2NrcXVvdGUgY2xhc3M9InR3aXR0ZXItdHdlZXQiIGRhdGEtZG50PSJ0cnVlIiBhbGlnbj0iY2VudGVyIiZndDsmbHQ7cCBsYW5nPSJlbiIgZGlyPSJsdHIiJmd0O0ZpbmFsIHNob3dkb3duIPCfjb8mbHQ7YSBocmVmPSJodHRwczovL3R3aXR0ZXIuY29tL1N3aXNzT3BlbkdzdGFhZD9yZWZfc3JjPXR3c3JjJTVFdGZ3IiZndDtAU3dpc3NPcGVuR3N0YWFkJmx0Oy9hJmd0OyB8ICZsdDthIGhyZWY9Imh0dHBzOi8vdHdpdHRlci5jb20vaGFzaHRhZy9Td2lzc09wZW5Hc3RhYWQ\/c3JjPWhhc2gmYW1wO2FtcDtyZWZfc3JjPXR3c3JjJTVFdGZ3IiZndDsjU3dpc3NPcGVuR3N0YWFkJmx0Oy9hJmd0OyAmbHQ7YSBocmVmPSJodHRwczovL3QuY28vOGp5d2FxYzk4YSImZ3Q7cGljLnR3aXR0ZXIuY29tLzhqeXdhcWM5OGEmbHQ7L2EmZ3Q7Jmx0Oy9wJmd0OyZhbXA7bWRhc2g7IEFUUCBUb3VyIChAYXRwdG91cikgJmx0O2EgaHJlZj0iaHR0cHM6Ly90d2l0dGVyLmNvbS9hdHB0b3VyL3N0YXR1cy8xOTQ2NTk2MzEwOTUxMzQ2NTk0P3JlZl9zcmM9dHdzcmMlNUV0ZnciJmd0O0p1bHkgMTksIDIwMjUmbHQ7L2EmZ3Q7Jmx0Oy9ibG9ja3F1b3RlJmd0OwombHQ7c2NyaXB0IGFzeW5jIHNyYz0iaHR0cHM6Ly9wbGF0Zm9ybS50d2l0dGVyLmNvbS93aWRnZXRzLmpzIiBjaGFyc2V0PSJ1dGYtOCImZ3Q7Jmx0Oy9zY3JpcHQmZ3Q7CgombHQ7ZGl2IGNsYXNzPSJtZWRpdW0taW5zZXJ0LWVtYmVkcy1tZXRhIiZndDsmbHQ7c2NyaXB0IHR5cGU9InRleHQvanNvbiImZ3Q7eyJ1cmwiOiJodHRwczovL3R3aXR0ZXIuY29tL2F0cHRvdXIvc3RhdHVzLzE5NDY1OTYzMTA5NTEzNDY1OTQiLCJ0eXBlIjoicmljaCIsInZlcnNpb24iOiIxLjAiLCJ0aXRsZSI6IkFUUCBUb3VyIG9uIFR3aXR0ZXIgLyBYIiwiYXV0aG9yIjoiQVRQIFRvdXIiLCJhdXRob3JfdXJsIjoiaHR0cHM6Ly90d2l0dGVyLmNvbS9hdHB0b3VyIiwicHJvdmlkZXJfbmFtZSI6IlR3aXR0ZXIiLCJkZXNjcmlwdGlvbiI6IkZpbmFsIHNob3dkb3duIPCfjb9AU3dpc3NPcGVuR3N0YWFkIHwgI1N3aXNzT3BlbkdzdGFhZCBwaWMudHdpdHRlci5jb20vOGp5d2FxYzk4YeKAlCBBVFAgVG91ciAoQGF0cHRvdXIpIEp1bHkgMTksIDIwMjVcblxuXG4iLCJ0aHVtYm5haWxfdXJsIjoiaHR0cHM6Ly9wYnMudHdpbWcuY29tL21lZGlhL0d3T3ktSzlXOEFBWXBBSC5qcGc6bGFyZ2UiLCJ0aHVtYm5haWxfd2lkdGgiOjEwODAsInRodW1ibmFpbF9oZWlnaHQiOjEzNTAsImNhY2hlX2FnZSI6ODY0MDAsIm9wdGlvbnMiOnsiX2hpZGVfbWVkaWEiOnsibGFiZWwiOiJIaWRlIHBob3RvcywgdmlkZW9zLCBhbmQgY2FyZHMiLCJ2YWx1ZSI6ZmFsc2V9LCJfdGhlbWUiOnsidmFsdWUiOiIiLCJ2YWx1ZXMiOnsiZGFyayI6IlVzZSBkYXJrIHRoZW1lIn19LCJfbWF4d2lkdGgiOnsidmFsdWUiOiIiLCJsYWJlbCI6IkFkanVzdCB3aWR0aCIsInBsYWNlaG9sZGVyIjoiMjIwLTU1MCwgaW4gcHgifX19Jmx0Oy9zY3JpcHQmZ3Q7Jmx0Oy9kaXYmZ3Q7\">\n                <a data-iframely-url=\"\" href=\"https:\/\/twitter.com\/atptour\/status\/1946596310951346594\">https:\/\/twitter.com\/atptour\/status\/1946596310951346594<\/a>\n              <\/div>\n<p>Cer\u00fandolo est\u00e1 mostrando una actuaci\u00f3n so\u00f1ada en el polvo de ladrillo suizo: elimin\u00f3 a tenistas muy experimentados en las rondas previas, como el alem\u00e1n Jan-Lennard Struff, el belga David Goffin y el noruego Casper Ruud, 13\u00ba del r\u00e1nking ATP y quien era el gran candidato a quedarse con el t\u00edtulo. <b>Este domingo, desde las 6.30 de nuestro pa\u00eds (transmite Disney+)<\/b>, el argentino deber\u00e1 refrendar ese alto nivel con otra buena labor: <b>en la final, lo espera el kazajo Alexander Bublik, segundo mejor clasificado al torneo y 34\u00ba del mundo<\/b>, quien derrot\u00f3 al franc\u00e9s Arthur Cazaux\u00a0por 6-1 y 7-5. La motivaci\u00f3n es enorme: ser\u00e1 su segundo partido partido por un t\u00edtulo en el ATP Tour -luego del que lo consagr\u00f3 en el C\u00f3rdoba Open en 2021- y la posibilidad de seguir creciendo en el r\u00e1nking, donde tras alcanzar esta final <b>ya asegur\u00f3 su presencia de vuelta entre los mejores 100 jugadores del mundo por primera vez desde 2023<\/b>, seg\u00fan detalla la web oficial del circuito.<\/p>\n<div class=\"iframely-embed medium-embedded-content\" data-html=\"Jmx0O2Jsb2NrcXVvdGUgY2xhc3M9InR3aXR0ZXItdHdlZXQiIGRhdGEtZG50PSJ0cnVlIiBhbGlnbj0iY2VudGVyIiZndDsmbHQ7cCBsYW5nPSJlbiIgZGlyPSJsdHIiJmd0O01hbiBvbiBhIG1pc3Npb24g4pqU77iPJmx0O2EgaHJlZj0iaHR0cHM6Ly90d2l0dGVyLmNvbS9qbWNlcnVuZG9sbz9yZWZfc3JjPXR3c3JjJTVFdGZ3IiZndDtAam1jZXJ1bmRvbG8mbHQ7L2EmZ3Q7IHRha2VzIGRvd24gQnVzZSB0byBwdW5jaCBoaXMgdGlja2V0IHRvIHRoZSBjaGFtcGlvbnNoaXAgbWF0Y2ghIPCfjp\/vuI8mbHQ7YSBocmVmPSJodHRwczovL3R3aXR0ZXIuY29tL1N3aXNzT3BlbkdzdGFhZD9yZWZfc3JjPXR3c3JjJTVFdGZ3IiZndDtAU3dpc3NPcGVuR3N0YWFkJmx0Oy9hJmd0OyB8ICZsdDthIGhyZWY9Imh0dHBzOi8vdHdpdHRlci5jb20vaGFzaHRhZy9Td2lzc09wZW5Hc3RhYWQ\/c3JjPWhhc2gmYW1wO2FtcDtyZWZfc3JjPXR3c3JjJTVFdGZ3IiZndDsjU3dpc3NPcGVuR3N0YWFkJmx0Oy9hJmd0OyAmbHQ7YSBocmVmPSJodHRwczovL3QuY28vTzNqeXFBM3FleSImZ3Q7cGljLnR3aXR0ZXIuY29tL08zanlxQTNxZXkmbHQ7L2EmZ3Q7Jmx0Oy9wJmd0OyZhbXA7bWRhc2g7IEFUUCBUb3VyIChAYXRwdG91cikgJmx0O2EgaHJlZj0iaHR0cHM6Ly90d2l0dGVyLmNvbS9hdHB0b3VyL3N0YXR1cy8xOTQ2NTIxMTA5Njg1Mjg5MDc2P3JlZl9zcmM9dHdzcmMlNUV0ZnciJmd0O0p1bHkgMTksIDIwMjUmbHQ7L2EmZ3Q7Jmx0Oy9ibG9ja3F1b3RlJmd0OwombHQ7c2NyaXB0IGFzeW5jIHNyYz0iaHR0cHM6Ly9wbGF0Zm9ybS50d2l0dGVyLmNvbS93aWRnZXRzLmpzIiBjaGFyc2V0PSJ1dGYtOCImZ3Q7Jmx0Oy9zY3JpcHQmZ3Q7CgombHQ7ZGl2IGNsYXNzPSJtZWRpdW0taW5zZXJ0LWVtYmVkcy1tZXRhIiZndDsmbHQ7c2NyaXB0IHR5cGU9InRleHQvanNvbiImZ3Q7eyJ1cmwiOiJodHRwczovL3R3aXR0ZXIuY29tL2F0cHRvdXIvc3RhdHVzLzE5NDY1MjExMDk2ODUyODkwNzYiLCJ0eXBlIjoicmljaCIsInZlcnNpb24iOiIxLjAiLCJ0aXRsZSI6IkFUUCBUb3VyIG9uIFR3aXR0ZXIgLyBYIiwiYXV0aG9yIjoiQVRQIFRvdXIiLCJhdXRob3JfdXJsIjoiaHR0cHM6Ly90d2l0dGVyLmNvbS9hdHB0b3VyIiwicHJvdmlkZXJfbmFtZSI6IlR3aXR0ZXIiLCJkZXNjcmlwdGlvbiI6Ik1hbiBvbiBhIG1pc3Npb24g4pqU77iPQGptY2VydW5kb2xvIHRha2VzIGRvd24gQnVzZSB0byBwdW5jaCBoaXMgdGlja2V0IHRvIHRoZSBjaGFtcGlvbnNoaXAgbWF0Y2ghIPCfjp\/vuI9AU3dpc3NPcGVuR3N0YWFkIHwgI1N3aXNzT3BlbkdzdGFhZCBwaWMudHdpdHRlci5jb20vTzNqeXFBM3FleeKAlCBBVFAgVG91ciAoQGF0cHRvdXIpIEp1bHkgMTksIDIwMjVcblxuXG4iLCJ0aHVtYm5haWxfdXJsIjoiaHR0cHM6Ly9wYnMudHdpbWcuY29tL2FtcGxpZnlfdmlkZW9fdGh1bWIvMTk0NjUyMTA0MjM1ODI1OTcxMi9pbWcvZ3FwSE1jNjZjaFlUSjA0dy5qcGc6bGFyZ2UiLCJ0aHVtYm5haWxfd2lkdGgiOjEyODAsInRodW1ibmFpbF9oZWlnaHQiOjcyMCwiY2FjaGVfYWdlIjo4NjQwMCwib3B0aW9ucyI6eyJfaGlkZV9tZWRpYSI6eyJsYWJlbCI6IkhpZGUgcGhvdG9zLCB2aWRlb3MsIGFuZCBjYXJkcyIsInZhbHVlIjpmYWxzZX0sIl90aGVtZSI6eyJ2YWx1ZSI6IiIsInZhbHVlcyI6eyJkYXJrIjoiVXNlIGRhcmsgdGhlbWUifX0sIl9tYXh3aWR0aCI6eyJ2YWx1ZSI6IiIsImxhYmVsIjoiQWRqdXN0IHdpZHRoIiwicGxhY2Vob2xkZXIiOiIyMjAtNTUwLCBpbiBweCJ9fX0mbHQ7L3NjcmlwdCZndDsmbHQ7L2RpdiZndDs=\">\n                <a data-iframely-url=\"\" href=\"https:\/\/twitter.com\/atptour\/status\/1946521109685289076\">https:\/\/twitter.com\/atptour\/status\/1946521109685289076<\/a>\n              <\/div>\n<p><b>Por su parte, donde no habr\u00e1 finalistas argentinos ser\u00e1 en el cuadro de singles del ATP 250 de Bastad.<\/b> Ugo Carabelli perdi\u00f3 este s\u00e1bado ante Jesper De Jong por 6-3 y 7-6 (3), en una de las semifinales del torneo sueco, y Francisco Cer\u00fandolo cay\u00f3 ante el \u00edtalo-argentino Luciano Darderi por 6-2, 3-6 y 7-6 (3), por la misma instancia de la otra llave. Por el mismo torneo, <b>habr\u00e1 representaci\u00f3n nacional en la final de dobles: este domingo, desde las 6.30 de nuestro pa\u00eds, la dupla del argentino Guido Andreozzi y el neerland\u00e9s Sander Arends<\/b> (que este s\u00e1bado super\u00f3 al sueco Andre Goransson y al brasile\u00f1o Orlando Luz por 6-3 y 6-4) se enfrentar\u00e1 a la pareja compuesta por el checo Adam Pavlasek y el polaco Jan Zielinski por el t\u00edtulo.<\/p>\n<p><!-- Live Blog Post --><\/div>\n<p><script async src=\"\/\/platform.twitter.com\/widgets.js\" charset=\"utf-8\"><\/script><br \/><a href=\"https:\/\/www.pagina12.com.ar\/843209-juan-manuel-cerundolo-finalista-en-gstaad\">source<\/a><\/p>\n","protected":false},"excerpt":{"rendered":"<p>Aunque fue una gran semana para el tenis argentino, con tres representantes nacionales brillando y&#8230;<\/p>\n","protected":false},"author":3,"featured_media":22583,"comment_status":"closed","ping_status":"closed","sticky":false,"template":"","format":"standard","meta":{"footnotes":""},"categories":[21],"tags":[],"class_list":["post-22582","post","type-post","status-publish","format-standard","has-post-thumbnail","hentry","category-deportes"],"featured_image_urls":{"full":["https:\/\/fmamiga909.com.ar\/wp-content\/uploads\/2025\/07\/wp-header-logo-207.png",960,540,false],"thumbnail":["https:\/\/fmamiga909.com.ar\/wp-content\/uploads\/2025\/07\/wp-header-logo-207-150x150.png",150,150,true],"medium":["https:\/\/fmamiga909.com.ar\/wp-content\/uploads\/2025\/07\/wp-header-logo-207-300x169.png",300,169,true],"medium_large":["https:\/\/fmamiga909.com.ar\/wp-content\/uploads\/2025\/07\/wp-header-logo-207.png",960,540,false],"large":["https:\/\/fmamiga909.com.ar\/wp-content\/uploads\/2025\/07\/wp-header-logo-207.png",640,360,false],"1536x1536":["https:\/\/fmamiga909.com.ar\/wp-content\/uploads\/2025\/07\/wp-header-logo-207.png",960,540,false],"2048x2048":["https:\/\/fmamiga909.com.ar\/wp-content\/uploads\/2025\/07\/wp-header-logo-207.png",960,540,false],"newsium-slider-full":["https:\/\/fmamiga909.com.ar\/wp-content\/uploads\/2025\/07\/wp-header-logo-207.png",960,540,false],"newsium-featured":["https:\/\/fmamiga909.com.ar\/wp-content\/uploads\/2025\/07\/wp-header-logo-207.png",960,540,false],"newsium-medium":["https:\/\/fmamiga909.com.ar\/wp-content\/uploads\/2025\/07\/wp-header-logo-207-720x475.png",720,475,true]},"author_info":{"display_name":"Fredy Giuliano","author_link":"https:\/\/fmamiga909.com.ar\/?author=3"},"category_info":"<a href=\"https:\/\/fmamiga909.com.ar\/?cat=21\" rel=\"category\">Deportes<\/a>","tag_info":"Deportes","comment_count":"0","_links":{"self":[{"href":"https:\/\/fmamiga909.com.ar\/index.php?rest_route=\/wp\/v2\/posts\/22582","targetHints":{"allow":["GET"]}}],"collection":[{"href":"https:\/\/fmamiga909.com.ar\/index.php?rest_route=\/wp\/v2\/posts"}],"about":[{"href":"https:\/\/fmamiga909.com.ar\/index.php?rest_route=\/wp\/v2\/types\/post"}],"author":[{"embeddable":true,"href":"https:\/\/fmamiga909.com.ar\/index.php?rest_route=\/wp\/v2\/users\/3"}],"replies":[{"embeddable":true,"href":"https:\/\/fmamiga909.com.ar\/index.php?rest_route=%2Fwp%2Fv2%2Fcomments&post=22582"}],"version-history":[{"count":0,"href":"https:\/\/fmamiga909.com.ar\/index.php?rest_route=\/wp\/v2\/posts\/22582\/revisions"}],"wp:featuredmedia":[{"embeddable":true,"href":"https:\/\/fmamiga909.com.ar\/index.php?rest_route=\/wp\/v2\/media\/22583"}],"wp:attachment":[{"href":"https:\/\/fmamiga909.com.ar\/index.php?rest_route=%2Fwp%2Fv2%2Fmedia&parent=22582"}],"wp:term":[{"taxonomy":"category","embeddable":true,"href":"https:\/\/fmamiga909.com.ar\/index.php?rest_route=%2Fwp%2Fv2%2Fcategories&post=22582"},{"taxonomy":"post_tag","embeddable":true,"href":"https:\/\/fmamiga909.com.ar\/index.php?rest_route=%2Fwp%2Fv2%2Ftags&post=22582"}],"curies":[{"name":"wp","href":"https:\/\/api.w.org\/{rel}","templated":true}]}}