{"id":22590,"date":"2025-07-20T01:01:54","date_gmt":"2025-07-20T01:01:54","guid":{"rendered":"https:\/\/fmamiga909.com.ar\/?p=22590"},"modified":"2025-07-20T01:01:54","modified_gmt":"2025-07-20T01:01:54","slug":"liga-profesional-central-se-lo-gano-a-lanus-con-otro-penal-polemico","status":"publish","type":"post","link":"https:\/\/fmamiga909.com.ar\/?p=22590","title":{"rendered":"Liga Profesional: Central se lo gan\u00f3 a Lan\u00fas con otro penal pol\u00e9mico"},"content":{"rendered":"<div><!-- Body --><\/p>\n<p><b>Rosario Central volvi\u00f3 a celebrar un gol de \u00c1ngel Di Mar\u00eda<\/b> en su segundo partido de vuelta en el f\u00fatbol argentino pero esta vez <b>le permiti\u00f3 conseguir una victoria, aunque pol\u00e9mica<\/b>, luego de\u00a0<b>otro dudoso penal <\/b>que el campe\u00f3n del mundo convirti\u00f3 en tanto. En el encuentro que marc\u00f3 el regreso de los hinchas visitantes luego de m\u00e1s de 12 a\u00f1os sin tenerlos en las canchas, la controvertida jugada que signific\u00f3 <b>el 1-0 del elenco rosarino sobre Lan\u00fas en La Fortaleza opac\u00f3 el hito de volver a ver juntos a los p\u00fablicos de ambas parcialidades.<\/b><\/p>\n<div class=\"iframely-embed medium-embedded-content\" data-html=\"Jmx0O2Jsb2NrcXVvdGUgY2xhc3M9InR3aXR0ZXItdHdlZXQiIGRhdGEtZG50PSJ0cnVlIiBhbGlnbj0iY2VudGVyIiZndDsmbHQ7cCBsYW5nPSJlcyIgZGlyPSJsdHIiJmd0O8KhVk9MVklFUk9OIExPUyBWSVNJVEFOVEVTISDwn5+h8J+UtSBBc8OtIHNlIGVuY3VlbnRyYSBMYSBGb3J0YWxlemEgZW4gZWwgc2VjdG9yIGRlIGxvcyBoaW5jaGFzIGRlIFJvc2FyaW8gQ2VudHJhbCBhbnRlIExhbsO6cyZsdDthIGhyZWY9Imh0dHBzOi8vdHdpdHRlci5jb20vaGFzaHRhZy9MUEZ4VE5UU3BvcnRzP3NyYz1oYXNoJmFtcDthbXA7cmVmX3NyYz10d3NyYyU1RXRmdyImZ3Q7I0xQRnhUTlRTcG9ydHMmbHQ7L2EmZ3Q7ICZsdDthIGhyZWY9Imh0dHBzOi8vdC5jby95dmpXSTZpNmxMIiZndDtwaWMudHdpdHRlci5jb20veXZqV0k2aTZsTCZsdDsvYSZndDsmbHQ7L3AmZ3Q7JmFtcDttZGFzaDsgVE5UIFNwb3J0cyBBcmdlbnRpbmEgKEBUTlRTcG9ydHNBUikgJmx0O2EgaHJlZj0iaHR0cHM6Ly90d2l0dGVyLmNvbS9UTlRTcG9ydHNBUi9zdGF0dXMvMTk0NjY1NDM3NTI0MzMyNTc5ND9yZWZfc3JjPXR3c3JjJTVFdGZ3IiZndDtKdWx5IDE5LCAyMDI1Jmx0Oy9hJmd0OyZsdDsvYmxvY2txdW90ZSZndDsKJmx0O3NjcmlwdCBhc3luYyBzcmM9Imh0dHBzOi8vcGxhdGZvcm0udHdpdHRlci5jb20vd2lkZ2V0cy5qcyIgY2hhcnNldD0idXRmLTgiJmd0OyZsdDsvc2NyaXB0Jmd0OwoKJmx0O2RpdiBjbGFzcz0ibWVkaXVtLWluc2VydC1lbWJlZHMtbWV0YSImZ3Q7Jmx0O3NjcmlwdCB0eXBlPSJ0ZXh0L2pzb24iJmd0O3sidXJsIjoiaHR0cHM6Ly90d2l0dGVyLmNvbS9UTlRTcG9ydHNBUi9zdGF0dXMvMTk0NjY1NDM3NTI0MzMyNTc5NCIsInR5cGUiOiJyaWNoIiwidmVyc2lvbiI6IjEuMCIsInRpdGxlIjoiVE5UIFNwb3J0cyBBcmdlbnRpbmEgb24gVHdpdHRlciAvIFgiLCJhdXRob3IiOiJUTlQgU3BvcnRzIEFyZ2VudGluYSIsImF1dGhvcl91cmwiOiJodHRwczovL3R3aXR0ZXIuY29tL1ROVFNwb3J0c0FSIiwicHJvdmlkZXJfbmFtZSI6IlR3aXR0ZXIiLCJkZXNjcmlwdGlvbiI6IsKhVk9MVklFUk9OIExPUyBWSVNJVEFOVEVTISDwn5+h8J+UtSBBc8OtIHNlIGVuY3VlbnRyYSBMYSBGb3J0YWxlemEgZW4gZWwgc2VjdG9yIGRlIGxvcyBoaW5jaGFzIGRlIFJvc2FyaW8gQ2VudHJhbCBhbnRlIExhbsO6cyNMUEZ4VE5UU3BvcnRzIHBpYy50d2l0dGVyLmNvbS95dmpXSTZpNmxM4oCUIFROVCBTcG9ydHMgQXJnZW50aW5hIChAVE5UU3BvcnRzQVIpIEp1bHkgMTksIDIwMjVcblxuXG4iLCJ0aHVtYm5haWxfdXJsIjoiaHR0cHM6Ly9wYnMudHdpbWcuY29tL21lZGlhL0d3UG4xZThXY0FFMVRJbC5qcGc6bGFyZ2UiLCJ0aHVtYm5haWxfd2lkdGgiOjE5MjAsInRodW1ibmFpbF9oZWlnaHQiOjEwODAsImNhY2hlX2FnZSI6ODY0MDAsIm9wdGlvbnMiOnsiX2hpZGVfbWVkaWEiOnsibGFiZWwiOiJIaWRlIHBob3RvcywgdmlkZW9zLCBhbmQgY2FyZHMiLCJ2YWx1ZSI6ZmFsc2V9LCJfdGhlbWUiOnsidmFsdWUiOiIiLCJ2YWx1ZXMiOnsiZGFyayI6IlVzZSBkYXJrIHRoZW1lIn19LCJfbWF4d2lkdGgiOnsidmFsdWUiOiIiLCJsYWJlbCI6IkFkanVzdCB3aWR0aCIsInBsYWNlaG9sZGVyIjoiMjIwLTU1MCwgaW4gcHgifX19Jmx0Oy9zY3JpcHQmZ3Q7Jmx0Oy9kaXYmZ3Q7\">\n                <a data-iframely-url=\"\" href=\"https:\/\/twitter.com\/TNTSportsAR\/status\/1946654375243325794\">https:\/\/twitter.com\/TNTSportsAR\/status\/1946654375243325794<\/a>\n              <\/div>\n<p>El partido, que fue parejo durante gran parte del juego, hab\u00eda iniciado con lindas im\u00e1genes durante la tarde en Lan\u00fas que inici\u00f3 el paulatino regreso de los hinchas visitantes en la Primera Divisi\u00f3n. <b>\u201cBienvenido al club de barrio m\u00e1s grande del mundo\u201c, se le\u00eda en una bandera colgada por el p\u00fablico local, que ten\u00eda una imagen del \u201dFideo\u201c<\/b> besando la Copa del Mundo y le daba su bienvenida.<\/p>\n<p>Antes de que <b>los futbolistas de Rosario Central fueran a saludar a los m\u00e1s de seis mil hinchas que se hicieron presentes en su aventura como visitantes <\/b>-en una de las escenas, sin dudas, m\u00e1s emotivas de esta fecha-, Di Mar\u00eda ya hab\u00eda recibido el cari\u00f1o de Lan\u00fas: al ingresar al campo de juego, los hinchas locales aplaudieron al campe\u00f3n del mundo y hasta se vio a alguna plate\u00edsta granate hacer un coraz\u00f3n con sus manos, el cl\u00e1sico festejo de gol de Angelito, para rendirle su homenaje.<\/p>\n<div class=\"iframely-embed medium-embedded-content\" data-html=\"Jmx0O2Jsb2NrcXVvdGUgY2xhc3M9InR3aXR0ZXItdHdlZXQiIGRhdGEtZG50PSJ0cnVlIiBhbGlnbj0iY2VudGVyIiZndDsmbHQ7cCBsYW5nPSJlcyIgZGlyPSJsdHIiJmd0O0xhIGdlbnRlIGRlICZsdDthIGhyZWY9Imh0dHBzOi8vdHdpdHRlci5jb20vaGFzaHRhZy9MYW4lQzMlQkFzP3NyYz1oYXNoJmFtcDthbXA7cmVmX3NyYz10d3NyYyU1RXRmdyImZ3Q7I0xhbsO6cyZsdDsvYSZndDsgbGUgZGEgbGEgYmllbnZlbmlkYSBhIERpIE1hcsOtYSDwn6u2IOKtkO+4jyAmbHQ7YSBocmVmPSJodHRwczovL3QuY28vNEZxbWpLRFBaNSImZ3Q7cGljLnR3aXR0ZXIuY29tLzRGcW1qS0RQWjUmbHQ7L2EmZ3Q7Jmx0Oy9wJmd0OyZhbXA7bWRhc2g7IExpZ2EgUHJvZmVzaW9uYWwgZGUgRsO6dGJvbCAoQExpZ2FBRkEpICZsdDthIGhyZWY9Imh0dHBzOi8vdHdpdHRlci5jb20vTGlnYUFGQS9zdGF0dXMvMTk0NjY0NjI1ODk2NzI3Nzc5OT9yZWZfc3JjPXR3c3JjJTVFdGZ3IiZndDtKdWx5IDE5LCAyMDI1Jmx0Oy9hJmd0OyZsdDsvYmxvY2txdW90ZSZndDsKJmx0O3NjcmlwdCBhc3luYyBzcmM9Imh0dHBzOi8vcGxhdGZvcm0udHdpdHRlci5jb20vd2lkZ2V0cy5qcyIgY2hhcnNldD0idXRmLTgiJmd0OyZsdDsvc2NyaXB0Jmd0OwoKJmx0O2RpdiBjbGFzcz0ibWVkaXVtLWluc2VydC1lbWJlZHMtbWV0YSImZ3Q7Jmx0O3NjcmlwdCB0eXBlPSJ0ZXh0L2pzb24iJmd0O3sidXJsIjoiaHR0cHM6Ly90d2l0dGVyLmNvbS9MaWdhQUZBL3N0YXR1cy8xOTQ2NjQ2MjU4OTY3Mjc3Nzk5IiwidHlwZSI6InJpY2giLCJ2ZXJzaW9uIjoiMS4wIiwidGl0bGUiOiJMaWdhIFByb2Zlc2lvbmFsIGRlIEbDunRib2wgb24gVHdpdHRlciAvIFgiLCJhdXRob3IiOiJMaWdhIFByb2Zlc2lvbmFsIGRlIEbDunRib2wiLCJhdXRob3JfdXJsIjoiaHR0cHM6Ly90d2l0dGVyLmNvbS9MaWdhQUZBIiwicHJvdmlkZXJfbmFtZSI6IlR3aXR0ZXIiLCJkZXNjcmlwdGlvbiI6IkxhIGdlbnRlIGRlICNMYW7DunMgbGUgZGEgbGEgYmllbnZlbmlkYSBhIERpIE1hcsOtYSDwn6u2IOKtkO+4jyBwaWMudHdpdHRlci5jb20vNEZxbWpLRFBaNeKAlCBMaWdhIFByb2Zlc2lvbmFsIGRlIEbDunRib2wgKEBMaWdhQUZBKSBKdWx5IDE5LCAyMDI1XG5cblxuIiwidGh1bWJuYWlsX3VybCI6Imh0dHBzOi8vcGJzLnR3aW1nLmNvbS9tZWRpYS9Hd1BmOVFDWHNBQWlybzcuanBnOmxhcmdlIiwidGh1bWJuYWlsX3dpZHRoIjoxNjM4LCJ0aHVtYm5haWxfaGVpZ2h0IjoyMDQ4LCJjYWNoZV9hZ2UiOjg2NDAwLCJvcHRpb25zIjp7Il9oaWRlX21lZGlhIjp7ImxhYmVsIjoiSGlkZSBwaG90b3MsIHZpZGVvcywgYW5kIGNhcmRzIiwidmFsdWUiOmZhbHNlfSwiX3RoZW1lIjp7InZhbHVlIjoiIiwidmFsdWVzIjp7ImRhcmsiOiJVc2UgZGFyayB0aGVtZSJ9fSwiX21heHdpZHRoIjp7InZhbHVlIjoiIiwibGFiZWwiOiJBZGp1c3Qgd2lkdGgiLCJwbGFjZWhvbGRlciI6IjIyMC01NTAsIGluIHB4In19fSZsdDsvc2NyaXB0Jmd0OyZsdDsvZGl2Jmd0Ow==\">\n                <a data-iframely-url=\"\" href=\"https:\/\/twitter.com\/LigaAFA\/status\/1946646258967277799\">https:\/\/twitter.com\/LigaAFA\/status\/1946646258967277799<\/a>\n              <\/div>\n<p><b>La hinchada granate, antes del pitazo inicial, tambi\u00e9n se acord\u00f3 de Lautaro Acosta<\/b>, suspendido provisoriamente por duras cr\u00edticas al \u00e1rbitro Hern\u00e1n Mastr\u00e1ngelo tras el debut de Lan\u00fas con derrota ante Riestra. El \u201cLaucha, Laucha\u201d que baj\u00f3 de las tribunas antes de que iniciara el partido, sin embargo, <b>no ser\u00eda el \u00fanico cantito que los locales le dedicar\u00edan indirectamente a la AFA<\/b>, cuyo Tribunal de Disciplina lanz\u00f3 la sanci\u00f3n provisoria sobre el delantero.<\/p>\n<p>Habr\u00eda un posterior <b>grito de los fan\u00e1ticos de Lan\u00fas dirigido al presidente de la AFA, Claudio \u201cChiqui\u201d Tapia<\/b>, que lleg\u00f3 luego del episodio que defini\u00f3 el partido: el pol\u00e9mico penal marcado por Andr\u00e9s Merlos a los 26 minutos -tras una supuesta infracci\u00f3n del arquero Lucas Losada sobre Gaspar Duarte- y <b>la expulsi\u00f3n del capit\u00e1n granate Carlos Izquierdoz<\/b>, quien vio la tarjeta roja en medio de las protestas. Di Mar\u00eda, como hace una semana en id\u00e9ntica escena, volvi\u00f3 a ser letal desde los doce pasos: el rosarino, quien luego declar\u00f3 que el penal hab\u00eda sido \u201cclar\u00edsimo\u201d, logr\u00f3 con Central su primera victoria en su regreso tras 18 a\u00f1os al f\u00fatbol argentino.<\/p>\n<div class=\"iframely-embed medium-embedded-content\" data-html=\"Jmx0O2Jsb2NrcXVvdGUgY2xhc3M9InR3aXR0ZXItdHdlZXQiIGRhdGEtZG50PSJ0cnVlIiBhbGlnbj0iY2VudGVyIiZndDsmbHQ7cCBsYW5nPSJlcyIgZGlyPSJsdHIiJmd0O0VSUk9SIFkgRVhQVUxTScOTTjogTG9zYWRhIHNhbGnDsyBsYXJnbywgc2UgbGxldsOzIHB1ZXN0byBhIER1YXJ0ZSwgY29icmFyb24gcGVuYWwgcGFyYSBSb3NhcmlvIENlbnRyYWwgZSBJenF1aWVyZG96IHNlIGdhbsOzIGxhIHJvamEgcG9yIHByb3Rlc3Rhci4mbHQ7YnImZ3Q7Jmx0O2JyJmd0O\/Cfk7ogRVNQTiBQcmVtaXVtIHwgU3VzY3JpYml0ZSBhbCBQYWNrIEbDunRib2wgZW4gJmx0O2EgaHJlZj0iaHR0cHM6Ly90LmNvLzdqWUlMWUFDWGkiJmd0O2h0dHBzOi8vdC5jby83allJTFlBQ1hpJmx0Oy9hJmd0OyAmbHQ7YSBocmVmPSJodHRwczovL3QuY28vWldrRHF3V2dQNiImZ3Q7cGljLnR3aXR0ZXIuY29tL1pXa0Rxd1dnUDYmbHQ7L2EmZ3Q7Jmx0Oy9wJmd0OyZhbXA7bWRhc2g7IFNwb3J0c0NlbnRlciAoQFNDX0VTUE4pICZsdDthIGhyZWY9Imh0dHBzOi8vdHdpdHRlci5jb20vU0NfRVNQTi9zdGF0dXMvMTk0NjY3ODI1NjQ1Njg0MzYzOT9yZWZfc3JjPXR3c3JjJTVFdGZ3IiZndDtKdWx5IDE5LCAyMDI1Jmx0Oy9hJmd0OyZsdDsvYmxvY2txdW90ZSZndDsKJmx0O3NjcmlwdCBhc3luYyBzcmM9Imh0dHBzOi8vcGxhdGZvcm0udHdpdHRlci5jb20vd2lkZ2V0cy5qcyIgY2hhcnNldD0idXRmLTgiJmd0OyZsdDsvc2NyaXB0Jmd0OwoKJmx0O2RpdiBjbGFzcz0ibWVkaXVtLWluc2VydC1lbWJlZHMtbWV0YSImZ3Q7Jmx0O3NjcmlwdCB0eXBlPSJ0ZXh0L2pzb24iJmd0O3sidXJsIjoiaHR0cHM6Ly90d2l0dGVyLmNvbS9TQ19FU1BOL3N0YXR1cy8xOTQ2Njc4MjU2NDU2ODQzNjM5IiwidHlwZSI6InJpY2giLCJ2ZXJzaW9uIjoiMS4wIiwidGl0bGUiOiJTcG9ydHNDZW50ZXIgb24gVHdpdHRlciAvIFgiLCJhdXRob3IiOiJTcG9ydHNDZW50ZXIiLCJhdXRob3JfdXJsIjoiaHR0cHM6Ly90d2l0dGVyLmNvbS9TQ19FU1BOIiwicHJvdmlkZXJfbmFtZSI6IlR3aXR0ZXIiLCJkZXNjcmlwdGlvbiI6IkVSUk9SIFkgRVhQVUxTScOTTjogTG9zYWRhIHNhbGnDsyBsYXJnbywgc2UgbGxldsOzIHB1ZXN0byBhIER1YXJ0ZSwgY29icmFyb24gcGVuYWwgcGFyYSBSb3NhcmlvIENlbnRyYWwgZSBJenF1aWVyZG96IHNlIGdhbsOzIGxhIHJvamEgcG9yIHByb3Rlc3Rhci7wn5O6IEVTUE4gUHJlbWl1bSB8IFN1c2NyaWJpdGUgYWwgUGFjayBGw7p0Ym9sIGVuIGh0dHBzOi8vdC5jby83allJTFlBQ1hpIHBpYy50d2l0dGVyLmNvbS9aV2tEcXdXZ1A24oCUIFNwb3J0c0NlbnRlciAoQFNDX0VTUE4pIEp1bHkgMTksIDIwMjVcblxuXG4iLCJ0aHVtYm5haWxfdXJsIjoiaHR0cHM6Ly9wYnMudHdpbWcuY29tL21lZGlhL0d3UDlpRm9XTUFBTzZ4Qi5qcGc6bGFyZ2UiLCJ0aHVtYm5haWxfd2lkdGgiOjEyODAsInRodW1ibmFpbF9oZWlnaHQiOjcyMCwiY2FjaGVfYWdlIjo4NjQwMCwib3B0aW9ucyI6eyJfaGlkZV9tZWRpYSI6eyJsYWJlbCI6IkhpZGUgcGhvdG9zLCB2aWRlb3MsIGFuZCBjYXJkcyIsInZhbHVlIjpmYWxzZX0sIl90aGVtZSI6eyJ2YWx1ZSI6IiIsInZhbHVlcyI6eyJkYXJrIjoiVXNlIGRhcmsgdGhlbWUifX0sIl9tYXh3aWR0aCI6eyJ2YWx1ZSI6IiIsImxhYmVsIjoiQWRqdXN0IHdpZHRoIiwicGxhY2Vob2xkZXIiOiIyMjAtNTUwLCBpbiBweCJ9fX0mbHQ7L3NjcmlwdCZndDsmbHQ7L2RpdiZndDs=\">\n                <a data-iframely-url=\"\" href=\"https:\/\/twitter.com\/SC_ESPN\/status\/1946678256456843639\">https:\/\/twitter.com\/SC_ESPN\/status\/1946678256456843639<\/a>\n              <\/div>\n<p>      <!-- Live Blog Post --><\/div>\n<p><script async src=\"\/\/platform.twitter.com\/widgets.js\" charset=\"utf-8\"><\/script><br \/><a href=\"https:\/\/www.pagina12.com.ar\/843271-liga-profesional-central-se-lo-gano-a-lanus-con-otro-penal-p\">source<\/a><\/p>\n","protected":false},"excerpt":{"rendered":"<p>Rosario Central volvi\u00f3 a celebrar un gol de \u00c1ngel Di Mar\u00eda en su segundo partido&#8230;<\/p>\n","protected":false},"author":3,"featured_media":22591,"comment_status":"closed","ping_status":"closed","sticky":false,"template":"","format":"standard","meta":{"footnotes":""},"categories":[21],"tags":[],"class_list":["post-22590","post","type-post","status-publish","format-standard","has-post-thumbnail","hentry","category-deportes"],"featured_image_urls":{"full":["https:\/\/fmamiga909.com.ar\/wp-content\/uploads\/2025\/07\/wp-header-logo-211.png",960,540,false],"thumbnail":["https:\/\/fmamiga909.com.ar\/wp-content\/uploads\/2025\/07\/wp-header-logo-211-150x150.png",150,150,true],"medium":["https:\/\/fmamiga909.com.ar\/wp-content\/uploads\/2025\/07\/wp-header-logo-211-300x169.png",300,169,true],"medium_large":["https:\/\/fmamiga909.com.ar\/wp-content\/uploads\/2025\/07\/wp-header-logo-211.png",960,540,false],"large":["https:\/\/fmamiga909.com.ar\/wp-content\/uploads\/2025\/07\/wp-header-logo-211.png",640,360,false],"1536x1536":["https:\/\/fmamiga909.com.ar\/wp-content\/uploads\/2025\/07\/wp-header-logo-211.png",960,540,false],"2048x2048":["https:\/\/fmamiga909.com.ar\/wp-content\/uploads\/2025\/07\/wp-header-logo-211.png",960,540,false],"newsium-slider-full":["https:\/\/fmamiga909.com.ar\/wp-content\/uploads\/2025\/07\/wp-header-logo-211.png",960,540,false],"newsium-featured":["https:\/\/fmamiga909.com.ar\/wp-content\/uploads\/2025\/07\/wp-header-logo-211.png",960,540,false],"newsium-medium":["https:\/\/fmamiga909.com.ar\/wp-content\/uploads\/2025\/07\/wp-header-logo-211-720x475.png",720,475,true]},"author_info":{"display_name":"Fredy Giuliano","author_link":"https:\/\/fmamiga909.com.ar\/?author=3"},"category_info":"<a href=\"https:\/\/fmamiga909.com.ar\/?cat=21\" rel=\"category\">Deportes<\/a>","tag_info":"Deportes","comment_count":"0","_links":{"self":[{"href":"https:\/\/fmamiga909.com.ar\/index.php?rest_route=\/wp\/v2\/posts\/22590","targetHints":{"allow":["GET"]}}],"collection":[{"href":"https:\/\/fmamiga909.com.ar\/index.php?rest_route=\/wp\/v2\/posts"}],"about":[{"href":"https:\/\/fmamiga909.com.ar\/index.php?rest_route=\/wp\/v2\/types\/post"}],"author":[{"embeddable":true,"href":"https:\/\/fmamiga909.com.ar\/index.php?rest_route=\/wp\/v2\/users\/3"}],"replies":[{"embeddable":true,"href":"https:\/\/fmamiga909.com.ar\/index.php?rest_route=%2Fwp%2Fv2%2Fcomments&post=22590"}],"version-history":[{"count":0,"href":"https:\/\/fmamiga909.com.ar\/index.php?rest_route=\/wp\/v2\/posts\/22590\/revisions"}],"wp:featuredmedia":[{"embeddable":true,"href":"https:\/\/fmamiga909.com.ar\/index.php?rest_route=\/wp\/v2\/media\/22591"}],"wp:attachment":[{"href":"https:\/\/fmamiga909.com.ar\/index.php?rest_route=%2Fwp%2Fv2%2Fmedia&parent=22590"}],"wp:term":[{"taxonomy":"category","embeddable":true,"href":"https:\/\/fmamiga909.com.ar\/index.php?rest_route=%2Fwp%2Fv2%2Fcategories&post=22590"},{"taxonomy":"post_tag","embeddable":true,"href":"https:\/\/fmamiga909.com.ar\/index.php?rest_route=%2Fwp%2Fv2%2Ftags&post=22590"}],"curies":[{"name":"wp","href":"https:\/\/api.w.org\/{rel}","templated":true}]}}