{"id":22630,"date":"2025-07-21T21:10:25","date_gmt":"2025-07-21T21:10:25","guid":{"rendered":"https:\/\/fmamiga909.com.ar\/?p=22630"},"modified":"2025-07-21T21:10:25","modified_gmt":"2025-07-21T21:10:25","slug":"keylor-navas-se-va-de-newells-tras-seis-meses-y-en-malos-terminos","status":"publish","type":"post","link":"https:\/\/fmamiga909.com.ar\/?p=22630","title":{"rendered":"Keylor Navas se va de Newell&#039;s tras seis meses y en malos t\u00e9rminos"},"content":{"rendered":"<div><!-- Body --><\/p>\n<p>Finalmente, <b>Keylor Navas deja Newell&#8217;s despu\u00e9s de seis meses y en malos t\u00e9rminos<\/b>: floja relaci\u00f3n con los dirigentes, ausencia en los primeros partidos del Clausura, insultos con los hinchas y una salida forzada.\u00a0<\/p>\n<p><b>El <\/b>arquero<b> costarricense seguir\u00e1 <\/b>su carrera<b> en Pumas de M\u00e9xico<\/b>, mientras que <b>desde Rosario quieren reeemplazarlo con Esteban Andrada, ex Boca<\/b>, y<b> tambi\u00e9n est\u00e1 la opci\u00f3n de<\/b> incorporar a <b>Sergio \u00abChiquito\u00bb Romero, a\u00fan en el <\/b>plantel <b>xeneize.<\/b><\/p>\n<p><b>Despu\u00e9s de haberse ausentado en el cruce ante Banfield<\/b>, ambos clubes aceleraron la negociaci\u00f3n para que se efect\u00fae lo m\u00e1s r\u00e1pido posible. <b>Navas viajar\u00e1 a M\u00e9xico en los primeros d\u00edas de la semana y dar\u00e1 por terminada su corta estad\u00eda en Argentina.<\/b><\/p>\n<p>A\u00fan no hay informaci\u00f3n sobre la cifra por la que cerraron su salida, pero\u00a0<b>el Rojinegro esperaba que los mexicanos mejoren la oferta de 1,3 mill\u00f3n de d\u00f3lares que se ofreci\u00f3 en principio<\/b> y se acerquen a los 3 millones. Adem\u00e1s, se suma el gesto del arquero de poner dinero para cumplir con su deseo de irse.<\/p>\n<p>Si bien todav\u00eda no se efectu\u00f3 su partida, <b>el conjunto que dirige Cristian \u00abOgro\u00bb Fabbiani ya est\u00e1 en campa\u00f1a para encontrar al due\u00f1o del arco <\/b>rosarino. <b>Con Williams Barlasina como arquero temporal,<\/b> Newell&#8217;s sac\u00f3 un triunfo y una derrota en lo que va del Clausura.\u00a0<\/p>\n<p><b>Andrada, actualmente en Rayados de M\u00e9xico<\/b> y donde <b>mantiene contrato hasta el 30 de junio de 2027<\/b>, es el mejor posicionado en la carpeta para hacerce cargo de los guantes rojinegros y sumar\u00eda su cuarto club en Argentina, despu\u00e9s de Arsenal, Lan\u00fas y Boca.<\/p>\n<p><!-- Live Blog Post --><\/div>\n<p><a href=\"https:\/\/www.pagina12.com.ar\/843655-keylor-navas-se-va-de-newells-tras-seis-meses-y-en-malos-ter\">source<\/a><\/p>\n","protected":false},"excerpt":{"rendered":"<p>Finalmente, Keylor Navas deja Newell&#8217;s despu\u00e9s de seis meses y en malos t\u00e9rminos: floja relaci\u00f3n&#8230;<\/p>\n","protected":false},"author":3,"featured_media":22631,"comment_status":"closed","ping_status":"closed","sticky":false,"template":"","format":"standard","meta":{"footnotes":""},"categories":[21],"tags":[],"class_list":["post-22630","post","type-post","status-publish","format-standard","has-post-thumbnail","hentry","category-deportes"],"featured_image_urls":{"full":["https:\/\/fmamiga909.com.ar\/wp-content\/uploads\/2025\/07\/wp-header-logo-231.png",960,540,false],"thumbnail":["https:\/\/fmamiga909.com.ar\/wp-content\/uploads\/2025\/07\/wp-header-logo-231-150x150.png",150,150,true],"medium":["https:\/\/fmamiga909.com.ar\/wp-content\/uploads\/2025\/07\/wp-header-logo-231-300x169.png",300,169,true],"medium_large":["https:\/\/fmamiga909.com.ar\/wp-content\/uploads\/2025\/07\/wp-header-logo-231.png",960,540,false],"large":["https:\/\/fmamiga909.com.ar\/wp-content\/uploads\/2025\/07\/wp-header-logo-231.png",640,360,false],"1536x1536":["https:\/\/fmamiga909.com.ar\/wp-content\/uploads\/2025\/07\/wp-header-logo-231.png",960,540,false],"2048x2048":["https:\/\/fmamiga909.com.ar\/wp-content\/uploads\/2025\/07\/wp-header-logo-231.png",960,540,false],"newsium-slider-full":["https:\/\/fmamiga909.com.ar\/wp-content\/uploads\/2025\/07\/wp-header-logo-231.png",960,540,false],"newsium-featured":["https:\/\/fmamiga909.com.ar\/wp-content\/uploads\/2025\/07\/wp-header-logo-231.png",960,540,false],"newsium-medium":["https:\/\/fmamiga909.com.ar\/wp-content\/uploads\/2025\/07\/wp-header-logo-231-720x475.png",720,475,true]},"author_info":{"display_name":"Fredy Giuliano","author_link":"https:\/\/fmamiga909.com.ar\/?author=3"},"category_info":"<a href=\"https:\/\/fmamiga909.com.ar\/?cat=21\" rel=\"category\">Deportes<\/a>","tag_info":"Deportes","comment_count":"0","_links":{"self":[{"href":"https:\/\/fmamiga909.com.ar\/index.php?rest_route=\/wp\/v2\/posts\/22630","targetHints":{"allow":["GET"]}}],"collection":[{"href":"https:\/\/fmamiga909.com.ar\/index.php?rest_route=\/wp\/v2\/posts"}],"about":[{"href":"https:\/\/fmamiga909.com.ar\/index.php?rest_route=\/wp\/v2\/types\/post"}],"author":[{"embeddable":true,"href":"https:\/\/fmamiga909.com.ar\/index.php?rest_route=\/wp\/v2\/users\/3"}],"replies":[{"embeddable":true,"href":"https:\/\/fmamiga909.com.ar\/index.php?rest_route=%2Fwp%2Fv2%2Fcomments&post=22630"}],"version-history":[{"count":0,"href":"https:\/\/fmamiga909.com.ar\/index.php?rest_route=\/wp\/v2\/posts\/22630\/revisions"}],"wp:featuredmedia":[{"embeddable":true,"href":"https:\/\/fmamiga909.com.ar\/index.php?rest_route=\/wp\/v2\/media\/22631"}],"wp:attachment":[{"href":"https:\/\/fmamiga909.com.ar\/index.php?rest_route=%2Fwp%2Fv2%2Fmedia&parent=22630"}],"wp:term":[{"taxonomy":"category","embeddable":true,"href":"https:\/\/fmamiga909.com.ar\/index.php?rest_route=%2Fwp%2Fv2%2Fcategories&post=22630"},{"taxonomy":"post_tag","embeddable":true,"href":"https:\/\/fmamiga909.com.ar\/index.php?rest_route=%2Fwp%2Fv2%2Ftags&post=22630"}],"curies":[{"name":"wp","href":"https:\/\/api.w.org\/{rel}","templated":true}]}}