{"id":22632,"date":"2025-07-21T22:36:02","date_gmt":"2025-07-21T22:36:02","guid":{"rendered":"https:\/\/fmamiga909.com.ar\/?p=22632"},"modified":"2025-07-21T22:36:02","modified_gmt":"2025-07-21T22:36:02","slug":"independiente-mientras-vaccari-se-queja-suena-marcos-rojo","status":"publish","type":"post","link":"https:\/\/fmamiga909.com.ar\/?p=22632","title":{"rendered":"Independiente: mientras Vaccari  se queja, suena Marcos Rojo"},"content":{"rendered":"<div><!-- Body --><\/p>\n<p><b>Independiente <\/b>perdi\u00f3 2-1 ante Talleres en Avellaneda y el DT <b>Julio Vaccari <\/b>se sac\u00f3 la bronca en la conferencia de prensa posterior, donde<b> le apunt\u00f3 a la dirigencia<\/b> comandada por N\u00e9stor Grindetti por la falta de refuerzos.<\/p>\n<p><b>\u00abCon el mercado de pases ni idea, desconozco. Tendr\u00edas que preguntarle a los dirigentes<\/b> qu\u00e9 es lo que saben y qu\u00e9 es lo que te pueden aportar ellos\u00bb, le respondi\u00f3 a un periodista, no dejando lugar a dudas en cuanto a su enojo.<\/p>\n<p>Y continu\u00f3, esta vez destacando el poder\u00edo de otro club por sobre el Rojo, con mucho de iron\u00eda:\u00a0<b>\u00ab\u00bfSab\u00e9s el jugador que me encanta a m\u00ed para traer? (Juan Carlos) Portillo. Dije &#8216;es este porque juega de cinco, de dos, de cuatro, de seis, de tres, lo ponemos en todos lados&#8217;. Pero no, va a River. <\/b>Por eso es candidato River&#8230; Me gusta el wing de Colo-Colo (Lucas Cepeda), &#8216;es este&#8217;, digo. Va a River\u00bb.<\/p>\n<p>Ojo, en lo que va del receso Independiente hizo algo de ruido con sus refuerzos, sobre todo en la faceta ofensiva con Walter <b>Mazzantti <\/b>(desde Hurac\u00e1n; son\u00f3 para Boca) e Ignacio <b>Pussetto <\/b>(desde Pumas de M\u00e9xico). Adem\u00e1s, llegaron el lateral derecho Leandro <b>Godoy <\/b>(desde Paranaense de Brasil), el izquierdo Milton <b>Valenzuela <\/b>(desde Lugano de Suiza) y el arquero Lucas <b>Lavagnino <\/b>(a pr\u00e9stamo desde la Reserva de River).<\/p>\n<p>Pero el flojo arranque en el Clausura (2-2 con Sarmiento en Jun\u00edn en el debut), expuso las inquietudes del entrenador, que el <b>13 de agosto afrontar\u00e1 el inicio de los octavos de final de Sudamericana <\/b>contra el ganador de Universidad de Chile y Guaran\u00ed (5-0 en la ida).<\/p>\n<p>Mientras tanto, <b>el que son\u00f3 este lunes para mudarse a Avellaneda es Marcos Rojo<\/b>, sin lugar en Boca y, aparentemente, tampoco en Estudiantes. Diego Colotto, otro exPincha, ahora m\u00e1nager de Independiente, se contact\u00f3 con el jugador para saber c\u00f3mo es su situaci\u00f3n y si est\u00e1 dispuesto a vestirse con el color de su apellido, justamente. <b>De todos modos, no ser\u00eda un pedido expreso de Vaccari.<\/b><\/p>\n<p><!-- Live Blog Post --><\/div>\n<p><a href=\"https:\/\/www.pagina12.com.ar\/843666-independiente-mientras-vaccari-se-queja-suena-marcos-rojo\">source<\/a><\/p>\n","protected":false},"excerpt":{"rendered":"<p>Independiente perdi\u00f3 2-1 ante Talleres en Avellaneda y el DT Julio Vaccari se sac\u00f3 la&#8230;<\/p>\n","protected":false},"author":3,"featured_media":22633,"comment_status":"closed","ping_status":"closed","sticky":false,"template":"","format":"standard","meta":{"footnotes":""},"categories":[21],"tags":[],"class_list":["post-22632","post","type-post","status-publish","format-standard","has-post-thumbnail","hentry","category-deportes"],"featured_image_urls":{"full":["https:\/\/fmamiga909.com.ar\/wp-content\/uploads\/2025\/07\/wp-header-logo-232.png",960,540,false],"thumbnail":["https:\/\/fmamiga909.com.ar\/wp-content\/uploads\/2025\/07\/wp-header-logo-232-150x150.png",150,150,true],"medium":["https:\/\/fmamiga909.com.ar\/wp-content\/uploads\/2025\/07\/wp-header-logo-232-300x169.png",300,169,true],"medium_large":["https:\/\/fmamiga909.com.ar\/wp-content\/uploads\/2025\/07\/wp-header-logo-232.png",960,540,false],"large":["https:\/\/fmamiga909.com.ar\/wp-content\/uploads\/2025\/07\/wp-header-logo-232.png",640,360,false],"1536x1536":["https:\/\/fmamiga909.com.ar\/wp-content\/uploads\/2025\/07\/wp-header-logo-232.png",960,540,false],"2048x2048":["https:\/\/fmamiga909.com.ar\/wp-content\/uploads\/2025\/07\/wp-header-logo-232.png",960,540,false],"newsium-slider-full":["https:\/\/fmamiga909.com.ar\/wp-content\/uploads\/2025\/07\/wp-header-logo-232.png",960,540,false],"newsium-featured":["https:\/\/fmamiga909.com.ar\/wp-content\/uploads\/2025\/07\/wp-header-logo-232.png",960,540,false],"newsium-medium":["https:\/\/fmamiga909.com.ar\/wp-content\/uploads\/2025\/07\/wp-header-logo-232-720x475.png",720,475,true]},"author_info":{"display_name":"Fredy Giuliano","author_link":"https:\/\/fmamiga909.com.ar\/?author=3"},"category_info":"<a href=\"https:\/\/fmamiga909.com.ar\/?cat=21\" rel=\"category\">Deportes<\/a>","tag_info":"Deportes","comment_count":"0","_links":{"self":[{"href":"https:\/\/fmamiga909.com.ar\/index.php?rest_route=\/wp\/v2\/posts\/22632","targetHints":{"allow":["GET"]}}],"collection":[{"href":"https:\/\/fmamiga909.com.ar\/index.php?rest_route=\/wp\/v2\/posts"}],"about":[{"href":"https:\/\/fmamiga909.com.ar\/index.php?rest_route=\/wp\/v2\/types\/post"}],"author":[{"embeddable":true,"href":"https:\/\/fmamiga909.com.ar\/index.php?rest_route=\/wp\/v2\/users\/3"}],"replies":[{"embeddable":true,"href":"https:\/\/fmamiga909.com.ar\/index.php?rest_route=%2Fwp%2Fv2%2Fcomments&post=22632"}],"version-history":[{"count":0,"href":"https:\/\/fmamiga909.com.ar\/index.php?rest_route=\/wp\/v2\/posts\/22632\/revisions"}],"wp:featuredmedia":[{"embeddable":true,"href":"https:\/\/fmamiga909.com.ar\/index.php?rest_route=\/wp\/v2\/media\/22633"}],"wp:attachment":[{"href":"https:\/\/fmamiga909.com.ar\/index.php?rest_route=%2Fwp%2Fv2%2Fmedia&parent=22632"}],"wp:term":[{"taxonomy":"category","embeddable":true,"href":"https:\/\/fmamiga909.com.ar\/index.php?rest_route=%2Fwp%2Fv2%2Fcategories&post=22632"},{"taxonomy":"post_tag","embeddable":true,"href":"https:\/\/fmamiga909.com.ar\/index.php?rest_route=%2Fwp%2Fv2%2Ftags&post=22632"}],"curies":[{"name":"wp","href":"https:\/\/api.w.org\/{rel}","templated":true}]}}