{"id":22636,"date":"2025-07-21T23:09:04","date_gmt":"2025-07-21T23:09:04","guid":{"rendered":"https:\/\/fmamiga909.com.ar\/?p=22636"},"modified":"2025-07-21T23:09:04","modified_gmt":"2025-07-21T23:09:04","slug":"copa-sudamericana-central-cordoba-se-juega-todo-en-uruguay","status":"publish","type":"post","link":"https:\/\/fmamiga909.com.ar\/?p=22636","title":{"rendered":"Copa Sudamericana: Central C\u00f3rdoba se juega todo en Uruguay"},"content":{"rendered":"<div><!-- Body --><\/p>\n<p><b>Central C\u00f3rdoba<\/b> se jugar\u00e1 buena parte de su segundo semestre este martes cuando <b>visite a Cerro Largo en Uruguay por el choque de vuelta del repechaje de la Copa Sudamericana<\/b>. La cosa arrancar\u00e1 a las 19 en el estadio Campe\u00f3n del Siglo en Montevideo, con arbitraje del brasile\u00f1o\u00a0Anderson Daronco y televisaci\u00f3n de <b>DSports<\/b>. En caso de empate, pasar\u00e1n directamente a los penales.<\/p>\n<p><b>El 0 a 0 de la ida en Santiago del Estero dej\u00f3 m\u00e1s conformes a los uruguayos,<\/b> que van de punto en la serie luego de clasificarse como el peor segundo de la ronda de grupos de la Sudamericana. Por el contrario, el Ferroviario qued\u00f3 afuera de la Libertadores de manera ins\u00f3lita y, en consecuencia, lleg\u00f3 a la Copa como el mejor tercero.<\/p>\n<p>De todos modos, <b>el equipo de Omar De Felippe no viene teniendo un gran inicio de semestre<\/b>. Luego de un mercado de pases silencioso, sum\u00f3 tres empates en tres presentaciones: el mencionado ante los uruguayos y dos por el Torneo Clausura, 0-0 con Aldosivi y 1-1 con Atl\u00e9tico Tucum\u00e1n, ambos como visitante.<\/p>\n<p>As\u00ed las cosas,<b> Central C\u00f3rdoba formar\u00eda con<\/b>: Alan Aguerre; Santiago Moyano, Yuri Casermeiro, Jonathan Galv\u00e1n, Leonardo Marchi; Mat\u00edas Perell\u00f3, Iv\u00e1n G\u00f3mez, Jos\u00e9 Florent\u00edn, Gast\u00f3n Ver\u00f3n, Franco Alfonso; y Favio Cabral.<\/p>\n<p>De su lado, Cerro Largo tiene la cabeza completamente puesta en el certamen continental ya que <b>el campeonato uruguayo todav\u00eda no arranc\u00f3<\/b>.<\/p>\n<p>El ganador de este repechaje avanzar\u00e1 a <b>octavos de final, donde espera Lan\u00fas<\/b>.<\/p>\n<p><!-- Live Blog Post --><\/div>\n<p><a href=\"https:\/\/www.pagina12.com.ar\/843675-copa-sudamericana-central-cordoba-se-juega-todo-en-uruguay\">source<\/a><\/p>\n","protected":false},"excerpt":{"rendered":"<p>Central C\u00f3rdoba se jugar\u00e1 buena parte de su segundo semestre este martes cuando visite a&#8230;<\/p>\n","protected":false},"author":3,"featured_media":22637,"comment_status":"closed","ping_status":"closed","sticky":false,"template":"","format":"standard","meta":{"footnotes":""},"categories":[21],"tags":[],"class_list":["post-22636","post","type-post","status-publish","format-standard","has-post-thumbnail","hentry","category-deportes"],"featured_image_urls":{"full":["https:\/\/fmamiga909.com.ar\/wp-content\/uploads\/2025\/07\/wp-header-logo-234.png",960,540,false],"thumbnail":["https:\/\/fmamiga909.com.ar\/wp-content\/uploads\/2025\/07\/wp-header-logo-234-150x150.png",150,150,true],"medium":["https:\/\/fmamiga909.com.ar\/wp-content\/uploads\/2025\/07\/wp-header-logo-234-300x169.png",300,169,true],"medium_large":["https:\/\/fmamiga909.com.ar\/wp-content\/uploads\/2025\/07\/wp-header-logo-234.png",960,540,false],"large":["https:\/\/fmamiga909.com.ar\/wp-content\/uploads\/2025\/07\/wp-header-logo-234.png",640,360,false],"1536x1536":["https:\/\/fmamiga909.com.ar\/wp-content\/uploads\/2025\/07\/wp-header-logo-234.png",960,540,false],"2048x2048":["https:\/\/fmamiga909.com.ar\/wp-content\/uploads\/2025\/07\/wp-header-logo-234.png",960,540,false],"newsium-slider-full":["https:\/\/fmamiga909.com.ar\/wp-content\/uploads\/2025\/07\/wp-header-logo-234.png",960,540,false],"newsium-featured":["https:\/\/fmamiga909.com.ar\/wp-content\/uploads\/2025\/07\/wp-header-logo-234.png",960,540,false],"newsium-medium":["https:\/\/fmamiga909.com.ar\/wp-content\/uploads\/2025\/07\/wp-header-logo-234-720x475.png",720,475,true]},"author_info":{"display_name":"Fredy Giuliano","author_link":"https:\/\/fmamiga909.com.ar\/?author=3"},"category_info":"<a href=\"https:\/\/fmamiga909.com.ar\/?cat=21\" rel=\"category\">Deportes<\/a>","tag_info":"Deportes","comment_count":"0","_links":{"self":[{"href":"https:\/\/fmamiga909.com.ar\/index.php?rest_route=\/wp\/v2\/posts\/22636","targetHints":{"allow":["GET"]}}],"collection":[{"href":"https:\/\/fmamiga909.com.ar\/index.php?rest_route=\/wp\/v2\/posts"}],"about":[{"href":"https:\/\/fmamiga909.com.ar\/index.php?rest_route=\/wp\/v2\/types\/post"}],"author":[{"embeddable":true,"href":"https:\/\/fmamiga909.com.ar\/index.php?rest_route=\/wp\/v2\/users\/3"}],"replies":[{"embeddable":true,"href":"https:\/\/fmamiga909.com.ar\/index.php?rest_route=%2Fwp%2Fv2%2Fcomments&post=22636"}],"version-history":[{"count":0,"href":"https:\/\/fmamiga909.com.ar\/index.php?rest_route=\/wp\/v2\/posts\/22636\/revisions"}],"wp:featuredmedia":[{"embeddable":true,"href":"https:\/\/fmamiga909.com.ar\/index.php?rest_route=\/wp\/v2\/media\/22637"}],"wp:attachment":[{"href":"https:\/\/fmamiga909.com.ar\/index.php?rest_route=%2Fwp%2Fv2%2Fmedia&parent=22636"}],"wp:term":[{"taxonomy":"category","embeddable":true,"href":"https:\/\/fmamiga909.com.ar\/index.php?rest_route=%2Fwp%2Fv2%2Fcategories&post=22636"},{"taxonomy":"post_tag","embeddable":true,"href":"https:\/\/fmamiga909.com.ar\/index.php?rest_route=%2Fwp%2Fv2%2Ftags&post=22636"}],"curies":[{"name":"wp","href":"https:\/\/api.w.org\/{rel}","templated":true}]}}