{"id":22664,"date":"2025-07-22T21:10:40","date_gmt":"2025-07-22T21:10:40","guid":{"rendered":"https:\/\/fmamiga909.com.ar\/?p=22664"},"modified":"2025-07-22T21:10:40","modified_gmt":"2025-07-22T21:10:40","slug":"la-sub-17-debuto-con-triunfo-en-lalcudia","status":"publish","type":"post","link":"https:\/\/fmamiga909.com.ar\/?p=22664","title":{"rendered":"La Sub 17 debut\u00f3 con triunfo en L&#039;Alcudia"},"content":{"rendered":"<div><!-- Body --><\/p>\n<p><b>La Selecci\u00f3n Argentina Sub 17 debut\u00f3 con triunfo en el Torneo de L&#8217;Alcudia<\/b>, donde juegan todos equipos Sub 20, y volver\u00e1 a presentarse este mi\u00e9rcoles contra el Valencia desde las 17:45.<\/p>\n<p><b>Diego Placente<\/b> opt\u00f3 por llevar a todos menores de edad al cl\u00e1sico certamen (esta es su 41\u00ba edici\u00f3n) que se juega en la ciudad de Valencia, Espa\u00f1a, y por ahora le viene saliendo bien.<\/p>\n<p>En su presentaci\u00f3n super\u00f3 por<b> 2 a 0 a Chile con goles del nueve Thomas De Mart\u00eds (Lan\u00fas), de penal, y el extremo Tom\u00e1s Parmo (Independiente)<\/b>. Adem\u00e1s, Can Armando G\u00fcner, atacante alem\u00e1n del Borussia M\u00f6nchengladbach cuyo abuelo naci\u00f3 en Argentina, tuvo su estreno con la camiseta albiceleste.<\/p>\n<p><iframe style=\"border: 0px; position: absolute; top: 0px; left: 0px; height: 100%;\" allowfullscreen=\"\" frameborder=\"0\" src=\"https:\/\/www.youtube.com\/embed\/7dFXb8Kabfk\"><\/iframe><\/p>\n<p>Vale recordar que el DT opt\u00f3 por llevar a los Sub 17 ya que a fin de a\u00f1o se realizar\u00e1 el Mundial de la categor\u00eda, en Chile. En L&#8217;Alcudia, Argentina integra el Grupo B junto a ADH Brasil, Chile y Valencia.<b> Luego de enfrentar al equipo local este mi\u00e9rcoles, cerrar\u00e1 la fase de grupos el viernes ante ADH Brasil, desde las 15:30<\/b>.<\/p>\n<p>El combinado nacional es el actual subcampe\u00f3n y, a su vez, el tercer m\u00e1ximo ganador con los t\u00edtulos obtenidos en 2012, 2018 y 2022. <b>El formato consta de fase de grupos, semifinales (clasifican los dos mejores de cada zona) y final<\/b>. Adem\u00e1s, los eliminados en primera fase juegan entre s\u00ed para definir del 5\u00ba al 8\u00ba lugar.<\/p>\n<p><!-- Live Blog Post --><\/div>\n<p><a href=\"https:\/\/www.pagina12.com.ar\/843892-la-sub-17-debuto-con-triunfo-en-lalcudia\">source<\/a><\/p>\n","protected":false},"excerpt":{"rendered":"<p>La Selecci\u00f3n Argentina Sub 17 debut\u00f3 con triunfo en el Torneo de L&#8217;Alcudia, donde juegan&#8230;<\/p>\n","protected":false},"author":3,"featured_media":22665,"comment_status":"closed","ping_status":"closed","sticky":false,"template":"","format":"standard","meta":{"footnotes":""},"categories":[21],"tags":[],"class_list":["post-22664","post","type-post","status-publish","format-standard","has-post-thumbnail","hentry","category-deportes"],"featured_image_urls":{"full":["https:\/\/fmamiga909.com.ar\/wp-content\/uploads\/2025\/07\/wp-header-logo-245.png",960,540,false],"thumbnail":["https:\/\/fmamiga909.com.ar\/wp-content\/uploads\/2025\/07\/wp-header-logo-245-150x150.png",150,150,true],"medium":["https:\/\/fmamiga909.com.ar\/wp-content\/uploads\/2025\/07\/wp-header-logo-245-300x169.png",300,169,true],"medium_large":["https:\/\/fmamiga909.com.ar\/wp-content\/uploads\/2025\/07\/wp-header-logo-245.png",960,540,false],"large":["https:\/\/fmamiga909.com.ar\/wp-content\/uploads\/2025\/07\/wp-header-logo-245.png",640,360,false],"1536x1536":["https:\/\/fmamiga909.com.ar\/wp-content\/uploads\/2025\/07\/wp-header-logo-245.png",960,540,false],"2048x2048":["https:\/\/fmamiga909.com.ar\/wp-content\/uploads\/2025\/07\/wp-header-logo-245.png",960,540,false],"newsium-slider-full":["https:\/\/fmamiga909.com.ar\/wp-content\/uploads\/2025\/07\/wp-header-logo-245.png",960,540,false],"newsium-featured":["https:\/\/fmamiga909.com.ar\/wp-content\/uploads\/2025\/07\/wp-header-logo-245.png",960,540,false],"newsium-medium":["https:\/\/fmamiga909.com.ar\/wp-content\/uploads\/2025\/07\/wp-header-logo-245-720x475.png",720,475,true]},"author_info":{"display_name":"Fredy Giuliano","author_link":"https:\/\/fmamiga909.com.ar\/?author=3"},"category_info":"<a href=\"https:\/\/fmamiga909.com.ar\/?cat=21\" rel=\"category\">Deportes<\/a>","tag_info":"Deportes","comment_count":"0","_links":{"self":[{"href":"https:\/\/fmamiga909.com.ar\/index.php?rest_route=\/wp\/v2\/posts\/22664","targetHints":{"allow":["GET"]}}],"collection":[{"href":"https:\/\/fmamiga909.com.ar\/index.php?rest_route=\/wp\/v2\/posts"}],"about":[{"href":"https:\/\/fmamiga909.com.ar\/index.php?rest_route=\/wp\/v2\/types\/post"}],"author":[{"embeddable":true,"href":"https:\/\/fmamiga909.com.ar\/index.php?rest_route=\/wp\/v2\/users\/3"}],"replies":[{"embeddable":true,"href":"https:\/\/fmamiga909.com.ar\/index.php?rest_route=%2Fwp%2Fv2%2Fcomments&post=22664"}],"version-history":[{"count":0,"href":"https:\/\/fmamiga909.com.ar\/index.php?rest_route=\/wp\/v2\/posts\/22664\/revisions"}],"wp:featuredmedia":[{"embeddable":true,"href":"https:\/\/fmamiga909.com.ar\/index.php?rest_route=\/wp\/v2\/media\/22665"}],"wp:attachment":[{"href":"https:\/\/fmamiga909.com.ar\/index.php?rest_route=%2Fwp%2Fv2%2Fmedia&parent=22664"}],"wp:term":[{"taxonomy":"category","embeddable":true,"href":"https:\/\/fmamiga909.com.ar\/index.php?rest_route=%2Fwp%2Fv2%2Fcategories&post=22664"},{"taxonomy":"post_tag","embeddable":true,"href":"https:\/\/fmamiga909.com.ar\/index.php?rest_route=%2Fwp%2Fv2%2Ftags&post=22664"}],"curies":[{"name":"wp","href":"https:\/\/api.w.org\/{rel}","templated":true}]}}