{"id":22670,"date":"2025-07-23T00:12:32","date_gmt":"2025-07-23T00:12:32","guid":{"rendered":"https:\/\/fmamiga909.com.ar\/?p=22670"},"modified":"2025-07-23T00:12:32","modified_gmt":"2025-07-23T00:12:32","slug":"manchester-united-margino-a-alejandro-garnacho-de-la-pretemporada","status":"publish","type":"post","link":"https:\/\/fmamiga909.com.ar\/?p=22670","title":{"rendered":"Manchester United margin\u00f3 a Alejandro Garnacho de la pretemporada"},"content":{"rendered":"<div><!-- Body --><\/p>\n<p>Manchester United oficializ\u00f3 la n\u00f3mina de jugadores que formar\u00e1n parte de la pretemporada en Estados Unidos de cara al ciclo 2025-26 con varias novedades destacadas, entre las que destacan la recuperaci\u00f3n de Lisandro Mart\u00ednez y la incorporaci\u00f3n de Bryan Mbeumo y Matheus Cunha, pero el dato m\u00e1s relevante fue la ausencia de Alejandro Garnacho, quien no figura entre los convocados.<\/p>\n<p>Pese a sus cifras positivas en la temporada pasada (10 goles y 11 asistencias en 58 encuentros oficiales), el atacante fue marginado por el entrenador Ruben Amorim, con quien sostuvo una relaci\u00f3n conflictiva.<\/p>\n<p>El propio Amorim lo dej\u00f3 fuera de varios partidos alegando \u00abmal comportamiento\u00bb, una situaci\u00f3n que se agrav\u00f3 en la final de la Europa League ante Tottenham.<\/p>\n<p>All\u00ed, Garnacho ingres\u00f3 desde el banco y cuestion\u00f3 p\u00fablicamente su escasa participaci\u00f3n: \u00abHasta la final, he jugado todas las rondas. Hoy jugar 20 minutos\u2026 no s\u00e9\u00bb, expres\u00f3. Amorim, por su parte, respondi\u00f3 con una cr\u00edtica t\u00e9cnica: \u00ab\u00bfQui\u00e9n fall\u00f3 una clara oportunidad en el primer tiempo de las semifinales? Garnacho. El f\u00fatbol es as\u00ed\u00bb.<\/p>\n<p>En este contexto, el futuro del delantero parece alejarse de Old Trafford, ya que fuentes cercanas al club se\u00f1alan que la dirigencia estar\u00eda dispuesta a negociar su salida, en l\u00ednea con una reestructuraci\u00f3n del plantel.<\/p>\n<p>Diversos equipos manifestaron inter\u00e9s: en la Premier League, Aston Villa, Chelsea y Tottenham siguen de cerca su situaci\u00f3n, y se especula que los Blues mantuvieron conversaciones con Garnacho en enero.<\/p>\n<p>Asimismo, Atl\u00e9tico Madrid aparece como un posible destino, teniendo en cuenta su v\u00ednculo formativo con el club y la reciente llegada de Thiago Almada. Napoli tambi\u00e9n figura como interesado y hasta ahora fue el \u00fanico en presentar una oferta formal, aunque no prosper\u00f3 por discrepancias econ\u00f3micas.<\/p>\n<p><!-- Live Blog Post --><\/div>\n<p><a href=\"https:\/\/www.pagina12.com.ar\/843980-manchester-united-margino-a-alejandro-garnacho-de-la-pretemp\">source<\/a><\/p>\n","protected":false},"excerpt":{"rendered":"<p>Manchester United oficializ\u00f3 la n\u00f3mina de jugadores que formar\u00e1n parte de la pretemporada en Estados&#8230;<\/p>\n","protected":false},"author":3,"featured_media":22671,"comment_status":"closed","ping_status":"closed","sticky":false,"template":"","format":"standard","meta":{"footnotes":""},"categories":[21],"tags":[],"class_list":["post-22670","post","type-post","status-publish","format-standard","has-post-thumbnail","hentry","category-deportes"],"featured_image_urls":{"full":["https:\/\/fmamiga909.com.ar\/wp-content\/uploads\/2025\/07\/wp-header-logo-248.png",960,540,false],"thumbnail":["https:\/\/fmamiga909.com.ar\/wp-content\/uploads\/2025\/07\/wp-header-logo-248-150x150.png",150,150,true],"medium":["https:\/\/fmamiga909.com.ar\/wp-content\/uploads\/2025\/07\/wp-header-logo-248-300x169.png",300,169,true],"medium_large":["https:\/\/fmamiga909.com.ar\/wp-content\/uploads\/2025\/07\/wp-header-logo-248.png",960,540,false],"large":["https:\/\/fmamiga909.com.ar\/wp-content\/uploads\/2025\/07\/wp-header-logo-248.png",640,360,false],"1536x1536":["https:\/\/fmamiga909.com.ar\/wp-content\/uploads\/2025\/07\/wp-header-logo-248.png",960,540,false],"2048x2048":["https:\/\/fmamiga909.com.ar\/wp-content\/uploads\/2025\/07\/wp-header-logo-248.png",960,540,false],"newsium-slider-full":["https:\/\/fmamiga909.com.ar\/wp-content\/uploads\/2025\/07\/wp-header-logo-248.png",960,540,false],"newsium-featured":["https:\/\/fmamiga909.com.ar\/wp-content\/uploads\/2025\/07\/wp-header-logo-248.png",960,540,false],"newsium-medium":["https:\/\/fmamiga909.com.ar\/wp-content\/uploads\/2025\/07\/wp-header-logo-248-720x475.png",720,475,true]},"author_info":{"display_name":"Fredy Giuliano","author_link":"https:\/\/fmamiga909.com.ar\/?author=3"},"category_info":"<a href=\"https:\/\/fmamiga909.com.ar\/?cat=21\" rel=\"category\">Deportes<\/a>","tag_info":"Deportes","comment_count":"0","_links":{"self":[{"href":"https:\/\/fmamiga909.com.ar\/index.php?rest_route=\/wp\/v2\/posts\/22670","targetHints":{"allow":["GET"]}}],"collection":[{"href":"https:\/\/fmamiga909.com.ar\/index.php?rest_route=\/wp\/v2\/posts"}],"about":[{"href":"https:\/\/fmamiga909.com.ar\/index.php?rest_route=\/wp\/v2\/types\/post"}],"author":[{"embeddable":true,"href":"https:\/\/fmamiga909.com.ar\/index.php?rest_route=\/wp\/v2\/users\/3"}],"replies":[{"embeddable":true,"href":"https:\/\/fmamiga909.com.ar\/index.php?rest_route=%2Fwp%2Fv2%2Fcomments&post=22670"}],"version-history":[{"count":0,"href":"https:\/\/fmamiga909.com.ar\/index.php?rest_route=\/wp\/v2\/posts\/22670\/revisions"}],"wp:featuredmedia":[{"embeddable":true,"href":"https:\/\/fmamiga909.com.ar\/index.php?rest_route=\/wp\/v2\/media\/22671"}],"wp:attachment":[{"href":"https:\/\/fmamiga909.com.ar\/index.php?rest_route=%2Fwp%2Fv2%2Fmedia&parent=22670"}],"wp:term":[{"taxonomy":"category","embeddable":true,"href":"https:\/\/fmamiga909.com.ar\/index.php?rest_route=%2Fwp%2Fv2%2Fcategories&post=22670"},{"taxonomy":"post_tag","embeddable":true,"href":"https:\/\/fmamiga909.com.ar\/index.php?rest_route=%2Fwp%2Fv2%2Ftags&post=22670"}],"curies":[{"name":"wp","href":"https:\/\/api.w.org\/{rel}","templated":true}]}}