{"id":22706,"date":"2025-07-24T14:41:46","date_gmt":"2025-07-24T14:41:46","guid":{"rendered":"https:\/\/fmamiga909.com.ar\/?p=22706"},"modified":"2025-07-24T14:41:46","modified_gmt":"2025-07-24T14:41:46","slug":"franco-colapinto-y-una-unica-chance-para-poner-a-punto-su-alpine-en-gran-premio-de-formula-1-de-belgica","status":"publish","type":"post","link":"https:\/\/fmamiga909.com.ar\/?p=22706","title":{"rendered":"Franco Colapinto y una \u00fanica chance para poner a punto su Alpine en Gran Premio de F\u00f3rmula 1 de B\u00e9lgica"},"content":{"rendered":"<div><!-- Body --><\/p>\n<p><b>Franco Colapinto<\/b> comenzar\u00e1 este viernes su participaci\u00f3n en el <b><a href=\"https:\/\/www.pagina12.com.ar\/843821-franco-colapinto-vuelve-a-correr-con-alpine-horarios-del-gp-\">Gran Premio de B\u00e9lgica de F\u00f3rmula1<\/a><\/b>, correspondiente a la decimotercera fecha del Campeonato de la m\u00e1xima categor\u00eda del automovilismo mundial. La actividad en pista comenzar\u00e1 a las 7:30 de la ma\u00f1ana de Argentina con la <b>\u00fanica pr\u00e1ctica libre de este fin de semana<\/b>, en el que habr\u00e1 carrera sprint.<\/p>\n<h3\/>\n<p>El joven piloto de Alpine tendr\u00e1 que realizar todos los ajustes necesarios en la configuraci\u00f3n de su monoplaza durante esa sesi\u00f3n de entrenamientos. A diferencia de otros grandes premios una vez finalizada esa sesi\u00f3n de ensayos no habr\u00e1 otra. La siguiente salida de los autos a pista ser\u00e1 <b>a las 11:30<\/b> para la <b>clasificaci\u00f3n de la carrera sprint que se disputar\u00e1 el s\u00e1bado<\/b>.<\/p>\n<p>Este Gran Premio se presenta como una buena oportunidad para Colapinto, quien realmente est\u00e1 padeciendo este a\u00f1o en la F\u00f3rmula 1. Es que <b>luego de seis carreras disputadas, en ninguna pudo mejorar del decimotercer puesto<\/b>. Adem\u00e1s, en el \u00faltimo GP, que fue el de Gran Breta\u00f1a, choc\u00f3 en la clasificaci\u00f3n y su Alpine fall\u00f3 el domingo, por lo que no pudo comenzar la carrera. Tanto el GP de B\u00e9lgica como el de Hungr\u00eda, que llevar\u00e1 a cabo el pr\u00f3ximo fin de semana, ser\u00e1n claves para el futuro del argentino en la categor\u00eda.<\/p>\n<h2>Las declaraciones de Colapinto\u00a0<\/h2>\n<p>\u201cEstamos trabajando en solucionar el problema con la caja. Todo tiene soluci\u00f3n\u201d, declar\u00f3 Colapinto en la previa del GP en Spa-Francorchamps, donde un factor clave ser\u00e1 el motor de su monoplaza. En el emblem\u00e1tico circuito de las Ardenas hay muchas rectas largas y la falta de potencia puede jugarle muy en contra al argentino. <\/p>\n<p>La lluvia, algo que suele ser habitual en ese escenario, empareja las condiciones y podr\u00eda sumarle chances. El propio Colapinto analiz\u00f3 que <b>\u201cel auto responde muy bien en la lluvia, es uno de sus puntos m\u00e1s fuertes\u201d<\/b> y lament\u00f3 no haber podido largar en Gran Breta\u00f1a:\u00a0\u201cMe hubiese encantado correr en Silverstone bajo la lluvia. Fue una pena no haber tenido esa experiencia.\u201d<\/p>\n<h2>El cronograma del GP de B\u00e9lgica<\/h2>\n<p><b>Viernes 24\/7:<\/b><\/p>\n<ul>\n<li>Pr\u00e1ctica libre a las 7:30 hs<\/li>\n<li>Clasificaci\u00f3n sprint: 11:30 hs<\/li>\n<\/ul>\n<p><b>S\u00e1bado 25\/7:<\/b><\/p>\n<ul>\n<li>Carrera Sprint: 7 hs<\/li>\n<li>Clasificaci\u00f3n: 11 hs<\/li>\n<\/ul>\n<p><b>Domingo 26\/7:<\/b><\/p>\n<h2>C\u00f3mo est\u00e1 la pelea por el campeonato de F\u00f3rmula 1<\/h2>\n<p>En lo que respecta a la lucha por el campeonato, hay un <b>dominio total de los pilotos de McLaren, que son el australiano Oscar Piastri y el brit\u00e1nico Lando Norris<\/b>.<\/p>\n<p>Piastri est\u00e1 primero con 234 puntos, mientras que Norris, que gan\u00f3 los \u00faltimos dos Grandes Premios, se encuentra a solo ocho unidades. Entre los dos, ganaron 9 de las 12 carreras que se disputaron.<\/p>\n<p><b>En la tercera posici\u00f3n est\u00e1 el neerland\u00e9s y cuatro veces campe\u00f3n, Max Verstappen<\/b>, que en las \u00faltimas fechas cedi\u00f3 much\u00edsimo terreno y se encuentra a 69 puntos de Piastri.<\/p>\n<p><!-- Live Blog Post --><\/div>\n<p><a href=\"https:\/\/www.pagina12.com.ar\/844359-franco-colapinto-y-una-unica-chance-para-poner-a-punto-su-al\">source<\/a><\/p>\n","protected":false},"excerpt":{"rendered":"<p>Franco Colapinto comenzar\u00e1 este viernes su participaci\u00f3n en el Gran Premio de B\u00e9lgica de F\u00f3rmula1,&#8230;<\/p>\n","protected":false},"author":3,"featured_media":22707,"comment_status":"closed","ping_status":"closed","sticky":false,"template":"","format":"standard","meta":{"footnotes":""},"categories":[21],"tags":[],"class_list":["post-22706","post","type-post","status-publish","format-standard","has-post-thumbnail","hentry","category-deportes"],"featured_image_urls":{"full":["https:\/\/fmamiga909.com.ar\/wp-content\/uploads\/2025\/07\/wp-header-logo-266.png",960,540,false],"thumbnail":["https:\/\/fmamiga909.com.ar\/wp-content\/uploads\/2025\/07\/wp-header-logo-266-150x150.png",150,150,true],"medium":["https:\/\/fmamiga909.com.ar\/wp-content\/uploads\/2025\/07\/wp-header-logo-266-300x169.png",300,169,true],"medium_large":["https:\/\/fmamiga909.com.ar\/wp-content\/uploads\/2025\/07\/wp-header-logo-266.png",960,540,false],"large":["https:\/\/fmamiga909.com.ar\/wp-content\/uploads\/2025\/07\/wp-header-logo-266.png",640,360,false],"1536x1536":["https:\/\/fmamiga909.com.ar\/wp-content\/uploads\/2025\/07\/wp-header-logo-266.png",960,540,false],"2048x2048":["https:\/\/fmamiga909.com.ar\/wp-content\/uploads\/2025\/07\/wp-header-logo-266.png",960,540,false],"newsium-slider-full":["https:\/\/fmamiga909.com.ar\/wp-content\/uploads\/2025\/07\/wp-header-logo-266.png",960,540,false],"newsium-featured":["https:\/\/fmamiga909.com.ar\/wp-content\/uploads\/2025\/07\/wp-header-logo-266.png",960,540,false],"newsium-medium":["https:\/\/fmamiga909.com.ar\/wp-content\/uploads\/2025\/07\/wp-header-logo-266-720x475.png",720,475,true]},"author_info":{"display_name":"Fredy Giuliano","author_link":"https:\/\/fmamiga909.com.ar\/?author=3"},"category_info":"<a href=\"https:\/\/fmamiga909.com.ar\/?cat=21\" rel=\"category\">Deportes<\/a>","tag_info":"Deportes","comment_count":"0","_links":{"self":[{"href":"https:\/\/fmamiga909.com.ar\/index.php?rest_route=\/wp\/v2\/posts\/22706","targetHints":{"allow":["GET"]}}],"collection":[{"href":"https:\/\/fmamiga909.com.ar\/index.php?rest_route=\/wp\/v2\/posts"}],"about":[{"href":"https:\/\/fmamiga909.com.ar\/index.php?rest_route=\/wp\/v2\/types\/post"}],"author":[{"embeddable":true,"href":"https:\/\/fmamiga909.com.ar\/index.php?rest_route=\/wp\/v2\/users\/3"}],"replies":[{"embeddable":true,"href":"https:\/\/fmamiga909.com.ar\/index.php?rest_route=%2Fwp%2Fv2%2Fcomments&post=22706"}],"version-history":[{"count":0,"href":"https:\/\/fmamiga909.com.ar\/index.php?rest_route=\/wp\/v2\/posts\/22706\/revisions"}],"wp:featuredmedia":[{"embeddable":true,"href":"https:\/\/fmamiga909.com.ar\/index.php?rest_route=\/wp\/v2\/media\/22707"}],"wp:attachment":[{"href":"https:\/\/fmamiga909.com.ar\/index.php?rest_route=%2Fwp%2Fv2%2Fmedia&parent=22706"}],"wp:term":[{"taxonomy":"category","embeddable":true,"href":"https:\/\/fmamiga909.com.ar\/index.php?rest_route=%2Fwp%2Fv2%2Fcategories&post=22706"},{"taxonomy":"post_tag","embeddable":true,"href":"https:\/\/fmamiga909.com.ar\/index.php?rest_route=%2Fwp%2Fv2%2Ftags&post=22706"}],"curies":[{"name":"wp","href":"https:\/\/api.w.org\/{rel}","templated":true}]}}