{"id":22710,"date":"2025-07-25T14:06:04","date_gmt":"2025-07-25T14:06:04","guid":{"rendered":"https:\/\/fmamiga909.com.ar\/?p=22710"},"modified":"2025-07-25T14:06:04","modified_gmt":"2025-07-25T14:06:04","slug":"tenis-ugo-carabelli-le-gano-a-llamas-ruiz-y-se-metio-en-las-semis-del-atp-250-de-umag","status":"publish","type":"post","link":"https:\/\/fmamiga909.com.ar\/?p=22710","title":{"rendered":"Tenis: Ugo Carabelli le gan\u00f3 a Llamas Ruiz y se meti\u00f3 en las semis del ATP 250 de Umag"},"content":{"rendered":"<div><!-- Body --><\/p>\n<p>El tenista argentino Camilo Ugo Carabelli (3\u00b0) se meti\u00f3 en las semifinales del ATP 250 de Umag, luego de su triunfo ante el espa\u00f1ol Pablo Llamas Ruiz. Ugo Carabelli, que lleg\u00f3 a este torneo como el tercer preclasificado, ganaba 6-4, 5-2 luego de una hora y 25 minutos de juego, cuando el espa\u00f1ol abandon\u00f3 acusando una lesi\u00f3n.<\/p>\n<p>De esta manera, se meti\u00f3 por segundo torneo consecutivo en una semifinal, ya que lo hab\u00eda conseguido la semana pasada en el ATP 250 de Bastad.<\/p>\n<p>El argentino debut\u00f3 en los octavos de final de este torneo por estar entre los primeros cuatro preclasificados, instancia en la que derrot\u00f3 con mucho sufrimiento al italiano Francesco Passaro.<\/p>\n<p>Esta ser\u00e1 la cuarta vez en el a\u00f1o que dispute las semis de un torneo, ya que adem\u00e1s del ATP 250 de Bastad de la semana pasada, tambi\u00e9n lo consigui\u00f3 en R\u00edo y en Santiago de Chile, cayendo en ambas ocasiones frente a su compatriota Sebasti\u00e1n B\u00e1ez.<\/p>\n<p>Este buen resultado le permitir\u00e1 a Ugo Carabelli meterse por primera vez en su carrera en el top 50, consolid\u00e1ndose entre los mejores del mundo.<\/p>\n<p>En las semifinales se enfrentar\u00e1 con el \u00edtalo-argentino Luciano Darderi, quien venci\u00f3 por 1-6, 6-2 y 6-3 al croata Dino Pri\u017emi\u0107, adem\u00e1s de ser el segundo preclasificado en Umag y que viene de quedarse con el t\u00edtulo en Bastad.<\/p>\n<p>Llamas Ruiz, por su parte, tuvo una gran semana pese a la derrota, ya que gan\u00f3 los dos partidos de la clasificaci\u00f3n y en el cuadro principal super\u00f3 al polaco Kamil Majchrzak (7\u00b0) y al franc\u00e9s T\u00e9rence Atmane.<\/p>\n<p>Los resultados de la jornada en el ATP 250 de Umag: Carlos Taberner a Jesper de Jong: 7-5 y 6-3. Damir D\u017eumhur a Titouan Droguet: 6-3, 7-5 y 6-2.<\/p>\n<p><!-- Live Blog Post --><\/div>\n<p><a href=\"https:\/\/www.pagina12.com.ar\/844496-tenis-ugo-carabelli-le-gano-a-llamas-ruiz-y-se-metio-en-las-\">source<\/a><\/p>\n","protected":false},"excerpt":{"rendered":"<p>El tenista argentino Camilo Ugo Carabelli (3\u00b0) se meti\u00f3 en las semifinales del ATP 250&#8230;<\/p>\n","protected":false},"author":3,"featured_media":22711,"comment_status":"closed","ping_status":"closed","sticky":false,"template":"","format":"standard","meta":{"footnotes":""},"categories":[21],"tags":[],"class_list":["post-22710","post","type-post","status-publish","format-standard","has-post-thumbnail","hentry","category-deportes"],"featured_image_urls":{"full":["https:\/\/fmamiga909.com.ar\/wp-content\/uploads\/2025\/07\/wp-header-logo-268.png",960,540,false],"thumbnail":["https:\/\/fmamiga909.com.ar\/wp-content\/uploads\/2025\/07\/wp-header-logo-268-150x150.png",150,150,true],"medium":["https:\/\/fmamiga909.com.ar\/wp-content\/uploads\/2025\/07\/wp-header-logo-268-300x169.png",300,169,true],"medium_large":["https:\/\/fmamiga909.com.ar\/wp-content\/uploads\/2025\/07\/wp-header-logo-268.png",960,540,false],"large":["https:\/\/fmamiga909.com.ar\/wp-content\/uploads\/2025\/07\/wp-header-logo-268.png",640,360,false],"1536x1536":["https:\/\/fmamiga909.com.ar\/wp-content\/uploads\/2025\/07\/wp-header-logo-268.png",960,540,false],"2048x2048":["https:\/\/fmamiga909.com.ar\/wp-content\/uploads\/2025\/07\/wp-header-logo-268.png",960,540,false],"newsium-slider-full":["https:\/\/fmamiga909.com.ar\/wp-content\/uploads\/2025\/07\/wp-header-logo-268.png",960,540,false],"newsium-featured":["https:\/\/fmamiga909.com.ar\/wp-content\/uploads\/2025\/07\/wp-header-logo-268.png",960,540,false],"newsium-medium":["https:\/\/fmamiga909.com.ar\/wp-content\/uploads\/2025\/07\/wp-header-logo-268-720x475.png",720,475,true]},"author_info":{"display_name":"Fredy Giuliano","author_link":"https:\/\/fmamiga909.com.ar\/?author=3"},"category_info":"<a href=\"https:\/\/fmamiga909.com.ar\/?cat=21\" rel=\"category\">Deportes<\/a>","tag_info":"Deportes","comment_count":"0","_links":{"self":[{"href":"https:\/\/fmamiga909.com.ar\/index.php?rest_route=\/wp\/v2\/posts\/22710","targetHints":{"allow":["GET"]}}],"collection":[{"href":"https:\/\/fmamiga909.com.ar\/index.php?rest_route=\/wp\/v2\/posts"}],"about":[{"href":"https:\/\/fmamiga909.com.ar\/index.php?rest_route=\/wp\/v2\/types\/post"}],"author":[{"embeddable":true,"href":"https:\/\/fmamiga909.com.ar\/index.php?rest_route=\/wp\/v2\/users\/3"}],"replies":[{"embeddable":true,"href":"https:\/\/fmamiga909.com.ar\/index.php?rest_route=%2Fwp%2Fv2%2Fcomments&post=22710"}],"version-history":[{"count":0,"href":"https:\/\/fmamiga909.com.ar\/index.php?rest_route=\/wp\/v2\/posts\/22710\/revisions"}],"wp:featuredmedia":[{"embeddable":true,"href":"https:\/\/fmamiga909.com.ar\/index.php?rest_route=\/wp\/v2\/media\/22711"}],"wp:attachment":[{"href":"https:\/\/fmamiga909.com.ar\/index.php?rest_route=%2Fwp%2Fv2%2Fmedia&parent=22710"}],"wp:term":[{"taxonomy":"category","embeddable":true,"href":"https:\/\/fmamiga909.com.ar\/index.php?rest_route=%2Fwp%2Fv2%2Fcategories&post=22710"},{"taxonomy":"post_tag","embeddable":true,"href":"https:\/\/fmamiga909.com.ar\/index.php?rest_route=%2Fwp%2Fv2%2Ftags&post=22710"}],"curies":[{"name":"wp","href":"https:\/\/api.w.org\/{rel}","templated":true}]}}