{"id":22734,"date":"2025-07-25T19:54:00","date_gmt":"2025-07-25T19:54:00","guid":{"rendered":"https:\/\/fmamiga909.com.ar\/?p=22734"},"modified":"2025-07-25T19:54:00","modified_gmt":"2025-07-25T19:54:00","slug":"ugo-carabelli-se-quedo-sin-final-en-croacia","status":"publish","type":"post","link":"https:\/\/fmamiga909.com.ar\/?p=22734","title":{"rendered":"Ugo Carabelli se qued\u00f3 sin final en Croacia"},"content":{"rendered":"<div><!-- Body --><\/p>\n<p>Se acab\u00f3 la semana para los tenistas argentinos. Con la derrota de Camilo Ugo Carabelli en la semifinal de Umag ante italiano Luciano Darderi, tambi\u00e9n se termin\u00f3 la temporada de polvo de ladrillo para los jugadores albicelestes, que hace siete d\u00edas sorprendieron con siete nombres en cuartos de final en Gstaad, Bastad y Los Cabos, pero que en esta semana no pudieron repetir y quedaron r\u00e1pidamente en el camino.<\/p>\n<p>El \u00faltimo representante que quedaba en carrera era Ugo Carabelli, que en una hora y 45 minutos cay\u00f3 por 7-6 (8-6) y 6-3 con el gesellino Darderi y dej\u00f3 pasar la chance de meterse en la final en Croacia. En un partido muy cerrado, Ugo Carabelli no pudo aprovechar las escasas chances que se le presentaron, a diferencia de Darderi, que las capitaliz\u00f3 al m\u00e1ximo.<\/p>\n<p>Sin posibilidades de quiebre en el set inicial, el argentino tuvo su gran chance en el tiebreak, cuando sac\u00f3 6-5 para quedarse con el parcial. Sin embargo, el nacionalizado italiano gan\u00f3 los dos puntos con el servicio rival y en su primera chance con el saque propio se asegur\u00f3 el set. El \u00fanico quiebre del partido tambi\u00e9n fue para el italiano, que se adelant\u00f3 3-1 en el segundo parcial. Cuando recib\u00eda 2-4, Ugo Carabelli gener\u00f3 dos break points para equiparar el juego, pero no pudo concretarlos. Ah\u00ed se acabaron sus chances, ya que en el game siguiente de saque Darderi sirvi\u00f3 con solvencia y asegur\u00f3 el triunfo.<\/p>\n<p>A pesar de la derrota, Ugo Carabelli se meter\u00e1 por primera vez en el Top 50, ya que a partir del lunes aparecer\u00e1 en el puesto 46 del ranking y ser\u00e1 el tercer argentino, detr\u00e1s de Francisco Cer\u00fandolo y Sebasti\u00e1n B\u00e1ez.<\/p>\n<p>Para Darderi, que naci\u00f3 en Villa Gesell pero juega para Italia por el apoyo de esa federaci\u00f3n, el acceso a la final le permitir\u00e1 subir diez posiciones y colocarse en el puesto 36, muy cerca de su mejor ubicaci\u00f3n hist\u00f3rica. Adem\u00e1s, tendr\u00e1 la chance de sumar su segundo t\u00edtulo consecutivo tras haber ganado Bastad la semana pasada, el tercero del a\u00f1o y el cuarto de su carrera.\u00a0<\/p>\n<p><!-- Live Blog Post --><\/div>\n<p><a href=\"https:\/\/www.pagina12.com.ar\/844744-ugo-carabelli-se-quedo-sin-final-en-croacia\">source<\/a><\/p>\n","protected":false},"excerpt":{"rendered":"<p>Se acab\u00f3 la semana para los tenistas argentinos. Con la derrota de Camilo Ugo Carabelli&#8230;<\/p>\n","protected":false},"author":3,"featured_media":22735,"comment_status":"closed","ping_status":"closed","sticky":false,"template":"","format":"standard","meta":{"footnotes":""},"categories":[21],"tags":[],"class_list":["post-22734","post","type-post","status-publish","format-standard","has-post-thumbnail","hentry","category-deportes"],"featured_image_urls":{"full":["https:\/\/fmamiga909.com.ar\/wp-content\/uploads\/2025\/07\/wp-header-logo-280.png",960,540,false],"thumbnail":["https:\/\/fmamiga909.com.ar\/wp-content\/uploads\/2025\/07\/wp-header-logo-280-150x150.png",150,150,true],"medium":["https:\/\/fmamiga909.com.ar\/wp-content\/uploads\/2025\/07\/wp-header-logo-280-300x169.png",300,169,true],"medium_large":["https:\/\/fmamiga909.com.ar\/wp-content\/uploads\/2025\/07\/wp-header-logo-280.png",960,540,false],"large":["https:\/\/fmamiga909.com.ar\/wp-content\/uploads\/2025\/07\/wp-header-logo-280.png",640,360,false],"1536x1536":["https:\/\/fmamiga909.com.ar\/wp-content\/uploads\/2025\/07\/wp-header-logo-280.png",960,540,false],"2048x2048":["https:\/\/fmamiga909.com.ar\/wp-content\/uploads\/2025\/07\/wp-header-logo-280.png",960,540,false],"newsium-slider-full":["https:\/\/fmamiga909.com.ar\/wp-content\/uploads\/2025\/07\/wp-header-logo-280.png",960,540,false],"newsium-featured":["https:\/\/fmamiga909.com.ar\/wp-content\/uploads\/2025\/07\/wp-header-logo-280.png",960,540,false],"newsium-medium":["https:\/\/fmamiga909.com.ar\/wp-content\/uploads\/2025\/07\/wp-header-logo-280-720x475.png",720,475,true]},"author_info":{"display_name":"Fredy Giuliano","author_link":"https:\/\/fmamiga909.com.ar\/?author=3"},"category_info":"<a href=\"https:\/\/fmamiga909.com.ar\/?cat=21\" rel=\"category\">Deportes<\/a>","tag_info":"Deportes","comment_count":"0","_links":{"self":[{"href":"https:\/\/fmamiga909.com.ar\/index.php?rest_route=\/wp\/v2\/posts\/22734","targetHints":{"allow":["GET"]}}],"collection":[{"href":"https:\/\/fmamiga909.com.ar\/index.php?rest_route=\/wp\/v2\/posts"}],"about":[{"href":"https:\/\/fmamiga909.com.ar\/index.php?rest_route=\/wp\/v2\/types\/post"}],"author":[{"embeddable":true,"href":"https:\/\/fmamiga909.com.ar\/index.php?rest_route=\/wp\/v2\/users\/3"}],"replies":[{"embeddable":true,"href":"https:\/\/fmamiga909.com.ar\/index.php?rest_route=%2Fwp%2Fv2%2Fcomments&post=22734"}],"version-history":[{"count":0,"href":"https:\/\/fmamiga909.com.ar\/index.php?rest_route=\/wp\/v2\/posts\/22734\/revisions"}],"wp:featuredmedia":[{"embeddable":true,"href":"https:\/\/fmamiga909.com.ar\/index.php?rest_route=\/wp\/v2\/media\/22735"}],"wp:attachment":[{"href":"https:\/\/fmamiga909.com.ar\/index.php?rest_route=%2Fwp%2Fv2%2Fmedia&parent=22734"}],"wp:term":[{"taxonomy":"category","embeddable":true,"href":"https:\/\/fmamiga909.com.ar\/index.php?rest_route=%2Fwp%2Fv2%2Fcategories&post=22734"},{"taxonomy":"post_tag","embeddable":true,"href":"https:\/\/fmamiga909.com.ar\/index.php?rest_route=%2Fwp%2Fv2%2Ftags&post=22734"}],"curies":[{"name":"wp","href":"https:\/\/api.w.org\/{rel}","templated":true}]}}