{"id":22796,"date":"2025-07-28T18:18:29","date_gmt":"2025-07-28T18:18:29","guid":{"rendered":"https:\/\/fmamiga909.com.ar\/?p=22796"},"modified":"2025-07-28T18:18:29","modified_gmt":"2025-07-28T18:18:29","slug":"salas-sufrio-un-esguince-de-rodilla","status":"publish","type":"post","link":"https:\/\/fmamiga909.com.ar\/?p=22796","title":{"rendered":"Salas sufri\u00f3 un esguince de rodilla"},"content":{"rendered":"<div><!-- Body --><\/p>\n<p>La lesi\u00f3n de Maximiliano Salas no es tan grave como se tem\u00eda, aunque el delantero se perder\u00e1 al menos el partido de ida ante Libertad por los octavos de final de la Copa Libertadores. Tras la resonancia a la que fue sometido el exjugador de Racing se comprob\u00f3 que sufri\u00f3 un esguince en el ligamento lateral interno de la rodilla izquierda, lo que le demandar\u00e1 tres semanas de recuperaci\u00f3n.<\/p>\n<p>La salida de Salas durante el primer tiempo ante San Lorenzo hab\u00eda disparado alarmas en River. El jugador hab\u00eda acusado un fuerte dolor en la rodilla izquierda en el inicio del partido ante en el conjunto de Boedo y tuvo que ser sustituido durante el encuentro que ambos equipos igualaron sin goles en el estadio Monumental. La salida obligada de Salas, que permanenci\u00f3 en el campo s\u00f3lo 18 minutos antes de pedir el cambio, motiv\u00f3 el ingreso del colombiano Miguel Borja.<\/p>\n<p>Ya fuera de la cancha y despu\u00e9s de haber recibido la primera atenci\u00f3n m\u00e9dica, el futbolista golpe\u00f3 con bronca la butaca del banco de suplentes y permaneci\u00f3 en ese sector con hielo en la rodilla. Ya este lunes por la ma\u00f1ana, Salas concurri\u00f3 a una cl\u00ednica para someterse a los estudios necesarios, que arrojaron que padece un esguince en el ligamento lateral interno de la rodilla izquierda.<\/p>\n<p>Esta lesi\u00f3n le demandar\u00e1 a Salas un tiempo de recuperaci\u00f3n estimado de tres semanas, con lo que es seguro que se quedar\u00e1 afuera del partido de ida de los octavos de final de la Copa Libertadores el 14 de agosto ante Libertad en Paraguay y estar\u00e1 con lo justo para la revancha siete d\u00edas m\u00e1s tarde en el Monumental.<\/p>\n<p>El jugador correntino fue protagonista de la novela del mercado de pases, cuando ejecut\u00f3 su cl\u00e1usula de rescisi\u00f3n para salir de Racing y llegar a River, donde debut\u00f3 ante Platense en la primera fecha y marc\u00f3 un gol, adem\u00e1s de haber dejado una muy buena impresi\u00f3n en la segunda jornada ante Instituto.<\/p>\n<p><!-- Live Blog Post --><\/div>\n<p><a href=\"https:\/\/www.pagina12.com.ar\/845386-salas-sufrio-un-esguince-de-rodilla\">source<\/a><\/p>\n","protected":false},"excerpt":{"rendered":"<p>La lesi\u00f3n de Maximiliano Salas no es tan grave como se tem\u00eda, aunque el delantero&#8230;<\/p>\n","protected":false},"author":3,"featured_media":22797,"comment_status":"closed","ping_status":"closed","sticky":false,"template":"","format":"standard","meta":{"footnotes":""},"categories":[21],"tags":[],"class_list":["post-22796","post","type-post","status-publish","format-standard","has-post-thumbnail","hentry","category-deportes"],"featured_image_urls":{"full":["https:\/\/fmamiga909.com.ar\/wp-content\/uploads\/2025\/07\/wp-header-logo-311.png",960,540,false],"thumbnail":["https:\/\/fmamiga909.com.ar\/wp-content\/uploads\/2025\/07\/wp-header-logo-311-150x150.png",150,150,true],"medium":["https:\/\/fmamiga909.com.ar\/wp-content\/uploads\/2025\/07\/wp-header-logo-311-300x169.png",300,169,true],"medium_large":["https:\/\/fmamiga909.com.ar\/wp-content\/uploads\/2025\/07\/wp-header-logo-311.png",960,540,false],"large":["https:\/\/fmamiga909.com.ar\/wp-content\/uploads\/2025\/07\/wp-header-logo-311.png",640,360,false],"1536x1536":["https:\/\/fmamiga909.com.ar\/wp-content\/uploads\/2025\/07\/wp-header-logo-311.png",960,540,false],"2048x2048":["https:\/\/fmamiga909.com.ar\/wp-content\/uploads\/2025\/07\/wp-header-logo-311.png",960,540,false],"newsium-slider-full":["https:\/\/fmamiga909.com.ar\/wp-content\/uploads\/2025\/07\/wp-header-logo-311.png",960,540,false],"newsium-featured":["https:\/\/fmamiga909.com.ar\/wp-content\/uploads\/2025\/07\/wp-header-logo-311.png",960,540,false],"newsium-medium":["https:\/\/fmamiga909.com.ar\/wp-content\/uploads\/2025\/07\/wp-header-logo-311-720x475.png",720,475,true]},"author_info":{"display_name":"Fredy Giuliano","author_link":"https:\/\/fmamiga909.com.ar\/?author=3"},"category_info":"<a href=\"https:\/\/fmamiga909.com.ar\/?cat=21\" rel=\"category\">Deportes<\/a>","tag_info":"Deportes","comment_count":"0","_links":{"self":[{"href":"https:\/\/fmamiga909.com.ar\/index.php?rest_route=\/wp\/v2\/posts\/22796","targetHints":{"allow":["GET"]}}],"collection":[{"href":"https:\/\/fmamiga909.com.ar\/index.php?rest_route=\/wp\/v2\/posts"}],"about":[{"href":"https:\/\/fmamiga909.com.ar\/index.php?rest_route=\/wp\/v2\/types\/post"}],"author":[{"embeddable":true,"href":"https:\/\/fmamiga909.com.ar\/index.php?rest_route=\/wp\/v2\/users\/3"}],"replies":[{"embeddable":true,"href":"https:\/\/fmamiga909.com.ar\/index.php?rest_route=%2Fwp%2Fv2%2Fcomments&post=22796"}],"version-history":[{"count":0,"href":"https:\/\/fmamiga909.com.ar\/index.php?rest_route=\/wp\/v2\/posts\/22796\/revisions"}],"wp:featuredmedia":[{"embeddable":true,"href":"https:\/\/fmamiga909.com.ar\/index.php?rest_route=\/wp\/v2\/media\/22797"}],"wp:attachment":[{"href":"https:\/\/fmamiga909.com.ar\/index.php?rest_route=%2Fwp%2Fv2%2Fmedia&parent=22796"}],"wp:term":[{"taxonomy":"category","embeddable":true,"href":"https:\/\/fmamiga909.com.ar\/index.php?rest_route=%2Fwp%2Fv2%2Fcategories&post=22796"},{"taxonomy":"post_tag","embeddable":true,"href":"https:\/\/fmamiga909.com.ar\/index.php?rest_route=%2Fwp%2Fv2%2Ftags&post=22796"}],"curies":[{"name":"wp","href":"https:\/\/api.w.org\/{rel}","templated":true}]}}