{"id":22798,"date":"2025-07-28T21:14:34","date_gmt":"2025-07-28T21:14:34","guid":{"rendered":"https:\/\/fmamiga909.com.ar\/?p=22798"},"modified":"2025-07-28T21:14:34","modified_gmt":"2025-07-28T21:14:34","slug":"el-comunicado-de-victoriano-arenas-sobre-la-salud-de-luis-ventura","status":"publish","type":"post","link":"https:\/\/fmamiga909.com.ar\/?p=22798","title":{"rendered":"El comunicado de Victoriano Arenas sobre la salud de Luis Ventura"},"content":{"rendered":"<div><!-- Body --><\/p>\n<p>El club <b>Victoriano Arenas <\/b>emiti\u00f3 un comunicado oficial este lunes tras las <b>agresiones <\/b>que sufrieron sus jugadores y cuerpo t\u00e9cnico, que incluye al <a href=\"https:\/\/www.pagina12.com.ar\/845244-luis-ventura-victima-de-una-tremenda-pina-en-la-batalla-camp\">afamado periodista Luis Ventura<\/a>, en el final del empate 2-2 el domingo con <b>Central Ballester<\/b> por el campeonato de la Primera C.<\/p>\n<p><b>\u00abLuis Ventura contin\u00faa internado a la espera de los resultados de los estudios realizados,<\/b> luego de ser agredido dentro de la cancha por una persona no identificada. Las im\u00e1genes viralizadas de los hechos nos eximen de mayores explicaciones\u00bb, inform\u00f3 el CAVA al respecto.<\/p>\n<p>Por su parte, el hijo de Luis Ventura, Facundo, inform\u00f3 en su Instagram que<b> \u00abtodos los estudios que le hicieron, dieron bien\u00bb.<\/b><\/p>\n<p>Adem\u00e1s, el club lanusense <b>public\u00f3 im\u00e1genes de las heridas de varios de sus futbolistas:<\/b> \u00abLos jugadores Mat\u00edas G\u00f3mez, Joaqu\u00edn Rodr\u00edguez, Federico Ulayar y Facundo Ru\u00edz D\u00edaz (fotos adjuntas en su respectivo orden) sufrieron cortes y golpes, fueron atendidos en distintos nosocomios, encontr\u00e1ndose en estos momentos en recuperaci\u00f3n en sus domicilios\u00bb.<\/p>\n<p>El domingo por la fecha 19, Victoriano Arenas\u00a0visit\u00f3 a los de Villa Necochea en el estadio Predio Cacique en un cruce directo por la permanencia y empat\u00f3 2-2 con un gol a los 98 minutos para los locales, lo que desat\u00f3 la bronca visitante por el exagerado tiempo de descuento. <b>Tras el inmediato pitido final, se desat\u00f3 una batalla campal que termin\u00f3 con la agresi\u00f3n de futbolistas y barrabravas de Central Ballester hacia la delegaci\u00f3n de Victoriano Arenas de la cual formaba parte Ventura<\/b>.<\/p>\n<p>Ventura, quien adem\u00e1s es el presidente de la Asociaci\u00f3n de Periodistas de la Televisi\u00f3n y la Radiofon\u00eda Argentinas (APTRA), fue golpeado por un individuo todav\u00eda no identificado y tuvo que ser asistido en una cl\u00ednica donde pas\u00f3 la noche en observaci\u00f3n, por lo cual no pudo asistir a la entrega de los Premios Mart\u00edn Fierro de Radio.<\/p>\n<p>\u00abNuestra instituci\u00f3n ya est\u00e1 <b>realizando las denuncias y descargos correspondientes<\/b> en los organismos que corresponde\u00bb, completaron desde el club.<\/p>\n<p><!-- Live Blog Post --><\/div>\n<p><a href=\"https:\/\/www.pagina12.com.ar\/845433-el-comunicado-de-victoriano-arenas-sobre-la-salud-de-luis-ve\">source<\/a><\/p>\n","protected":false},"excerpt":{"rendered":"<p>El club Victoriano Arenas emiti\u00f3 un comunicado oficial este lunes tras las agresiones que sufrieron&#8230;<\/p>\n","protected":false},"author":3,"featured_media":22799,"comment_status":"closed","ping_status":"closed","sticky":false,"template":"","format":"standard","meta":{"footnotes":""},"categories":[21],"tags":[],"class_list":["post-22798","post","type-post","status-publish","format-standard","has-post-thumbnail","hentry","category-deportes"],"featured_image_urls":{"full":["https:\/\/fmamiga909.com.ar\/wp-content\/uploads\/2025\/07\/wp-header-logo-312.png",960,540,false],"thumbnail":["https:\/\/fmamiga909.com.ar\/wp-content\/uploads\/2025\/07\/wp-header-logo-312-150x150.png",150,150,true],"medium":["https:\/\/fmamiga909.com.ar\/wp-content\/uploads\/2025\/07\/wp-header-logo-312-300x169.png",300,169,true],"medium_large":["https:\/\/fmamiga909.com.ar\/wp-content\/uploads\/2025\/07\/wp-header-logo-312.png",960,540,false],"large":["https:\/\/fmamiga909.com.ar\/wp-content\/uploads\/2025\/07\/wp-header-logo-312.png",640,360,false],"1536x1536":["https:\/\/fmamiga909.com.ar\/wp-content\/uploads\/2025\/07\/wp-header-logo-312.png",960,540,false],"2048x2048":["https:\/\/fmamiga909.com.ar\/wp-content\/uploads\/2025\/07\/wp-header-logo-312.png",960,540,false],"newsium-slider-full":["https:\/\/fmamiga909.com.ar\/wp-content\/uploads\/2025\/07\/wp-header-logo-312.png",960,540,false],"newsium-featured":["https:\/\/fmamiga909.com.ar\/wp-content\/uploads\/2025\/07\/wp-header-logo-312.png",960,540,false],"newsium-medium":["https:\/\/fmamiga909.com.ar\/wp-content\/uploads\/2025\/07\/wp-header-logo-312-720x475.png",720,475,true]},"author_info":{"display_name":"Fredy Giuliano","author_link":"https:\/\/fmamiga909.com.ar\/?author=3"},"category_info":"<a href=\"https:\/\/fmamiga909.com.ar\/?cat=21\" rel=\"category\">Deportes<\/a>","tag_info":"Deportes","comment_count":"0","_links":{"self":[{"href":"https:\/\/fmamiga909.com.ar\/index.php?rest_route=\/wp\/v2\/posts\/22798","targetHints":{"allow":["GET"]}}],"collection":[{"href":"https:\/\/fmamiga909.com.ar\/index.php?rest_route=\/wp\/v2\/posts"}],"about":[{"href":"https:\/\/fmamiga909.com.ar\/index.php?rest_route=\/wp\/v2\/types\/post"}],"author":[{"embeddable":true,"href":"https:\/\/fmamiga909.com.ar\/index.php?rest_route=\/wp\/v2\/users\/3"}],"replies":[{"embeddable":true,"href":"https:\/\/fmamiga909.com.ar\/index.php?rest_route=%2Fwp%2Fv2%2Fcomments&post=22798"}],"version-history":[{"count":0,"href":"https:\/\/fmamiga909.com.ar\/index.php?rest_route=\/wp\/v2\/posts\/22798\/revisions"}],"wp:featuredmedia":[{"embeddable":true,"href":"https:\/\/fmamiga909.com.ar\/index.php?rest_route=\/wp\/v2\/media\/22799"}],"wp:attachment":[{"href":"https:\/\/fmamiga909.com.ar\/index.php?rest_route=%2Fwp%2Fv2%2Fmedia&parent=22798"}],"wp:term":[{"taxonomy":"category","embeddable":true,"href":"https:\/\/fmamiga909.com.ar\/index.php?rest_route=%2Fwp%2Fv2%2Fcategories&post=22798"},{"taxonomy":"post_tag","embeddable":true,"href":"https:\/\/fmamiga909.com.ar\/index.php?rest_route=%2Fwp%2Fv2%2Ftags&post=22798"}],"curies":[{"name":"wp","href":"https:\/\/api.w.org\/{rel}","templated":true}]}}