{"id":22826,"date":"2025-07-29T19:53:58","date_gmt":"2025-07-29T19:53:58","guid":{"rendered":"https:\/\/fmamiga909.com.ar\/?p=22826"},"modified":"2025-07-29T19:53:58","modified_gmt":"2025-07-29T19:53:58","slug":"boca-volvio-a-las-practicas-con-russo-y-los-jugadores-en-observacion","status":"publish","type":"post","link":"https:\/\/fmamiga909.com.ar\/?p=22826","title":{"rendered":"Boca volvi\u00f3 a las pr\u00e1cticas con Russo y los jugadores en observaci\u00f3n"},"content":{"rendered":"<div><!-- Body --><\/p>\n<p><b>Boca retom\u00f3 las pr\u00e1cticas <\/b>tras su derrota del domingo ante Hurac\u00e1n y un lunes de franco en el que se trat\u00f3 de apaciguar los \u00e1nimos exaltados por los once partidos sin ganar y el episodio del cambio de <b>Miguel Merentiel<\/b>. En tal sentido, sorprendi\u00f3 que a primera hora de la ma\u00f1ana, en la entrada al predio de Ezeiza apareciera una singular muestra de apoyo dedicada al delantero uruguayo.<\/p>\n<p><i>\u00abMiguel, gracias por dejar la vida por estos colores, los hinchas de Boca te amamos\u2026\u201d,<\/i> rezaba una bandera colgada en una de las vallas en el ingreso al lugar, acompa\u00f1ada de una imagen del futbolista xeneize bes\u00e1ndose el escudo. La misma aparece firmada por <i>\u201cRomancito y familia\u201d <\/i>que <b>algunos llegaron a vincular con el propio presidente del club, Juan Rom\u00e1n Riquelme. Pero luego se supo que se trata de un ni\u00f1o llamado Rom\u00e1n,<\/b> fan\u00e1tico de Boca y de Merentiel, cuya familia colg\u00f3 la bandera como testimonio de admiraci\u00f3n al jugador luego de su gran actuaci\u00f3n en el reciente Mundial de Clubes de los Estados Unidos.<\/p>\n<p><b>La actitud de Merentiel en el entretiempo del partido con Hurac\u00e1n provoc\u00f3 el enojo del cuerpo t\u00e9cnico.<\/b><a href=\"https:\/\/www.tycsports.com\/boca-juniors\/la-insolita-salida-de-merentiel-en-boca-id676419.html\" target=\"_blank\"> <\/a>Como la situaci\u00f3n a\u00fan no fue aclarada, <b>se espera una charla individual de Miguel \u00c1ngel Russo con el jugador <\/b>para<b>\u00a0<\/b>evitar que el conflicto escale a mayores. <b>Russo entiende que Merentiel desafi\u00f3 su autoridad ante el plantel y espera una explicaci\u00f3n convincente <\/b>para incluirlo o no en el equipo que jugar\u00e1 el s\u00e1bado 9 contra Racing en la Bombonera. Prescindir del jugador m\u00e1s querido por los hinchas en este momento no ser\u00eda una decisi\u00f3n que calme las agitadas aguas boquenses<\/p>\n<p>Si bien faltan todav\u00eda once d\u00edas, <b>los jugadores, el cuerpo t\u00e9cnico y los dirigentes entienden que una nueva derrota frente a Racing y una Bombonera enfurecida forzar\u00e1 definiciones que podr\u00edan llev\u00e1rselo puesto a Russo<\/b>. Seg\u00fan algunos voceros, adem\u00e1s de la preocupaci\u00f3n por los malos resultados y las pobres actuaciones, <b>el Consejo de F\u00fatbol y Riquelme no observan al entrenador con las energ\u00edas que su cargo demanda <\/b>y el episodio con Merentiel puso en evidencia que su trato con el plantel no es el mejor y que <b>los jugadores no se sienten c\u00f3modos con el protagonismo que ha asumido Claudio Ubeda en el trabajo de la semana y durante los partidos.<\/b> Quisieran ver al t\u00e9cnico m\u00e1s intenso y participativo, con m\u00e1s voz de mando.\u00a0<\/p>\n<p>Como le sucedi\u00f3 antes a Diego Mart\u00ednez y a Fernando Gago, <b>Russo parece haber entrado en una din\u00e1mica de evaluaci\u00f3n partido a partido<\/b>. Riquelme decidi\u00f3 darle estas dos semanas de tiempo para hacer las modificaciones que entienda necesarias. Pero<b> \u00e9sta parece ser su \u00faltima oportunidad para encarrilar la situaci\u00f3n.<\/b> Mientras tanto, en voz baja comienzan a circular algunos nombres que podr\u00edan tomar este olla a presi\u00f3n que es Boca: en esa lista est\u00e1n <b>Luis Zubeld\u00eda<\/b> y <b>Gustavo Quinteros <\/b>(ambos inactivos luego de su paso por el f\u00fatbol brasile\u00f1o) y tambi\u00e9n <b>Eduardo Dom\u00ednguez<\/b>, quien debe dirigir a Estudiantes en los octavos de final de la Copa Libertadores.<\/p>\n<p>De cara al encuentro con la Academia, <b>Russo eval\u00faa hacer\u00a0varios cambios en todas las l\u00edneas del equipo titular y pocos jugadores tendr\u00edan asegurada la titularidad. <\/b>Varios de ellos se la jugar\u00e1n en las pr\u00e1cticas de estas dos semanas.\u00a0Adem\u00e1s,\u00a0habr\u00eda un nuevo sistema de trabajo que incluir\u00eda\u00a0jornadas de doble turno, concentraciones, pr\u00e1cticas de f\u00fatbol en La Bombonera y en Casa Amarilla.\u00a0<\/p>\n<p><!-- Live Blog Post --><\/div>\n<p><a href=\"https:\/\/www.pagina12.com.ar\/845675-boca-volvio-a-las-practicas-con-russo-y-los-jugadores-en-obs\">source<\/a><\/p>\n","protected":false},"excerpt":{"rendered":"<p>Boca retom\u00f3 las pr\u00e1cticas tras su derrota del domingo ante Hurac\u00e1n y un lunes de&#8230;<\/p>\n","protected":false},"author":3,"featured_media":22827,"comment_status":"closed","ping_status":"closed","sticky":false,"template":"","format":"standard","meta":{"footnotes":""},"categories":[21],"tags":[],"class_list":["post-22826","post","type-post","status-publish","format-standard","has-post-thumbnail","hentry","category-deportes"],"featured_image_urls":{"full":["https:\/\/fmamiga909.com.ar\/wp-content\/uploads\/2025\/07\/wp-header-logo-326.png",960,540,false],"thumbnail":["https:\/\/fmamiga909.com.ar\/wp-content\/uploads\/2025\/07\/wp-header-logo-326-150x150.png",150,150,true],"medium":["https:\/\/fmamiga909.com.ar\/wp-content\/uploads\/2025\/07\/wp-header-logo-326-300x169.png",300,169,true],"medium_large":["https:\/\/fmamiga909.com.ar\/wp-content\/uploads\/2025\/07\/wp-header-logo-326.png",960,540,false],"large":["https:\/\/fmamiga909.com.ar\/wp-content\/uploads\/2025\/07\/wp-header-logo-326.png",640,360,false],"1536x1536":["https:\/\/fmamiga909.com.ar\/wp-content\/uploads\/2025\/07\/wp-header-logo-326.png",960,540,false],"2048x2048":["https:\/\/fmamiga909.com.ar\/wp-content\/uploads\/2025\/07\/wp-header-logo-326.png",960,540,false],"newsium-slider-full":["https:\/\/fmamiga909.com.ar\/wp-content\/uploads\/2025\/07\/wp-header-logo-326.png",960,540,false],"newsium-featured":["https:\/\/fmamiga909.com.ar\/wp-content\/uploads\/2025\/07\/wp-header-logo-326.png",960,540,false],"newsium-medium":["https:\/\/fmamiga909.com.ar\/wp-content\/uploads\/2025\/07\/wp-header-logo-326-720x475.png",720,475,true]},"author_info":{"display_name":"Fredy Giuliano","author_link":"https:\/\/fmamiga909.com.ar\/?author=3"},"category_info":"<a href=\"https:\/\/fmamiga909.com.ar\/?cat=21\" rel=\"category\">Deportes<\/a>","tag_info":"Deportes","comment_count":"0","_links":{"self":[{"href":"https:\/\/fmamiga909.com.ar\/index.php?rest_route=\/wp\/v2\/posts\/22826","targetHints":{"allow":["GET"]}}],"collection":[{"href":"https:\/\/fmamiga909.com.ar\/index.php?rest_route=\/wp\/v2\/posts"}],"about":[{"href":"https:\/\/fmamiga909.com.ar\/index.php?rest_route=\/wp\/v2\/types\/post"}],"author":[{"embeddable":true,"href":"https:\/\/fmamiga909.com.ar\/index.php?rest_route=\/wp\/v2\/users\/3"}],"replies":[{"embeddable":true,"href":"https:\/\/fmamiga909.com.ar\/index.php?rest_route=%2Fwp%2Fv2%2Fcomments&post=22826"}],"version-history":[{"count":0,"href":"https:\/\/fmamiga909.com.ar\/index.php?rest_route=\/wp\/v2\/posts\/22826\/revisions"}],"wp:featuredmedia":[{"embeddable":true,"href":"https:\/\/fmamiga909.com.ar\/index.php?rest_route=\/wp\/v2\/media\/22827"}],"wp:attachment":[{"href":"https:\/\/fmamiga909.com.ar\/index.php?rest_route=%2Fwp%2Fv2%2Fmedia&parent=22826"}],"wp:term":[{"taxonomy":"category","embeddable":true,"href":"https:\/\/fmamiga909.com.ar\/index.php?rest_route=%2Fwp%2Fv2%2Fcategories&post=22826"},{"taxonomy":"post_tag","embeddable":true,"href":"https:\/\/fmamiga909.com.ar\/index.php?rest_route=%2Fwp%2Fv2%2Ftags&post=22826"}],"curies":[{"name":"wp","href":"https:\/\/api.w.org\/{rel}","templated":true}]}}