{"id":22836,"date":"2025-07-30T00:02:58","date_gmt":"2025-07-30T00:02:58","guid":{"rendered":"https:\/\/fmamiga909.com.ar\/?p=22836"},"modified":"2025-07-30T00:02:58","modified_gmt":"2025-07-30T00:02:58","slug":"brian-fernandez-denuncio-un-apriete-de-la-barra-de-talleres-de-escalada","status":"publish","type":"post","link":"https:\/\/fmamiga909.com.ar\/?p=22836","title":{"rendered":"Brian Fern\u00e1ndez denunci\u00f3 un apriete de la barra de Talleres de Escalada"},"content":{"rendered":"<div><!-- Body --><\/p>\n<p>El delantero Brian Fern\u00e1ndez desminti\u00f3 a la dirigencia del club Talleres de Remedios de Escalada, que hab\u00eda asegurado que el jugador estaba desaparecido por no presentarse a entrenar hace m\u00e1s de un mes, y denunci\u00f3 un apriete por parte de la barra.<\/p>\n<p>A trav\u00e9s de una publicaci\u00f3n en su cuenta personal de la red social Instagram, el futbolista afirm\u00f3 estar \u201cbien y con su familia\u201d y neg\u00f3 que su ausencia est\u00e9 vinculada con problemas de adicci\u00f3n.<\/p>\n<p>A su vez, Fern\u00e1ndez se\u00f1al\u00f3 que mantuvo contacto con el club y que su situaci\u00f3n fue abordada en conjunto con su entorno familiar: \u201cEsta vez no es el caso de lo que todos piensan\u201d, escribi\u00f3.<\/p>\n<p>En ese mismo mensaje, Fern\u00e1ndez expuso que su desvinculaci\u00f3n fue consecuencia de un apriete por parte del jefe de la barra brava de Talleres (RE). Seg\u00fan su relato, tras dos encuentros con el referente de la hinchada (el segundo ya residiendo en el club) recibi\u00f3 instrucciones de abandonar la instituci\u00f3n para evitar conflictos mayores: \u201cSiempre para proteger mi persona, mi carrera y sobre todo mi familia\u201d, concluy\u00f3.<\/p>\n<p>Ante estas declaraciones del propio futbolista, la instituci\u00f3n del sur del Gran Buenos Aires a\u00fan no emiti\u00f3 un comunicado oficial sobre el futuro del jugador o para retractar sus dichos sobre una supuesta \u201cdesaparici\u00f3n\u201d.<\/p>\n<p>Fern\u00e1ndez disput\u00f3 apenas cuatro encuentros con el Albirrojo (todos con derrota) desde su arribo a la instituci\u00f3n en mayo de este a\u00f1o, antes de dejar de asistir a las pr\u00e1cticas tras sufrir una lesi\u00f3n.<\/p>\n<p>Su \u00faltimo partido fue el 14 de junio en la ca\u00edda como local ante Central Norte de Salta por la decimooctava fecha de la segunda divisi\u00f3n del f\u00fatbol argentino. El ex Racing tambi\u00e9n jug\u00f3 ante Chaco For Ever, Mitre (SdE) y Almirante Brown, equipo frente al cual marc\u00f3 un gol.<\/p>\n<p><!-- Live Blog Post --><\/div>\n<p><a href=\"https:\/\/www.pagina12.com.ar\/845762-brian-fernandez-denuncio-un-apriete-de-la-barra-de-talleres-\">source<\/a><\/p>\n","protected":false},"excerpt":{"rendered":"<p>El delantero Brian Fern\u00e1ndez desminti\u00f3 a la dirigencia del club Talleres de Remedios de Escalada,&#8230;<\/p>\n","protected":false},"author":3,"featured_media":22837,"comment_status":"closed","ping_status":"closed","sticky":false,"template":"","format":"standard","meta":{"footnotes":""},"categories":[21],"tags":[],"class_list":["post-22836","post","type-post","status-publish","format-standard","has-post-thumbnail","hentry","category-deportes"],"featured_image_urls":{"full":["https:\/\/fmamiga909.com.ar\/wp-content\/uploads\/2025\/07\/wp-header-logo-331.png",960,540,false],"thumbnail":["https:\/\/fmamiga909.com.ar\/wp-content\/uploads\/2025\/07\/wp-header-logo-331-150x150.png",150,150,true],"medium":["https:\/\/fmamiga909.com.ar\/wp-content\/uploads\/2025\/07\/wp-header-logo-331-300x169.png",300,169,true],"medium_large":["https:\/\/fmamiga909.com.ar\/wp-content\/uploads\/2025\/07\/wp-header-logo-331.png",960,540,false],"large":["https:\/\/fmamiga909.com.ar\/wp-content\/uploads\/2025\/07\/wp-header-logo-331.png",640,360,false],"1536x1536":["https:\/\/fmamiga909.com.ar\/wp-content\/uploads\/2025\/07\/wp-header-logo-331.png",960,540,false],"2048x2048":["https:\/\/fmamiga909.com.ar\/wp-content\/uploads\/2025\/07\/wp-header-logo-331.png",960,540,false],"newsium-slider-full":["https:\/\/fmamiga909.com.ar\/wp-content\/uploads\/2025\/07\/wp-header-logo-331.png",960,540,false],"newsium-featured":["https:\/\/fmamiga909.com.ar\/wp-content\/uploads\/2025\/07\/wp-header-logo-331.png",960,540,false],"newsium-medium":["https:\/\/fmamiga909.com.ar\/wp-content\/uploads\/2025\/07\/wp-header-logo-331-720x475.png",720,475,true]},"author_info":{"display_name":"Fredy Giuliano","author_link":"https:\/\/fmamiga909.com.ar\/?author=3"},"category_info":"<a href=\"https:\/\/fmamiga909.com.ar\/?cat=21\" rel=\"category\">Deportes<\/a>","tag_info":"Deportes","comment_count":"0","_links":{"self":[{"href":"https:\/\/fmamiga909.com.ar\/index.php?rest_route=\/wp\/v2\/posts\/22836","targetHints":{"allow":["GET"]}}],"collection":[{"href":"https:\/\/fmamiga909.com.ar\/index.php?rest_route=\/wp\/v2\/posts"}],"about":[{"href":"https:\/\/fmamiga909.com.ar\/index.php?rest_route=\/wp\/v2\/types\/post"}],"author":[{"embeddable":true,"href":"https:\/\/fmamiga909.com.ar\/index.php?rest_route=\/wp\/v2\/users\/3"}],"replies":[{"embeddable":true,"href":"https:\/\/fmamiga909.com.ar\/index.php?rest_route=%2Fwp%2Fv2%2Fcomments&post=22836"}],"version-history":[{"count":0,"href":"https:\/\/fmamiga909.com.ar\/index.php?rest_route=\/wp\/v2\/posts\/22836\/revisions"}],"wp:featuredmedia":[{"embeddable":true,"href":"https:\/\/fmamiga909.com.ar\/index.php?rest_route=\/wp\/v2\/media\/22837"}],"wp:attachment":[{"href":"https:\/\/fmamiga909.com.ar\/index.php?rest_route=%2Fwp%2Fv2%2Fmedia&parent=22836"}],"wp:term":[{"taxonomy":"category","embeddable":true,"href":"https:\/\/fmamiga909.com.ar\/index.php?rest_route=%2Fwp%2Fv2%2Fcategories&post=22836"},{"taxonomy":"post_tag","embeddable":true,"href":"https:\/\/fmamiga909.com.ar\/index.php?rest_route=%2Fwp%2Fv2%2Ftags&post=22836"}],"curies":[{"name":"wp","href":"https:\/\/api.w.org\/{rel}","templated":true}]}}